{"id":161833,"date":"2025-06-08T21:51:09","date_gmt":"2025-06-08T21:51:09","guid":{"rendered":"https:\/\/www.europesays.com\/fr\/161833\/"},"modified":"2025-06-08T21:51:09","modified_gmt":"2025-06-08T21:51:09","slug":"des-chercheurs-decouvrent-un-legume-qui-pourrait-tuer-des-cellules-cancereuses","status":"publish","type":"post","link":"https:\/\/www.europesays.com\/fr\/161833\/","title":{"rendered":"Des chercheurs d\u00e9couvrent un l\u00e9gume qui pourrait \u201ctuer des cellules canc\u00e9reuses\u201d"},"content":{"rendered":"<p>Le cancer de la prostate est le plus fr\u00e9quent chez l\u2019homme. Plus de 8 500 personnes en meurent chaque ann\u00e9e en France. Il touche la prostate, une glande qui fait partie de l\u2019appareil reproducteur masculin. Elle est situ\u00e9e sous la vessie et entoure l\u2019ur\u00e8tre. Le r\u00f4le de la prostate est de produire le liquide prostatique et de stocker le sperme avant l\u2019\u00e9jaculation. L&rsquo;alimentation riche en mati\u00e8res grasses, la consommation de viande rouge, le tabac et les ant\u00e9c\u00e9dents familiaux de cancer de la prostate font partie des principaux facteurs de risque. Chez la plupart des hommes, ce cancer est traitable. Cependant, dans certains cas, il r\u00e9siste \u00e0 toutes les th\u00e9rapies. Une \u00e9tude publi\u00e9e dans la revue Science, men\u00e9e par le Cold Spring Harbor Laboratory (CSHL) laisse entrevoir une solution potentiellement r\u00e9volutionnaire. Il semblerait que le suppl\u00e9ment pro-oxydant m\u00e9nadione serait capable de ralentir la progression du cancer de la prostate chez la souris. Ce suppl\u00e9ment est un pr\u00e9curseur de la vitamine K, que l&rsquo;on trouve couramment dans les l\u00e9gumes \u00e0 feuilles vertes. Le premier essai, qui a port\u00e9 sur 35 000 hommes au d\u00e9part, devait durer jusqu&rsquo;\u00e0 12 ans -il a finalement dur\u00e9 deux d\u00e9cennies et a demand\u00e9 la participation de souris.<\/p>\n<p><b>La m\u00e9nadione a perturb\u00e9 les processus de survie du cancer<\/b><\/p>\n<p>Au d\u00e9part, le National Cancer Institute a cherch\u00e9 \u00e0 d\u00e9terminer si un suppl\u00e9ment de vitamine E pouvait traiter ou pr\u00e9venir avec succ\u00e8s le cancer de la prostate. (&#8230;)<\/p>\n<p><a href=\"https:\/\/www.topsante.com\/medecine\/cancers\/cancer_de_la_prostate\/des-chercheurs-decouvrent-un-legume-qui-pourrait-tuer-des-cellules-cancereuses-896179?utm_campaign=partenariat&amp;utm_source=yahoo-articles&amp;utm_medium=flux\" rel=\"nofollow noopener\" target=\"_blank\" data-ylk=\"slk:Lire la suite sur Top Sant\u00e9;elm:context_link;itc:0;sec:content-canvas\" class=\"link \">Lire la suite sur Top Sant\u00e9<\/a><\/p>\n<p><a href=\"https:\/\/www.topsante.com\/medecine\/maladies_neurologiques\/alzheimer\/peu-de-personnes-le-savent-mais-alzheimer-ce-nest-pas-uniquement-des-pertes-de-memoire-une-experte-partage-un-autre-symptome-inquietant-917464?utm_campaign=partenariat&amp;utm_source=yahoo-articles&amp;utm_medium=flux\" rel=\"nofollow noopener\" target=\"_blank\" data-ylk=\"slk:Peu de personnes le savent mais Alzheimer ce n&#039;est pas uniquement des pertes de m\u00e9moire : une experte partage un autre sympt\u00f4me inqui\u00e9tant;elm:context_link;itc:0;sec:content-canvas\" class=\"link \">Peu de personnes le savent mais Alzheimer ce n&rsquo;est pas uniquement des pertes de m\u00e9moire : une experte partage un autre sympt\u00f4me inqui\u00e9tant<\/a><br \/><a href=\"https:\/\/www.topsante.com\/nutrition_et_recettes\/cuisiner-sainement\/air-fryer-faut-il-vraiment-en-acheter-un-ce-que-les-fabricants-ne-precisent-jamais-917493?utm_campaign=partenariat&amp;utm_source=yahoo-articles&amp;utm_medium=flux\" rel=\"nofollow noopener\" target=\"_blank\" data-ylk=\"slk:Air-fryer : faut-il vraiment en acheter un ? Ce que les fabricants ne pr\u00e9cisent jamais;elm:context_link;itc:0;sec:content-canvas\" class=\"link \">Air-fryer : faut-il vraiment en acheter un ? Ce que les fabricants ne pr\u00e9cisent jamais<\/a><br \/><a href=\"https:\/\/www.topsante.com\/medecine\/maladies_neurologiques\/alzheimer\/je-suis-neurologue-et-jevite-cette-boisson-que-tout-le-monde-prend-pour-preserver-mon-cerveau-917418?utm_campaign=partenariat&amp;utm_source=yahoo-articles&amp;utm_medium=flux\" rel=\"nofollow noopener\" target=\"_blank\" data-ylk=\"slk:\u201cJe suis neurologue et j\u2019\u00e9vite cette boisson que tout le monde prend pour pr\u00e9server mon cerveau\u201d;elm:context_link;itc:0;sec:content-canvas\" class=\"link \">\u201cJe suis neurologue et j\u2019\u00e9vite cette boisson que tout le monde prend pour pr\u00e9server mon cerveau\u201d<\/a><br \/><a href=\"https:\/\/www.topsante.com\/medecines_douces\/phytotherapie\/une-herbe-aromatique-que-vous-avez-surement-dans-vos-placards-est-associee-a-une-meilleure-memoire-917509?utm_campaign=partenariat&amp;utm_source=yahoo-articles&amp;utm_medium=flux\" rel=\"nofollow noopener\" target=\"_blank\" data-ylk=\"slk:Une herbe aromatique que vous avez s\u00fbrement dans vos placards est associ\u00e9e \u00e0 une meilleure m\u00e9moire;elm:context_link;itc:0;sec:content-canvas\" class=\"link \">Une herbe aromatique que vous avez s\u00fbrement dans vos placards est associ\u00e9e \u00e0 une meilleure m\u00e9moire<\/a><br \/><a href=\"https:\/\/www.topsante.com\/medecine\/cancers\/cancer_colorectal\/avoir-de-la-graisse-a-cet-endroit-augmenterait-le-risque-de-cancer-colorectal-de-30-a-50-917506?utm_campaign=partenariat&amp;utm_source=yahoo-articles&amp;utm_medium=flux\" rel=\"nofollow noopener\" target=\"_blank\" data-ylk=\"slk:Avoir de la graisse \u00e0 cet endroit augmenterait le risque de cancer colorectal de 30 % \u00e0 50 %;elm:context_link;itc:0;sec:content-canvas\" class=\"link \">Avoir de la graisse \u00e0 cet endroit augmenterait le risque de cancer colorectal de 30 % \u00e0 50 %<\/a><\/p>\n","protected":false},"excerpt":{"rendered":"Le cancer de la prostate est le plus fr\u00e9quent chez l\u2019homme. Plus de 8 500 personnes en meurent&hellip;\n","protected":false},"author":2,"featured_media":161834,"comment_status":"","ping_status":"","sticky":false,"template":"","format":"standard","meta":{"footnotes":""},"categories":[10],"tags":[5474,29422,23188,1011,27,72,29421,71],"class_list":{"0":"post-161833","1":"post","2":"type-post","3":"status-publish","4":"format-standard","5":"has-post-thumbnail","7":"category-sante","8":"tag-cancer-de-la-prostate","9":"tag-cold-spring-harbor-laboratory","10":"tag-consommation-de-viande","11":"tag-fr","12":"tag-france","13":"tag-health","14":"tag-lappareil-reproducteur","15":"tag-sante"},"share_on_mastodon":{"url":"https:\/\/pubeurope.com\/@fr\/114649961774224550","error":""},"_links":{"self":[{"href":"https:\/\/www.europesays.com\/fr\/wp-json\/wp\/v2\/posts\/161833","targetHints":{"allow":["GET"]}}],"collection":[{"href":"https:\/\/www.europesays.com\/fr\/wp-json\/wp\/v2\/posts"}],"about":[{"href":"https:\/\/www.europesays.com\/fr\/wp-json\/wp\/v2\/types\/post"}],"author":[{"embeddable":true,"href":"https:\/\/www.europesays.com\/fr\/wp-json\/wp\/v2\/users\/2"}],"replies":[{"embeddable":true,"href":"https:\/\/www.europesays.com\/fr\/wp-json\/wp\/v2\/comments?post=161833"}],"version-history":[{"count":0,"href":"https:\/\/www.europesays.com\/fr\/wp-json\/wp\/v2\/posts\/161833\/revisions"}],"wp:featuredmedia":[{"embeddable":true,"href":"https:\/\/www.europesays.com\/fr\/wp-json\/wp\/v2\/media\/161834"}],"wp:attachment":[{"href":"https:\/\/www.europesays.com\/fr\/wp-json\/wp\/v2\/media?parent=161833"}],"wp:term":[{"taxonomy":"category","embeddable":true,"href":"https:\/\/www.europesays.com\/fr\/wp-json\/wp\/v2\/categories?post=161833"},{"taxonomy":"post_tag","embeddable":true,"href":"https:\/\/www.europesays.com\/fr\/wp-json\/wp\/v2\/tags?post=161833"}],"curies":[{"name":"wp","href":"https:\/\/api.w.org\/{rel}","templated":true}]}}