{"id":161843,"date":"2025-06-08T21:56:09","date_gmt":"2025-06-08T21:56:09","guid":{"rendered":"https:\/\/www.europesays.com\/fr\/161843\/"},"modified":"2025-06-08T21:56:09","modified_gmt":"2025-06-08T21:56:09","slug":"un-avion-transportant-20-personnes-secrase-aux-etats-unis-sans-faire-de-mort","status":"publish","type":"post","link":"https:\/\/www.europesays.com\/fr\/161843\/","title":{"rendered":"Un avion transportant 20 personnes s&rsquo;\u00e9crase aux \u00c9tats-Unis sans faire de mort"},"content":{"rendered":"<p>Plusieurs passagers qui se trouvaient \u00e0 bord \u00abont \u00e9t\u00e9 \u00e9vacu\u00e9s par h\u00e9licopt\u00e8re vers des h\u00f4pitaux de proximit\u00e9\u00bb, a indiqu\u00e9 le porte-parole de la police locale.<\/p>\n<p class=\"fig-paragraph\">Un avion transportant 20 personnes s\u2019est \u00e9cras\u00e9 dimanche dans l\u2019\u00c9tat am\u00e9ricain du\u00a0<a href=\"http:\/\/www.lefigaro.fr\/flash-actu\/etats-unis-un-condamne-pour-triple-meurtre-execute-par-injection-letale-dans-le-tennessee-20250522\" data-fig-type=\"NewsFlash\" data-gtm-custom-categorie=\"navigation\" data-gtm-custom-action=\"crossclick\" data-gtm-custom-label=\"Contextuel\" data-gtm-event=\"customEventSPE\" data-fig-domain=\"LEFIGARO\" rel=\"nofollow noopener\" target=\"_blank\">Tennessee\u00a0<\/a>mais aucun passager n\u2019est mort, plusieurs d\u2019entre eux ayant toutefois \u00e9t\u00e9 h\u00e9liport\u00e9s vers des h\u00f4pitaux, selon les autorit\u00e9s locales. \u00abIl n\u2019y a pas eu de victime\u00bb, a d\u00e9clar\u00e9 dans un communiqu\u00e9, Lyle Russell, porte-parole de la ville de Tullahoma, o\u00f9 s\u2019est produit l\u2019accident. Il a pr\u00e9cis\u00e9 que 20 passagers et membres d\u2019\u00e9quipage se trouvaient \u00e0 bord de l\u2019appareil, un bimoteur \u00e0 h\u00e9lices DeHaviland DH-6 Twin Otter.<\/p>\n<p class=\"fig-paragraph\">\u00abTrois personnes ont \u00e9t\u00e9 \u00e9vacu\u00e9es par h\u00e9licopt\u00e8re pour recevoir des soins m\u00e9dicaux, et une autre a \u00e9t\u00e9 transport\u00e9e par la route pour des blessures plus graves\u00bb, a indiqu\u00e9 le porte-parole, ajoutant que \u00abd\u2019autres blessures mineures ont \u00e9t\u00e9 prises en charge sur place par les premiers secours\u00bb.<\/p>\n<p>Pratique du parachutisme<\/p>\n<p class=\"fig-paragraph\">L\u2019appareil s\u2019est \u00e9cras\u00e9 peu de temps apr\u00e8s avoir d\u00e9coll\u00e9 de l\u2019a\u00e9roport r\u00e9gional de Tullahoma, dans le Tennessee, vers 12h45 heure locale (19h45 heure fran\u00e7aise), selon le r\u00e9gulateur de l\u2019aviation am\u00e9ricaine, la FAA. Lyle Russell a pr\u00e9cis\u00e9 qu\u2019\u00abaucune installation au sol ni infrastructure de l\u2019a\u00e9roport n\u2019a \u00e9t\u00e9 endommag\u00e9e\u00bb.<\/p>\n<p class=\"fig-paragraph\">Sur les r\u00e9seaux sociaux, des photographies montraient un petit avion blanc endommag\u00e9 dans l\u2019herbe. Une des ailes semble avoir \u00e9t\u00e9 arrach\u00e9e et la queue de l\u2019appareil semble cass\u00e9e. Selon des m\u00e9dias locaux, cet avion \u00e9tait utilis\u00e9 pour la pratique du parachutisme.<\/p>\n","protected":false},"excerpt":{"rendered":"Plusieurs passagers qui se trouvaient \u00e0 bord \u00abont \u00e9t\u00e9 \u00e9vacu\u00e9s par h\u00e9licopt\u00e8re vers des h\u00f4pitaux de proximit\u00e9\u00bb, a&hellip;\n","protected":false},"author":2,"featured_media":161844,"comment_status":"","ping_status":"","sticky":false,"template":"","format":"standard","meta":{"footnotes":""},"categories":[5],"tags":[259,11,260,37,1011,27,14,261,12,262,29423,28],"class_list":{"0":"post-161843","1":"post","2":"type-post","3":"status-publish","4":"format-standard","5":"has-post-thumbnail","7":"category-international","8":"tag-actualite-internationale","9":"tag-actualites","10":"tag-affaires-etrangeres","11":"tag-avion","12":"tag-fr","13":"tag-france","14":"tag-international","15":"tag-ministere-des-affaires-etrangeres","16":"tag-news","17":"tag-politique-etrangere","18":"tag-tennessee","19":"tag-world"},"share_on_mastodon":{"url":"https:\/\/pubeurope.com\/@fr\/114649981543063590","error":""},"_links":{"self":[{"href":"https:\/\/www.europesays.com\/fr\/wp-json\/wp\/v2\/posts\/161843","targetHints":{"allow":["GET"]}}],"collection":[{"href":"https:\/\/www.europesays.com\/fr\/wp-json\/wp\/v2\/posts"}],"about":[{"href":"https:\/\/www.europesays.com\/fr\/wp-json\/wp\/v2\/types\/post"}],"author":[{"embeddable":true,"href":"https:\/\/www.europesays.com\/fr\/wp-json\/wp\/v2\/users\/2"}],"replies":[{"embeddable":true,"href":"https:\/\/www.europesays.com\/fr\/wp-json\/wp\/v2\/comments?post=161843"}],"version-history":[{"count":0,"href":"https:\/\/www.europesays.com\/fr\/wp-json\/wp\/v2\/posts\/161843\/revisions"}],"wp:featuredmedia":[{"embeddable":true,"href":"https:\/\/www.europesays.com\/fr\/wp-json\/wp\/v2\/media\/161844"}],"wp:attachment":[{"href":"https:\/\/www.europesays.com\/fr\/wp-json\/wp\/v2\/media?parent=161843"}],"wp:term":[{"taxonomy":"category","embeddable":true,"href":"https:\/\/www.europesays.com\/fr\/wp-json\/wp\/v2\/categories?post=161843"},{"taxonomy":"post_tag","embeddable":true,"href":"https:\/\/www.europesays.com\/fr\/wp-json\/wp\/v2\/tags?post=161843"}],"curies":[{"name":"wp","href":"https:\/\/api.w.org\/{rel}","templated":true}]}}