{"id":161847,"date":"2025-06-08T21:58:09","date_gmt":"2025-06-08T21:58:09","guid":{"rendered":"https:\/\/www.europesays.com\/fr\/161847\/"},"modified":"2025-06-08T21:58:09","modified_gmt":"2025-06-08T21:58:09","slug":"les-u19-du-psg-conservent-leur-titre-de-champion-de-france","status":"publish","type":"post","link":"https:\/\/www.europesays.com\/fr\/161847\/","title":{"rendered":"Les U19 du PSG conservent leur titre de champion de France"},"content":{"rendered":"<p><img width=\"700\" height=\"350\" src=\"https:\/\/www.europesays.com\/fr\/wp-content\/uploads\/2025\/06\/U19-PSG.jpg\" class=\"attachment-jannah-image-post size-jannah-image-post wp-post-image\" alt=\"U19 psg\" is_main_img=\"1\" decoding=\"async\" fetchpriority=\"high\"  \/><br \/>\n Image :<br \/>\npsg.fr<\/p>\n<p>Oppos\u00e9s au FC Nantes en finale du championnat de France U19,<br \/>\nles Titis du PSG conservent leur titre apr\u00e8s une victoire<br \/>\nrenversante (2-1).<\/p>\n<p>Apr\u00e8s des belles victoires face \u00e0 <strong>Sochaux<\/strong> (5-1)<br \/>\net le <strong>SM Caen<\/strong> (4-2) aux tours pr\u00e9c\u00e9dents, les<br \/>\n<strong>U19 du PSG<\/strong> affrontaient un gros morceau en finale<br \/>\ndu <strong><a href=\"https:\/\/www.fff.fr\/competition\/engagement\/424926-championnat-national-u19\/phase\/1\/index.html\" target=\"_blank\" rel=\"noopener nofollow\" title=\"\">championnat<br \/>\nU19<\/a><\/strong>, au <strong>Puy-en-Velay<\/strong><br \/>\n(<strong>Haute-Loire<\/strong>). Tenant du titre, les Parisiens<br \/>\nd\u00e9fiaient le <strong>FC Nantes<\/strong>, d\u00e9j\u00e0 vainqueur en 2023<br \/>\nface aux Rouge &amp; Bleu. Pour cette rencontre, le coach<br \/>\n<strong>Thomas Leyssales<\/strong> pouvait compter sur un groupe<br \/>\nexp\u00e9riment\u00e9 avec les pr\u00e9sences d\u2019<strong><a href=\"https:\/\/canal-supporters.com\/mercato-en-toute-discretion-axel-tape-sest-engage-avec-le-bayer-leverkusen\/\" title=\"\" rel=\"nofollow noopener\" target=\"_blank\">Axel Tape<\/a><\/strong>, en partance pour le <strong>Bayer<br \/>\nLeverkusen<\/strong>, ou encore <strong>Noham Kamara<\/strong>,<br \/>\n<strong>Yoram Zague<\/strong> et <strong>Naoufel El<br \/>\nHannach<\/strong>. Seul <strong>Ibrahim Mbaye<\/strong> manquait \u00e0<br \/>\nl\u2019appel en raison de sa convocation avec <strong>l\u2019\u00e9quipe de France<br \/>\nU20<\/strong>.<\/p>\n<p>Et dans cette finale pour d\u00e9fendre son titre, les <strong>U19 du<br \/>\nPSG<\/strong> sont bien rentr\u00e9s dans leur rencontre en se procurant<br \/>\nquelques situations. Cependant, les jeunes parisiens ont \u00e9t\u00e9 punis<br \/>\npar l\u2019ouverture du score des Canaris sign\u00e9e<br \/>\n<strong>Moustapha Dabo<\/strong> (0-1, 20e). Mais, les Titis n\u2019ont<br \/>\npas dout\u00e9 longtemps et ont rapidement \u00e9galis\u00e9 par l\u2019interm\u00e9diaire<br \/>\nde <strong><a href=\"https:\/\/canal-supporters.com\/zague-signer-pro-dans-son-club-de-coeur-une-fierte-et-un-honneur\/\" title=\"\" rel=\"nofollow noopener\" target=\"_blank\">Yoram Zague<\/a><\/strong> (1-1, 22e). Dans un match<br \/>\ndisput\u00e9, la finale a tourn\u00e9 en faveur des tenants du titre dans les<br \/>\nderni\u00e8res minutes. Le capitaine <strong>Oumar Camara<\/strong> a<br \/>\nd\u00e9livr\u00e9 sa formation \u00e0 dix minutes du terme (2-1, 80e). Une belle<br \/>\nrevanche pour les <strong>U19 du PSG<\/strong> apr\u00e8s leur d\u00e9faite<br \/>\nface au <strong>FC Nantes<\/strong> en 2023. Avec ce succ\u00e8s (2-1),<br \/>\nles Titis parisiens conservent leur titre en championnat U19.<\/p>\n<ul class=\"wp-block-list\">\n<li>Le XI du <strong>PSG<\/strong> : Vignaud, Zague (Batbedat, 90\u2019+2), El Hannach, Kamara, Tape \u2013 Fanne Dram\u00e9, Cordier, Diaby, Camara (c) (Ayari, 90\u2019+2) \u2013 Ndjantou Mbithca (Jangeal), Nsoki (Mounguengue, 71e).<\/li>\n<\/ul>\n<blockquote class=\"twitter-tweet\">\n<p lang=\"fr\" dir=\"ltr\">\u00c9galisation imm\u00e9diate de Yoram Zague pour le<br \/>\n<a href=\"https:\/\/twitter.com\/PSG_inside?ref_src=twsrc%5Etfw\" rel=\"nofollow noopener\" target=\"_blank\">@PSG_inside<\/a><br \/>\n!<br \/>1-1 dans cette Finale des Championnats de France U19<\/p>\n<p>Suivez le match en direct sur <a href=\"https:\/\/t.co\/oAZUDwsUPU\" rel=\"nofollow\">https:\/\/t.co\/oAZUDwsUPU<\/a> <a href=\"https:\/\/t.co\/m4znHDaTa2\" rel=\"nofollow\">pic.twitter.com\/m4znHDaTa2<\/a><\/p>\n<p>\u2014 FFFtv (@FFFtv_officiel) <a href=\"https:\/\/twitter.com\/FFFtv_officiel\/status\/1931704362717372847?ref_src=twsrc%5Etfw\" rel=\"nofollow noopener\" target=\"_blank\"><br \/>\nJune 8, 2025<\/a><\/p><\/blockquote>\n<blockquote class=\"twitter-tweet\">\n<p lang=\"fr\" dir=\"ltr\">Le capitaine Oumar Camara donne l\u2019avantage<br \/>\nau <a href=\"https:\/\/twitter.com\/PSG_inside?ref_src=twsrc%5Etfw\" rel=\"nofollow noopener\" target=\"_blank\">@PSG_inside<\/a><br \/>\n! 2-1 \u00e0 10 minutes de la fin du match<\/p>\n<p>Suivez le match en direct sur <a href=\"https:\/\/t.co\/oAZUDwsUPU\" rel=\"nofollow\">https:\/\/t.co\/oAZUDwsUPU<\/a> <a href=\"https:\/\/t.co\/5rXokhUH9k\" rel=\"nofollow\">pic.twitter.com\/5rXokhUH9k<\/a><\/p>\n<p>\u2014 FFFtv (@FFFtv_officiel) <a href=\"https:\/\/twitter.com\/FFFtv_officiel\/status\/1931723222912741596?ref_src=twsrc%5Etfw\" rel=\"nofollow noopener\" target=\"_blank\"><br \/>\nJune 8, 2025<\/a><\/p><\/blockquote>\n<p>Youtube :<br \/>\n<strong><a href=\"https:\/\/www.youtube.com\/@CanalSupportersParis\" target=\"_blank\" rel=\"noopener nofollow\" title=\"\">Canal Supporters<br \/>\nParis<\/a><\/strong><\/p>\n<p><script async src=\"https:\/\/platform.twitter.com\/widgets.js\" charset=\"utf-8\"><\/script><\/p>\n","protected":false},"excerpt":{"rendered":"Image : psg.fr Oppos\u00e9s au FC Nantes en finale du championnat de France U19, les Titis du PSG&hellip;\n","protected":false},"author":2,"featured_media":161848,"comment_status":"","ping_status":"","sticky":false,"template":"","format":"standard","meta":{"footnotes":""},"categories":[2],"tags":[11,81,29424,787,29425,1011,27,12,29426,91,92,93,29427,1619,29428,29429],"class_list":{"0":"post-161847","1":"post","2":"type-post","3":"status-publish","4":"format-standard","5":"has-post-thumbnail","7":"category-actualites","8":"tag-actualites","9":"tag-canal-supporters","10":"tag-championnat-u19","11":"tag-cs","12":"tag-finale-u19","13":"tag-fr","14":"tag-france","15":"tag-news","16":"tag-oumar-camara","17":"tag-paris-saint-germain","18":"tag-paris-sg","19":"tag-psg","20":"tag-psg-nantes","21":"tag-titis-psg","22":"tag-u19-psg","23":"tag-yoram-zague"},"share_on_mastodon":{"url":"https:\/\/pubeurope.com\/@fr\/114649989345513220","error":""},"_links":{"self":[{"href":"https:\/\/www.europesays.com\/fr\/wp-json\/wp\/v2\/posts\/161847","targetHints":{"allow":["GET"]}}],"collection":[{"href":"https:\/\/www.europesays.com\/fr\/wp-json\/wp\/v2\/posts"}],"about":[{"href":"https:\/\/www.europesays.com\/fr\/wp-json\/wp\/v2\/types\/post"}],"author":[{"embeddable":true,"href":"https:\/\/www.europesays.com\/fr\/wp-json\/wp\/v2\/users\/2"}],"replies":[{"embeddable":true,"href":"https:\/\/www.europesays.com\/fr\/wp-json\/wp\/v2\/comments?post=161847"}],"version-history":[{"count":0,"href":"https:\/\/www.europesays.com\/fr\/wp-json\/wp\/v2\/posts\/161847\/revisions"}],"wp:featuredmedia":[{"embeddable":true,"href":"https:\/\/www.europesays.com\/fr\/wp-json\/wp\/v2\/media\/161848"}],"wp:attachment":[{"href":"https:\/\/www.europesays.com\/fr\/wp-json\/wp\/v2\/media?parent=161847"}],"wp:term":[{"taxonomy":"category","embeddable":true,"href":"https:\/\/www.europesays.com\/fr\/wp-json\/wp\/v2\/categories?post=161847"},{"taxonomy":"post_tag","embeddable":true,"href":"https:\/\/www.europesays.com\/fr\/wp-json\/wp\/v2\/tags?post=161847"}],"curies":[{"name":"wp","href":"https:\/\/api.w.org\/{rel}","templated":true}]}}