{"id":16185,"date":"2025-04-11T00:39:12","date_gmt":"2025-04-11T00:39:12","guid":{"rendered":"https:\/\/www.europesays.com\/fr\/16185\/"},"modified":"2025-04-11T00:39:12","modified_gmt":"2025-04-11T00:39:12","slug":"ce-sera-lusine-du-siecle-pour-lagglomeration","status":"publish","type":"post","link":"https:\/\/www.europesays.com\/fr\/16185\/","title":{"rendered":"ce sera l&rsquo;usine du si\u00e8cle pour l&rsquo;agglom\u00e9ration"},"content":{"rendered":"<p>            Par<br \/>\n        <strong><br \/>\n            <a href=\"https:\/\/actu.fr\/auteur\/david-saint-sernin\" title=\"Consulter tous les articles de David Saint-Sernin\" rel=\"nofollow noopener\" target=\"_blank\">David Saint-Sernin<\/a><br \/>\n        <\/strong><\/p>\n<p>        Publi\u00e9 le<\/p>\n<p>            9 avr. 2025 \u00e0 16h37        <\/p>\n<p>C\u2019est \u00ab\u2009l\u2019usine du si\u00e8cle\u2009\u00bb qui va \u00eatre construite au Sud-Ouest de<a href=\"https:\/\/actu.fr\/toulouse\/\" rel=\"nofollow noopener\" target=\"_blank\"> Toulouse<\/a> d\u00e8s les prochaines ann\u00e9es. \u00ab\u2009Usine du si\u00e8cle\u2009\u00bb car c\u2019est \u00e0 cet endroit que les d\u00e9chets des habitants de l\u2019agglom\u00e9ration vont \u00eatre trait\u00e9s <strong>jusqu\u2019\u00e0 horizon 2080<\/strong>. La dur\u00e9e de vie d\u2019un incin\u00e9rateur est, en effet, d\u2019environ 45 ans.<\/p>\n<p class=\" wall-content\">Mercredi 9 avril 2025, Decoset, le syndicat mixte de gestion des d\u00e9chets dans l\u2019agglom\u00e9ration de Toulouse, pr\u00e9sente cette future \u00ab\u2009Unit\u00e9 de Valorisation \u00c9nerg\u00e9tique\u2009\u00bb (UVE), qui va \u00eatre construite en lieu et place de <a href=\"https:\/\/actu.fr\/occitanie\/toulouse_31555\/toulouse-un-silo-de-25-metres-menacait-de-s-effondrer-les-operations-de-securisation-sont-terminees_47328851.html\" rel=\"nofollow noopener\" target=\"_blank\">l\u2019actuel incin\u00e9rateur du Mirail<\/a>, consid\u00e9r\u00e9 comme le plus polluant de France, et dont la fum\u00e9e qui \u00e9mane de sa chemin\u00e9e<a href=\"https:\/\/actu.fr\/occitanie\/toulouse_31555\/le-saviez-vous-c-est-quoi-ce-gros-panache-de-fumee-visible-a-des-dizaines-de-kilometres-de-toulouse_57627882.html\" rel=\"nofollow noopener\" target=\"_blank\"> est parfois visible \u00e0 40 kilom\u00e8tres \u00e0 la ronde<\/a>.<\/p>\n<p>\u00ab\u00a0Du plus polluant au plus \u00e9cologique\u00a0\u00bb<\/p>\n<p class=\" wall-content\">Cette Unit\u00e9 de Valorisation \u00c9nerg\u00e9tique (UVE) doit \u00eatre construite d\u2019ici 2032. L\u2019ambition est de passer de <a href=\"https:\/\/actu.fr\/occitanie\/toulouse_31555\/toulouse-l-avenir-de-l-incinerateur-du-mirail-est-tranche-voici-la-solution-privilegiee_57863806.html\" rel=\"nofollow noopener\" target=\"_blank\">\u00ab\u2009l\u2019incin\u00e9rateur le plus polluant de France\u2009\u00bb<\/a> \u00e0 l\u2019Unit\u00e9 de Valorisation \u00c9nerg\u00e9tique (UVE) \u00ab\u2009la plus \u00e9cologique de France\u2009\u00bb, dixit <strong>Vincent Terrail-Nov\u00e8s, le pr\u00e9sident de Decoset.<\/strong> Pr\u00e9sentation de ce nouveau site dont le b\u00e2timent ressemblera \u00e0 tout sauf une usine.<\/p>\n<p>450\u00a0millions d\u2019euros investis<\/p>\n<p class=\" wall-content\">C\u2019est l\u2019un des tr\u00e8s gros projets industriels \u00e0 l\u2019\u00e9chelle de l\u2019agglom\u00e9ration de Toulouse. Un gros projet qui va \u00eatre men\u00e9 dans le cadre d\u2019une d\u00e9l\u00e9gation de service public (DSP) d\u2019exploitation de l\u2019UVE du Mirail, mais aussi de l\u2019UVE de Bessi\u00e8res. C\u2019est l\u2019entreprise Suez qui a \u00e9t\u00e9 choisie comme d\u00e9l\u00e9gataire. L\u2019investissement sera partag\u00e9 en fond propre par Suez, la Caisse des D\u00e9p\u00f4ts et Consignations (CDC) et un pr\u00eat remboursable sur 30 ans de Decoset. L\u2019investissement est important\u2009: 450 millions d\u2019euros, dont 150 millions d\u2019euros de Decoset.<\/p>\n<p class=\" wall-content\">Au total, le contrat de DSP, d\u2019un montant de 1,4\u00a0milliard d\u2019euros, pr\u00e9voit la modernisation de l\u2019UVE de Bessi\u00e8res, la reconstruction d\u2019une nouvelle usine \u00e0 Toulouse et l\u2019exploitation de ces deux UVE pour une dur\u00e9e de 20\u00a0ans.<\/p>\n<p class=\" wall-content\">\u00ab\u2009Les deux UVE d\u00e9livreront plus de 220 GWh\/an d\u2019\u00e9lectricit\u00e9 et plus 360 GWh\/an de chaleur. La future UVE de Toulouse couvrira pr\u00e8s de 80\u2009% des besoins <a href=\"https:\/\/actu.fr\/occitanie\/toulouse_31555\/lusine-dincineration-du-mirail-va-alimenter-en-chauffage-de-nouveaux-quartiers-de-toulouse_3606722.html\" rel=\"nofollow noopener\" target=\"_blank\">des r\u00e9seaux de chaleur<\/a> urbains de la ville\u2009\u00bb, indique Suez.<\/p>\n<p>Vid\u00e9os : en ce moment sur ActuLe chantier d\u00e9buterait en 2026<\/p>\n<p class=\" wall-content\">C\u2019est en 2026 que le chantier de la nouvelle usine de Toulouse pourrait d\u00e9buter avec une livraison, au plus t\u00f4t, en 2031. \u00ab\u2009Nous allons construire la nouvelle UVE de Toulouse \u00e0 c\u00f4t\u00e9 de l\u2019usine existante, gr\u00e2ce au d\u00e9placement de l\u2019activit\u00e9 de traitement des m\u00e2chefers (r\u00e9sidus issus de l\u2019incin\u00e9ration des d\u00e9chets dans les usines d\u2019incin\u00e9ration, NDLR). Ce qui nous permettra d\u2019assurer la continuit\u00e9 du service entre\u00a02026 et\u00a02031, notamment la production de chaleur pour le r\u00e9seau de chaleur de Toulouse. Quand la nouvelle UVE sera termin\u00e9e, nous pourrons stopper l\u2019activit\u00e9 de l\u2019actuel incin\u00e9rateur\u2009\u00bb, explique Vincent Terrail-Nov\u00e8s.<\/p>\n<p>Une capacit\u00e9 de traitement \u00e0 la baisse<\/p>\n<p class=\" wall-content\">Alors que selon les estimations, la production de d\u00e9chets par les habitants de l\u2019agglom\u00e9ration doit diminuer ces prochaines ann\u00e9es, Suez assure que l\u2019UVE de Toulouse produira plus d\u2019\u00e9nergie avec moins. L\u2019UVE de Toulouse a \u00e9t\u00e9 calibr\u00e9e pour traiter 240\u2009000\u00a0t\/an soit une capacit\u00e9 r\u00e9duite de 50\u2009000\u00a0t\/an.<\/p>\n<p class=\" wall-content\">Selon Suez, ce sont les avanc\u00e9es technologiques, g\u00e9n\u00e9rant l\u2019am\u00e9lioration du process d\u2019incin\u00e9ration, qui permettra de compenser cette capacit\u00e9 r\u00e9duite. Suez indique que la nouvelle UVE r\u00e9cup\u00e9rera de l\u2019\u00e9nergie l\u00e0 o\u00f9 elle se perd actuellement.<\/p>\n<p>      <img   decoding=\"async\" loading=\"lazy\" src=\"https:\/\/www.europesays.com\/fr\/wp-content\/uploads\/2025\/04\/20220915-141902-960x640.jpg\" alt=\"L'actuel incin\u00e9rateur situ\u00e9 au Mirail.\" width=\"960\" height=\"640\"\/><br \/>\n    L\u2019actuel incin\u00e9rateur situ\u00e9 au Mirail. (\u00a9David Saint-Sernin\/Actu Toulouse)Nouvelles technologies<\/p>\n<p class=\" wall-content\">Et si \u00e0 l\u2019avenir le volume de d\u00e9chets produit \u00e0 l\u2019UVE de Toulouse se trouvait \u00e0 devenir ponctuellement insuffisant pour alimenter le r\u00e9seau de chaleur de Toulouse, des d\u00e9chets, refus\u00e9s au tri s\u00e9lectif \u00e0 Bessi\u00e8res l\u2019\u00e9t\u00e9, seraient renvoy\u00e9s \u00e0 Toulouse l\u2019hiver.<\/p>\n<p class=\" wall-content\">Cette nouvelle UVE verra plusieurs am\u00e9liorations\u2009: \u00ab\u2009le confinement des odeurs avec des filtrations suppl\u00e9mentaires lors des arr\u00eats\u2009\u00bb, \u00ab\u2009le confinement des poussi\u00e8res issues des m\u00e2chefers dans un b\u00e2timent ferm\u00e9\u2009\u00bb et \u00ab\u2009l\u2019absence d\u2019impact du bruit de jour comme de nuit\u2009\u00bb. Autant d\u2019annonces qui seront regard\u00e9es de pr\u00e8s par les riverains, dont certains se sont battus pour que l\u2019incin\u00e9rateur d\u00e9m\u00e9nage en dehors de l\u2019agglom\u00e9ration.<\/p>\n<p class=\" wall-content\">Reconstruire cette UVE sur place, quartier du Mirail\u2026 Ce sc\u00e9nario<a href=\"https:\/\/actu.fr\/occitanie\/toulouse_31555\/toulouse-dechets-l-usine-d-incineration-du-mirail-reconstruite-ailleurs-une-grande-concertation-lancee_53617290.html\" rel=\"nofollow noopener\" target=\"_blank\"> a suscit\u00e9 un vif d\u00e9bat<\/a> en raison des nuisances g\u00e9n\u00e9r\u00e9es par l\u2019actuel incin\u00e9rateur. Il faut dire qu\u2019en 1969, lors de sa construction, l\u2019infrastructure ne se situait pas au coeur des habitations. Comme nombre d\u2019usines \u00e0 Toulouse, elle a \u00e9t\u00e9 entour\u00e9e par l\u2019urbanisation galopante de l\u2019agglom\u00e9ration toulousaine.<\/p>\n<p>Un b\u00e2timent architectural<\/p>\n<p class=\" wall-content\">Pour sa reconstruction, Decoset a voulu un b\u00e2timent qui ne ressemble pas \u00e0 une usine. Le cabinet d\u2019architectes Richez Associ\u00e9s, charg\u00e9 de r\u00e9aliser le nouvel \u00e9difice, a dessin\u00e9 un b\u00e2timent semi-enfoui, donc moins haut que l\u2019actuel, mieux \u00e0 m\u00eame de s\u2019ins\u00e9rer dans un environnement devenu urbain et dans un paysage qui offre un panorama sur la cha\u00eene des Pyr\u00e9n\u00e9es.<\/p>\n<p class=\" wall-content\">Cela donnera ce b\u00e2timent qui, vu de l\u2019ext\u00e9rieur, pourrait aussi bien \u00eatre une salle omnisports, un stade de football ou une salle de concert, si ce n\u2019est la pr\u00e9sence de la chemin\u00e9e, marqueur d\u2019une usine.<\/p>\n<p class=\" wall-content\">\u00ab\u2009Ce projet, retranscrit la volont\u00e9 de r\u00e9concilier la nature industrielle de l\u2019UVE \u00e0 son \u00e9cosyst\u00e8me architectural urbain, paysager et social\u2009\u00bb, explique le cabinet Richez et Assici\u00e9s.<\/p>\n<p>      <img   decoding=\"async\" loading=\"lazy\" src=\"https:\/\/www.europesays.com\/fr\/wp-content\/uploads\/2025\/04\/1733418195928-960x640.jpg\" alt=\"Une partie du foncier de l'actuel incin\u00e9rateur sera plant\u00e9 de dizaines d'arbres et v\u00e9g\u00e9talis\u00e9. \" width=\"960\" height=\"640\"\/><br \/>\n    Une partie du foncier de l\u2019actuel incin\u00e9rateur sera plant\u00e9 de dizaines d\u2019arbres et v\u00e9g\u00e9talis\u00e9. (\u00a9Richez et Associ\u00e9s)Le b\u00e2timent sera ouvert au public<\/p>\n<p class=\" wall-content\">\u00c0 c\u00f4t\u00e9 de l\u2019usine, une Maison des \u00c9nergies verra le jour avec, l\u2019ambition \u00ab\u2009de doter la nouvelle UVE d\u2019un Tiers-Lieu ouvert, p\u00e9dagogique et interactif, en dialogue constant avec la ville et ses habitants\u2009\u00bb, explique le cabinet qui poursuit\u2009:<\/p>\n<p class=\" wall-content\">\u00ab\u2009Ce dialogue commencera avec une fa\u00e7ade \u00e9lanc\u00e9e et pliss\u00e9e de verre, qui jouera avec les reflets et assumera pleinement sa vocation de transparence. Le public pourra voir, et gr\u00e2ce \u00e0 cette ouverture, chacun sera invit\u00e9 \u00e0 comprendre ce qui se passe \u00e0 l\u2019int\u00e9rieur\u2009\u00bb.<\/p>\n<p>      <img   decoding=\"async\" loading=\"lazy\" src=\"https:\/\/www.europesays.com\/fr\/wp-content\/uploads\/2025\/04\/1742226629168-960x640.jpg\" alt=\"La Maison des Energies avec sa fa\u00e7ade pliss\u00e9e, dont l'architecture vise rendre le site encore plus transparent. \" width=\"960\" height=\"640\"\/><br \/>\n    La Maison des Energies avec sa fa\u00e7ade pliss\u00e9e, dont l\u2019architecture vise rendre le site encore plus transparent. (\u00a9Richez et Associ\u00e9s)<\/p>\n<p class=\" wall-content\">Un parcours d\u00e9couverte sera cr\u00e9\u00e9 dans le b\u00e2timent, avant de s\u2019\u00e9tendre au c\u0153ur de l\u2019\u00e9quipement, via des passerelles en plein air et des plateformes p\u00e9dagogiques, donnant une vision globale et sensible du cycle de valorisation \u00e9nerg\u00e9tique.<\/p>\n<p>Le calendrier<\/p>\n<p class=\" wall-content\">Apr\u00e8s la pr\u00e9sentation au public ce mercredi soir, le projet va marquer une pause en raison des \u00e9lections qui se profilent.<\/p>\n<p class=\" wall-content\">L\u2019enqu\u00eate publique sera organis\u00e9e en 2026. Si le projet, tel qu\u2019il a \u00e9t\u00e9 con\u00e7u, obtient sa d\u00e9claration d\u2019utilit\u00e9 publique, le chantier sera lanc\u00e9 en 2026\u00a0ou d\u00e9but 2027. Pour une mise en service, au plus t\u00f4t, en 2031.<\/p>\n<p>    <a href=\"https:\/\/www.google.com\/maps\/embed?pb=!1m14!1m8!1m3!1d92463.80362546665!2d1.4073064275868044!3d43.59625527703348!3m2!1i1024!2i768!4f13.1!3m3!1m2!1s0x12aeba2ea3c0fc9f%3A0x6c2c1977000e619!2sEVONEO%20TOULOUSE!5e0!3m2!1sfr!2sfr!4v1744206820863!5m2!1sfr!2sfr\" title=\"Ouvrie le lien\" rel=\"nofollow noopener\" target=\"_blank\">Cliquez ici pour visualiser le contenu<\/a><\/p>\n<p class=\" wall-content\">Suivez toute l\u2019actualit\u00e9 de vos villes et m\u00e9dias favoris en vous inscrivant \u00e0 <a href=\"https:\/\/moncompte.actu.fr\" title=\"D\u00e9couvez Mon Actu\" rel=\"nofollow noopener\" data-trk=\"{&quot;cta&quot;:{&quot;action&quot;:&quot;https:\\\/\\\/moncompte.actu.fr&quot;,&quot;category&quot;:&quot;mon compte&quot;,&quot;from&quot;:&quot;article footer&quot;,&quot;name&quot;:&quot;Mon actu&quot;,&quot;type&quot;:&quot;cta&quot;}}\" target=\"_blank\">Mon Actu<\/a>.<\/p>\n","protected":false},"excerpt":{"rendered":"Par David Saint-Sernin Publi\u00e9 le 9 avr. 2025 \u00e0 16h37 C\u2019est \u00ab\u2009l\u2019usine du si\u00e8cle\u2009\u00bb qui va \u00eatre construite&hellip;\n","protected":false},"author":2,"featured_media":16186,"comment_status":"","ping_status":"","sticky":false,"template":"","format":"standard","meta":{"footnotes":""},"categories":[2816],"tags":[1111,11,1777,674,1011,27,693,12,2680,1800,25,104,2312],"class_list":{"0":"post-16185","1":"post","2":"type-post","3":"status-publish","4":"format-standard","5":"has-post-thumbnail","7":"category-toulouse","8":"tag-actu","9":"tag-actualites","10":"tag-eu","11":"tag-europe","12":"tag-fr","13":"tag-france","14":"tag-industrie","15":"tag-news","16":"tag-occitanie","17":"tag-pollution","18":"tag-republique-francaise","19":"tag-societe","20":"tag-toulouse"},"share_on_mastodon":{"url":"https:\/\/pubeurope.com\/@fr\/114316546072159029","error":""},"_links":{"self":[{"href":"https:\/\/www.europesays.com\/fr\/wp-json\/wp\/v2\/posts\/16185","targetHints":{"allow":["GET"]}}],"collection":[{"href":"https:\/\/www.europesays.com\/fr\/wp-json\/wp\/v2\/posts"}],"about":[{"href":"https:\/\/www.europesays.com\/fr\/wp-json\/wp\/v2\/types\/post"}],"author":[{"embeddable":true,"href":"https:\/\/www.europesays.com\/fr\/wp-json\/wp\/v2\/users\/2"}],"replies":[{"embeddable":true,"href":"https:\/\/www.europesays.com\/fr\/wp-json\/wp\/v2\/comments?post=16185"}],"version-history":[{"count":0,"href":"https:\/\/www.europesays.com\/fr\/wp-json\/wp\/v2\/posts\/16185\/revisions"}],"wp:featuredmedia":[{"embeddable":true,"href":"https:\/\/www.europesays.com\/fr\/wp-json\/wp\/v2\/media\/16186"}],"wp:attachment":[{"href":"https:\/\/www.europesays.com\/fr\/wp-json\/wp\/v2\/media?parent=16185"}],"wp:term":[{"taxonomy":"category","embeddable":true,"href":"https:\/\/www.europesays.com\/fr\/wp-json\/wp\/v2\/categories?post=16185"},{"taxonomy":"post_tag","embeddable":true,"href":"https:\/\/www.europesays.com\/fr\/wp-json\/wp\/v2\/tags?post=16185"}],"curies":[{"name":"wp","href":"https:\/\/api.w.org\/{rel}","templated":true}]}}