{"id":161855,"date":"2025-06-08T22:03:09","date_gmt":"2025-06-08T22:03:09","guid":{"rendered":"https:\/\/www.europesays.com\/fr\/161855\/"},"modified":"2025-06-08T22:03:09","modified_gmt":"2025-06-08T22:03:09","slug":"handball-les-toulonnaises-decrochent-leur-maintien-avec-la-maniere-a-sambre-avesnois","status":"publish","type":"post","link":"https:\/\/www.europesays.com\/fr\/161855\/","title":{"rendered":"Handball: les Toulonnaises d\u00e9crochent leur maintien avec la mani\u00e8re \u00e0 Sambre-Avesnois"},"content":{"rendered":"<p>Dans un final pour le maintien sous haute tension, le Toulon M\u00e9tropole Var handball ne devait pas se manquer hier apr\u00e8s-midi \u00e0 Sambre-Avesnois. Et les filles de R\u00e9mi Faugeres ont assur\u00e9 leur avenir \u00e0 ce niveau la saison prochaine en allant s\u2019imposer 26-32 sur le sol nordiste.<\/p>\n<p>\u00ab\u00a0On est vraiment soulag\u00e9es car c\u2019\u00e9tait le match de notre maintien m\u00eame s\u2019il y avait des calculs un peu partout, t\u00e9moigne l\u2019arri\u00e8re droite toulonnaise Norah Folituu. On finit sur cette belle note m\u00eame si le noyau dur de cette \u00e9quipe se brise un peu car la moiti\u00e9 de l\u2019effectif part.\u00a0\u00bb<\/p>\n<p>Ma\u00eetresses de leur destin, les Varoises \u00e9taient en mission dans le Nord et ont pris l\u2019ascendant d\u00e8s le d\u00e9but de la rencontre, ayant d\u00e9j\u00e0 creus\u00e9 un \u00e9cart en une dizaine de minutes (7-4, 11e).<\/p>\n<p>Du jeu rapide, une d\u00e9fense solide et une grosse envie: c\u2019est avec ce beau visage et une avance de cinq buts que le TMV rentrait aux vestiaires (18-13 \u00e0 la mi-temps).<\/p>\n<p>\u00ab\u00a0On voulait m\u00e9riter notre maintien\u00a0\u00bb<\/p>\n<p>Une premi\u00e8re p\u00e9riode qui a parfaitement respect\u00e9 les attentes de l\u2019entra\u00eeneur R\u00e9mi Faugeres: \u00ab\u00a0On ne voulait surtout pas regarder ce qu\u2019il se passait ailleurs, on voulait aussi m\u00e9riter notre maintien. On \u00e9tait sur une belle dynamique, depuis sept matches, on en avait d\u00e9j\u00e0 remport\u00e9 quatre, et on voulait venir chercher une cinqui\u00e8me victoire ici. On voulait pouvoir ma\u00eetriser et ne pas attendre ce qu\u2019il se passait dans l\u2019autre confrontation directe (entre Saint-Amand et Saint-Maur). \u00ab\u00a0<\/p>\n<p>Dans le seconde acte, Sambre accentuait la pression mais, hier, rien ne semblait pouvoir d\u00e9stabiliser Toulon. Au contraire, avec le m\u00eame caract\u00e8re que lors des pr\u00e9c\u00e9dentes journ\u00e9es, les Varoises continuaient \u00e0 creuser l\u2019\u00e9cart (23-17, 38e).<\/p>\n<p>Mais, dans une salle tr\u00e8s chaude avec un kop sambrien \u00ab\u00a0au taquet\u00a0\u00bb, les Toulonnaises allaient tout de m\u00eame se faire un peu peur, notamment gr\u00e2ce \u00e0 une Toubissa Elbeco qui sortaient des parades sensationnelles (6 arr\u00eats sur 28). Heureusement, l\u2019armada offensive \u00e9tait de sortie avec une prestation XXL sorti par Adriana Cardoso (12 buts sur 14 tirs).<\/p>\n<p>Avec cette belle victoire, le TMV peut quitter cette saison 2024-2025 avec de nouvelles ambitions pour r\u00e9aliser une saison 2025-2026 \u00e0 l\u2019effigie de cette merveilleuse fin de championnat, notamment avec une ligue qui sera beaucoup plus compliqu\u00e9e, passant d\u2019une \u00e0 trois potentielles descentes.<\/p>\n<p>              <img ci-src=\"https:\/\/www.varmatin.com\/handball\/protec\/DATA_ART_15680322-TXyMBzS2.jpg?vh=f870e7&amp;ci_seal=c58b510e11\" alt=\"\"\/><br \/>\n        Adriana Cardoso a r\u00e9alis\u00e9 une performance XXL avec 12 buts en 14 tirs. <\/p>\n<p>            Le chiffre: 18 saisons cons\u00e9cutives&#13;<br \/>\n&#13;<\/p>\n<p>Cela fait maintenant 17 saisons cons\u00e9cutives que Toulon (ex-Toulon\/Saint-Cyr) \u00e9volue en D1. Il y en aura donc une dix-huiti\u00e8me. Seul Metz fait mieux.<\/p>\n","protected":false},"excerpt":{"rendered":"Dans un final pour le maintien sous haute tension, le Toulon M\u00e9tropole Var handball ne devait pas se&hellip;\n","protected":false},"author":2,"featured_media":161856,"comment_status":"","ping_status":"","sticky":false,"template":"","format":"standard","meta":{"footnotes":""},"categories":[9619],"tags":[1111,11,1777,674,1011,27,1792,12,882,25,60,2310],"class_list":{"0":"post-161855","1":"post","2":"type-post","3":"status-publish","4":"format-standard","5":"has-post-thumbnail","7":"category-toulon","8":"tag-actu","9":"tag-actualites","10":"tag-eu","11":"tag-europe","12":"tag-fr","13":"tag-france","14":"tag-handball","15":"tag-news","16":"tag-provence-alpes-cote-dazur","17":"tag-republique-francaise","18":"tag-sports","19":"tag-toulon"},"share_on_mastodon":{"url":"https:\/\/pubeurope.com\/@fr\/114650009001581046","error":""},"_links":{"self":[{"href":"https:\/\/www.europesays.com\/fr\/wp-json\/wp\/v2\/posts\/161855","targetHints":{"allow":["GET"]}}],"collection":[{"href":"https:\/\/www.europesays.com\/fr\/wp-json\/wp\/v2\/posts"}],"about":[{"href":"https:\/\/www.europesays.com\/fr\/wp-json\/wp\/v2\/types\/post"}],"author":[{"embeddable":true,"href":"https:\/\/www.europesays.com\/fr\/wp-json\/wp\/v2\/users\/2"}],"replies":[{"embeddable":true,"href":"https:\/\/www.europesays.com\/fr\/wp-json\/wp\/v2\/comments?post=161855"}],"version-history":[{"count":0,"href":"https:\/\/www.europesays.com\/fr\/wp-json\/wp\/v2\/posts\/161855\/revisions"}],"wp:featuredmedia":[{"embeddable":true,"href":"https:\/\/www.europesays.com\/fr\/wp-json\/wp\/v2\/media\/161856"}],"wp:attachment":[{"href":"https:\/\/www.europesays.com\/fr\/wp-json\/wp\/v2\/media?parent=161855"}],"wp:term":[{"taxonomy":"category","embeddable":true,"href":"https:\/\/www.europesays.com\/fr\/wp-json\/wp\/v2\/categories?post=161855"},{"taxonomy":"post_tag","embeddable":true,"href":"https:\/\/www.europesays.com\/fr\/wp-json\/wp\/v2\/tags?post=161855"}],"curies":[{"name":"wp","href":"https:\/\/api.w.org\/{rel}","templated":true}]}}