{"id":161861,"date":"2025-06-08T22:06:23","date_gmt":"2025-06-08T22:06:23","guid":{"rendered":"https:\/\/www.europesays.com\/fr\/161861\/"},"modified":"2025-06-08T22:06:23","modified_gmt":"2025-06-08T22:06:23","slug":"mohed-altrad-menace-de-ne-plus-jouer-a-montpellier","status":"publish","type":"post","link":"https:\/\/www.europesays.com\/fr\/161861\/","title":{"rendered":"Mohed Altrad menace de ne plus jouer \u00e0 Montpellier"},"content":{"rendered":"<p>Le pr\u00e9sident du club de rugby du MHR accentue son bras de fer avec la municipalit\u00e9. En cause, le refus de cette derni\u00e8re de lui vendre le GGL Stadium o\u00f9 \u00e9volue son \u00e9quipe.<\/p>\n<p class=\"fig-paragraph\">Montpellier vient de perdre \u00e0 domicile face \u00e0 Clermont (10-23), une d\u00e9faite qui prive le MHR, 9e au \u00e0 l\u2019issue de la phase r\u00e9guli\u00e8re du Top 14, d\u2019une qualification pour la prochaine Champions Cup attribu\u00e9e aux huit premiers. C\u2019est alors que\u00a0<a href=\"http:\/\/www.lefigaro.fr\/flash-sport\/rugby-le-proces-en-appel-dans-l-affaire-laporte-altrad-prevu-en-decembre-20250311\" data-fig-type=\"NewsFlash\" data-gtm-custom-categorie=\"navigation\" data-gtm-custom-action=\"crossclick\" data-gtm-custom-label=\"Contextuel\" data-gtm-event=\"customEventSPE\" data-fig-domain=\"LEFIGARO\" target=\"_blank\" rel=\"noopener\">Mohed Altrad<\/a>, le propri\u00e9taire et pr\u00e9sident du club h\u00e9raultais, a pris le micro pour s\u2019adresser aux supporters de son \u00e9quipe.<\/p>\n<p class=\"fig-paragraph\"><a href=\"https:\/\/www.midilibre.fr\/2025\/06\/08\/bras-de-fer-entre-mohed-altrad-et-la-ville-le-president-du-mhr-pret-a-quitter-le-stade-yves-du-manoir-a-montpellier-12747723.php\" target=\"_blank\" rel=\"nofollow noopener\" data-gtm-custom-categorie=\"navigation\" data-gtm-custom-action=\"crossclick\" data-gtm-custom-label=\"Contextuel\" data-gtm-event=\"customEventSPE\">Ses propos, rapport\u00e9s par Midi Libre<\/a>, sont sans \u00e9quivoque. Il menace d\u2019un d\u00e9part du GGL Stadium en cas d\u2019absence d\u2019accord avec la ville pour racheter le stade, reprochant \u00e0 l\u2019\u00e9dile, Micha\u00ebl Delafosse, d\u2019emp\u00eacher ses projets.<\/p>\n<p class=\"fig-body-link\">\n            \u00c0 lire aussi<br \/>\n        <a class=\"fig-body-link__link\" href=\"http:\/\/www.lefigaro.fr\/sports\/rugby\/top-14\/top-14-paul-willemse-annonce-son-depart-de-montpellier-la-fin-d-une-ere-dans-l-herault-20250608\" data-fig-type=\"NewsFlash\" data-gtm-custom-categorie=\"navigation\" data-gtm-custom-action=\"crossclick\" data-gtm-custom-label=\"Contextuel\" data-gtm-event=\"customEventSPE\" data-fig-domain=\"LEFIGARO\" target=\"_blank\" rel=\"noopener\">Top 14\u00a0: Paul Willemse annonce son d\u00e9part de Montpellier, la fin d\u2019une \u00e8re dans l\u2019H\u00e9rault<br \/>\n    <\/a>\n<\/p>\n<p class=\"fig-paragraph\">\u00abSi nous voulons\u00a0<a href=\"https:\/\/www.lefigaro.fr\/sports\/rugby\/top-14\/top-14-mohed-altrad-touche-enfin-a-son-graal-avec-montpellier-20220626\" data-fig-type=\"Article\" data-gtm-custom-categorie=\"navigation\" data-gtm-custom-action=\"crossclick\" data-gtm-custom-label=\"Contextuel\" data-gtm-event=\"customEventSPE\" data-fig-domain=\"LEFIGARO\" target=\"_blank\" rel=\"noopener\">gagner plus de titres<\/a> \u00a0et briser notre plafond de verre, nous devons rendre nos infrastructures plus professionnelles. J\u2019ai toujours voulu le meilleur pour ce club. Je porte un projet ambitieux de 200 millions d\u2019euros dans la cr\u00e9ation d\u2019un village de rugby, explique l\u2019homme d\u2019affaires. Il faut r\u00e9nover un stade v\u00e9tuste, loin des standards des autres clubs du haut du tableau, construire un nouveau centre d\u2019entra\u00eenement, rendre ce centre plus vivant toute la semaine pour vous, les supporters.\u00bb<\/p>\n<blockquote class=\"fig-quote&#10;    \">\n<p class=\"fig-quote__text\">Devant les fins de non-recevoir du maire et son d\u00e9sint\u00e9r\u00eat du club, je m\u2019interroge sur la possibilit\u00e9 de quitter le stade Yves-du-Manoir.\u00a0<\/p>\n<p>            Mohed Altrad\n    <\/p><\/blockquote>\n<p class=\"fig-paragraph\">Mohed Altrad cible ensuite l\u2019\u00e9quipe municipale et menace. \u00abJe m\u2019interroge sur la volont\u00e9 de la ville de Montpellier de voir le rugby briller. Il y a une d\u00e9connexion \u00e9vidente entre notre ambition et la mauvaise gestion de la pelouse qui nous a d\u00e9cr\u00e9dibilis\u00e9s sur le plan national et nous a peut-\u00eatre co\u00fbt\u00e9 la qualification pour le top 6. Devant les fins de non-recevoir du maire et son d\u00e9sint\u00e9r\u00eat du club, je m\u2019interroge sur la possibilit\u00e9 de quitter le stade Yves-du-Manoir. Nous voulons le meilleur. Des d\u00e9cisions doivent \u00eatre prises.\u00bb<\/p>\n<p class=\"fig-paragraph\">Le patron du MHR n\u2019exclut donc pas de ne pas renouveler la location du GGL Stadium et d\u2019aller jouer ailleurs. Selon Midi Libre, le stade de B\u00e9ziers serait une option cr\u00e9dible.<\/p>\n","protected":false},"excerpt":{"rendered":"Le pr\u00e9sident du club de rugby du MHR accentue son bras de fer avec la municipalit\u00e9. En cause,&hellip;\n","protected":false},"author":2,"featured_media":161862,"comment_status":"","ping_status":"","sticky":false,"template":"","format":"standard","meta":{"footnotes":""},"categories":[9599],"tags":[1111,11,525,4590,1981,2313,814,1777,674,1011,27,955,14987,29430,2208,12,2680,4589,2311,25,1980,479,2259,478,2310,2312],"class_list":{"0":"post-161861","1":"post","2":"type-post","3":"status-publish","4":"format-standard","5":"has-post-thumbnail","7":"category-montpellier","8":"tag-actu","9":"tag-actualites","10":"tag-calendrier","11":"tag-championnat-france","12":"tag-classement","13":"tag-clermont","14":"tag-direct","15":"tag-eu","16":"tag-europe","17":"tag-fr","18":"tag-france","19":"tag-match","20":"tag-mhr","21":"tag-mohed-altrad","22":"tag-montpellier","23":"tag-news","24":"tag-occitanie","25":"tag-phase-finale","26":"tag-racing","27":"tag-republique-francaise","28":"tag-resultats","29":"tag-rugby","30":"tag-score","31":"tag-top-14","32":"tag-toulon","33":"tag-toulouse"},"share_on_mastodon":{"url":"https:\/\/pubeurope.com\/@fr\/114650020666962990","error":""},"_links":{"self":[{"href":"https:\/\/www.europesays.com\/fr\/wp-json\/wp\/v2\/posts\/161861","targetHints":{"allow":["GET"]}}],"collection":[{"href":"https:\/\/www.europesays.com\/fr\/wp-json\/wp\/v2\/posts"}],"about":[{"href":"https:\/\/www.europesays.com\/fr\/wp-json\/wp\/v2\/types\/post"}],"author":[{"embeddable":true,"href":"https:\/\/www.europesays.com\/fr\/wp-json\/wp\/v2\/users\/2"}],"replies":[{"embeddable":true,"href":"https:\/\/www.europesays.com\/fr\/wp-json\/wp\/v2\/comments?post=161861"}],"version-history":[{"count":0,"href":"https:\/\/www.europesays.com\/fr\/wp-json\/wp\/v2\/posts\/161861\/revisions"}],"wp:featuredmedia":[{"embeddable":true,"href":"https:\/\/www.europesays.com\/fr\/wp-json\/wp\/v2\/media\/161862"}],"wp:attachment":[{"href":"https:\/\/www.europesays.com\/fr\/wp-json\/wp\/v2\/media?parent=161861"}],"wp:term":[{"taxonomy":"category","embeddable":true,"href":"https:\/\/www.europesays.com\/fr\/wp-json\/wp\/v2\/categories?post=161861"},{"taxonomy":"post_tag","embeddable":true,"href":"https:\/\/www.europesays.com\/fr\/wp-json\/wp\/v2\/tags?post=161861"}],"curies":[{"name":"wp","href":"https:\/\/api.w.org\/{rel}","templated":true}]}}