{"id":161867,"date":"2025-06-08T22:12:39","date_gmt":"2025-06-08T22:12:39","guid":{"rendered":"https:\/\/www.europesays.com\/fr\/161867\/"},"modified":"2025-06-08T22:12:39","modified_gmt":"2025-06-08T22:12:39","slug":"suppression-du-parking-vilaine-a-rennes-comment-proteger-oiseaux-et-chauves-souris","status":"publish","type":"post","link":"https:\/\/www.europesays.com\/fr\/161867\/","title":{"rendered":"Suppression du parking Vilaine \u00e0 Rennes\u00a0: comment prot\u00e9ger oiseaux et chauves-souris\u00a0?"},"content":{"rendered":"<p>Bas\u00e9 au Luxembourg, le bureau d\u2019\u00e9tudes Biotope effectue des diagnostics de faune, flore et paysage. Avant m\u00eame que le chantier d\u00e9bute, ces \u00e9cologues pr\u00e9conisent un certain nombre de mesures <a href=\"https:\/\/rennes.maville.com\/actu\/actudet_-recit.-a-rennes-comment-la-vilaine-a-disparu-sous-le-ciment-d-un-parking-dans-les-annees-1960-_52674-6483278_actu.Htm\" target=\"_blank\" rel=\"noopener\">car le parking Vilaine abrite des esp\u00e8ces animales prot\u00e9g\u00e9es.<\/a>\u00a0<strong>\u00ab\u00a0C\u2019est le cas des chiropt\u00e8res (N.D.L.R. nom scientifique des chauves-souris) qui nichent sous la dalle. Ils recherchent l\u2019obscurit\u00e9 et se r\u00e9fugient dans des fissures.\u00a0\u00bb<\/strong><\/p>\n<p><strong>Lire aussi\u00a0:<\/strong>\u00a0<a href=\"https:\/\/rennes.maville.com\/actu\/actudet_-demolition-du-parking-pont-flottant-a-rennes-3-ans-de-travaux-pour-se-reconnecter-a-la-vilaine-_52674-6842202_actu.Htm\" target=\"_blank\" rel=\"noopener\">D\u00e9molition du parking, pont flottant\u00a0: \u00e0 Rennes, 3\u00a0ans de travaux pour se reconnecter \u00e0 la Vilaine<\/a><\/p>\n<p>Un \u00e9clairage pour \u00e9loigner les chiropt\u00e8res<\/p>\n<p>Les travaux d\u00e9buteront avant le d\u00e9but de la p\u00e9riode d\u2019hibernation.<strong> \u00ab\u00a0D\u00e8s le mois de septembre, un \u00e9clairage sp\u00e9cifique sera mis en place pour les \u00e9loigner.\u00a0\u00bb<\/strong> Car les chauves-souris sont des esp\u00e8ces lucifuges, elles craignent et fuient la lumi\u00e8re. Apr\u00e8s le chantier, pour faciliter leur retour, des nichoirs artificiels seront install\u00e9s sous la place de la R\u00e9publique.<\/p>\n<p><strong>Lire aussi. <\/strong> <a href=\"https:\/\/rennes.maville.com\/actu\/actudet_-quand-et-comment-se-derouleront-les-travaux-pour-retirer-la-dalle-qui-recouvre-la-vilaine-a-rennes-_52674-6779041_actu.Htm\" target=\"_blank\" rel=\"noopener\">Quand et comment se d\u00e9rouleront les travaux pour retirer la dalle qui recouvre la Vilaine<\/a><\/p>\n<p>Une autre esp\u00e8ce prot\u00e9g\u00e9e visible autour du parking Vilaine, c\u2019est le verdier d\u2019Europe. Un petit oiseau de la taille d\u2019un moineau, reconnaissable \u00e0 son plumage vert nuanc\u00e9 de gris.<strong> \u00ab\u00a0L\u2019hiver, ils sont nombreux \u00e0 s\u2019abriter dans les ch\u00eanes verts en pot\u00a0\u00bb<\/strong> install\u00e9s sur le parking Vilaine et sur la place de la R\u00e9publique. Les pots vont \u00eatre d\u00e9plac\u00e9s. <strong>\u00ab\u00a0Des essences v\u00e9g\u00e9tales favorables au retour des verdiers seront int\u00e9gr\u00e9es aux plantations, afin de leur offrir un habitat qui leur convienne.\u00a0\u00bb<\/strong><\/p>\n<p>\u00a0<\/p>\n","protected":false},"excerpt":{"rendered":"Bas\u00e9 au Luxembourg, le bureau d\u2019\u00e9tudes Biotope effectue des diagnostics de faune, flore et paysage. Avant m\u00eame que&hellip;\n","protected":false},"author":2,"featured_media":161868,"comment_status":"","ping_status":"","sticky":false,"template":"","format":"standard","meta":{"footnotes":""},"categories":[2821],"tags":[1111,11,829,29432,1777,674,1011,27,12,4964,16025,4741,3086,584,25,20569,7009],"class_list":{"0":"post-161867","1":"post","2":"type-post","3":"status-publish","4":"format-standard","5":"has-post-thumbnail","7":"category-rennes","8":"tag-actu","9":"tag-actualites","10":"tag-bretagne","11":"tag-chauves-souris","12":"tag-eu","13":"tag-europe","14":"tag-fr","15":"tag-france","16":"tag-news","17":"tag-oiseaux","18":"tag-parking","19":"tag-proteger","20":"tag-redon","21":"tag-rennes","22":"tag-republique-francaise","23":"tag-suppression","24":"tag-vilaine"},"share_on_mastodon":{"url":"https:\/\/pubeurope.com\/@fr\/114650044343970917","error":""},"_links":{"self":[{"href":"https:\/\/www.europesays.com\/fr\/wp-json\/wp\/v2\/posts\/161867","targetHints":{"allow":["GET"]}}],"collection":[{"href":"https:\/\/www.europesays.com\/fr\/wp-json\/wp\/v2\/posts"}],"about":[{"href":"https:\/\/www.europesays.com\/fr\/wp-json\/wp\/v2\/types\/post"}],"author":[{"embeddable":true,"href":"https:\/\/www.europesays.com\/fr\/wp-json\/wp\/v2\/users\/2"}],"replies":[{"embeddable":true,"href":"https:\/\/www.europesays.com\/fr\/wp-json\/wp\/v2\/comments?post=161867"}],"version-history":[{"count":0,"href":"https:\/\/www.europesays.com\/fr\/wp-json\/wp\/v2\/posts\/161867\/revisions"}],"wp:featuredmedia":[{"embeddable":true,"href":"https:\/\/www.europesays.com\/fr\/wp-json\/wp\/v2\/media\/161868"}],"wp:attachment":[{"href":"https:\/\/www.europesays.com\/fr\/wp-json\/wp\/v2\/media?parent=161867"}],"wp:term":[{"taxonomy":"category","embeddable":true,"href":"https:\/\/www.europesays.com\/fr\/wp-json\/wp\/v2\/categories?post=161867"},{"taxonomy":"post_tag","embeddable":true,"href":"https:\/\/www.europesays.com\/fr\/wp-json\/wp\/v2\/tags?post=161867"}],"curies":[{"name":"wp","href":"https:\/\/api.w.org\/{rel}","templated":true}]}}