{"id":16187,"date":"2025-04-11T00:40:16","date_gmt":"2025-04-11T00:40:16","guid":{"rendered":"https:\/\/www.europesays.com\/fr\/16187\/"},"modified":"2025-04-11T00:40:16","modified_gmt":"2025-04-11T00:40:16","slug":"lincendie-dun-mcdonalds-pres-de-toulouse-dorigine-criminelle-selon-le-parquet","status":"publish","type":"post","link":"https:\/\/www.europesays.com\/fr\/16187\/","title":{"rendered":"L&rsquo;incendie d&rsquo;un McDonald&rsquo;s pr\u00e8s de Toulouse d&rsquo;origine \u00ab\u00a0criminelle\u00a0\u00bb, selon le parquet"},"content":{"rendered":"<p class=\"rev-margin-0 rev-text-xs-normal\">Un restaurant McDonald&rsquo;s en construction endommag\u00e9 par un incendie \u00e0 Montrab\u00e9, pr\u00e8s de Toulouse, le 8 avril 2025 en Haute-Garonne<\/p>\n<p class=\"rev-margin-0 rev-text-xs-bold\">PHOTO AFP \/ Ed JONES<\/p>\n<p>L&rsquo;enqu\u00eate a \u00e9t\u00e9 \u00ab\u00a0ouverte du chef de destruction en bande organis\u00e9e du bien d&rsquo;autrui par un moyen dangereux pour les personnes\u00a0\u00bb, des \u00ab\u00a0faits passibles de 20 ans de r\u00e9clusion criminelle\u00a0\u00bb, pr\u00e9cise le parquet dans un communiqu\u00e9.<\/p>\n<p>L&rsquo;implantation de ce restaurant dans la commune de Montrab\u00e9 (Haute-Garonne), pr\u00e8s de Toulouse, \u00e9tait contest\u00e9e sans incident jusqu&rsquo;\u00e0 l&rsquo;incendie.<\/p>\n<p>Un groupe inconnu, les \u00ab\u00a0Frites Insoumises\u00a0\u00bb, a revendiqu\u00e9 l&rsquo;incendie, dans un communiqu\u00e9 transmis \u00e0 l&rsquo;AFP, au nom du \u00ab\u00a0soutien au peuple palestinien, et contre la nouvelle strat\u00e9gie d&rsquo;expansion de la firme, qui souhaite ouvrir 50 nouveaux restaurants cette ann\u00e9e et imposer sa pr\u00e9sence dans tout le territoire fran\u00e7ais afin de compenser les pertes financi\u00e8res dues au boycott\u00a0\u00bb du groupe am\u00e9ricain.<\/p>\n<p>Selon un communiqu\u00e9 de la direction du futur McDonald&rsquo;s condamnant les d\u00e9gradations, le feu n&rsquo;aurait \u00ab\u00a0que partiellement impact\u00e9 le chantier\u00a0\u00bb et les travaux reprendront d\u00e8s que possible.<\/p>\n","protected":false},"excerpt":{"rendered":"Un restaurant McDonald&rsquo;s en construction endommag\u00e9 par un incendie \u00e0 Montrab\u00e9, pr\u00e8s de Toulouse, le 8 avril 2025&hellip;\n","protected":false},"author":2,"featured_media":16188,"comment_status":"","ping_status":"","sticky":false,"template":"","format":"standard","meta":{"footnotes":""},"categories":[2816],"tags":[17,1111,11,6696,6695,2837,1777,674,1011,27,329,5022,679,12,2680,3762,25,2312],"class_list":{"0":"post-16187","1":"post","2":"type-post","3":"status-publish","4":"format-standard","5":"has-post-thumbnail","7":"category-toulouse","8":"tag-17","9":"tag-actu","10":"tag-actualites","11":"tag-criminelle","12":"tag-dorigine","13":"tag-dun","14":"tag-eu","15":"tag-europe","16":"tag-fr","17":"tag-france","18":"tag-france-monde","19":"tag-lincendie","20":"tag-mcdonalds","21":"tag-news","22":"tag-occitanie","23":"tag-pres","24":"tag-republique-francaise","25":"tag-toulouse"},"share_on_mastodon":{"url":"https:\/\/pubeurope.com\/@fr\/114316550009415080","error":""},"_links":{"self":[{"href":"https:\/\/www.europesays.com\/fr\/wp-json\/wp\/v2\/posts\/16187","targetHints":{"allow":["GET"]}}],"collection":[{"href":"https:\/\/www.europesays.com\/fr\/wp-json\/wp\/v2\/posts"}],"about":[{"href":"https:\/\/www.europesays.com\/fr\/wp-json\/wp\/v2\/types\/post"}],"author":[{"embeddable":true,"href":"https:\/\/www.europesays.com\/fr\/wp-json\/wp\/v2\/users\/2"}],"replies":[{"embeddable":true,"href":"https:\/\/www.europesays.com\/fr\/wp-json\/wp\/v2\/comments?post=16187"}],"version-history":[{"count":0,"href":"https:\/\/www.europesays.com\/fr\/wp-json\/wp\/v2\/posts\/16187\/revisions"}],"wp:featuredmedia":[{"embeddable":true,"href":"https:\/\/www.europesays.com\/fr\/wp-json\/wp\/v2\/media\/16188"}],"wp:attachment":[{"href":"https:\/\/www.europesays.com\/fr\/wp-json\/wp\/v2\/media?parent=16187"}],"wp:term":[{"taxonomy":"category","embeddable":true,"href":"https:\/\/www.europesays.com\/fr\/wp-json\/wp\/v2\/categories?post=16187"},{"taxonomy":"post_tag","embeddable":true,"href":"https:\/\/www.europesays.com\/fr\/wp-json\/wp\/v2\/tags?post=16187"}],"curies":[{"name":"wp","href":"https:\/\/api.w.org\/{rel}","templated":true}]}}