{"id":161871,"date":"2025-06-08T22:16:09","date_gmt":"2025-06-08T22:16:09","guid":{"rendered":"https:\/\/www.europesays.com\/fr\/161871\/"},"modified":"2025-06-08T22:16:09","modified_gmt":"2025-06-08T22:16:09","slug":"la-foire-europeenne-de-strasbourg-se-deroule-du-5-au-14-septembre-avec-de-nombreux-concerts","status":"publish","type":"post","link":"https:\/\/www.europesays.com\/fr\/161871\/","title":{"rendered":"La Foire europ\u00e9enne de Strasbourg se d\u00e9roule du 5 au 14 septembre avec de nombreux concerts"},"content":{"rendered":"<p>La pr\u00e9paration de la Foire europ\u00e9enne de Strasbourg (FES) en 2024<\/p>\n<p>La traditionnelle Foire europ\u00e9enne de Strasbourg se trouve en pleine phase d\u2019organisation en vue de sa 93e \u00e9dition, pr\u00e9vue du 5 au 14 septembre prochains. Cet \u00e9v\u00e9nement se tient chaque ann\u00e9e sur un vaste espace de dix hectares, principalement aux installations des Palais des expositions (PEX) et du Palais de la musique et des congr\u00e8s (PMC). La soci\u00e9t\u00e9 organisatrice, Strasbourg Events, anticipe une fr\u00e9quentation d\u2019environ 110 000 visiteurs, qui auront l\u2019occasion de d\u00e9couvrir pr\u00e8s de 500 stands d\u2019exposants issus de divers secteurs. <\/p>\n<p>Une \u00e9volution vers une exp\u00e9rience plus immersive et moins strictement commerciale<\/p>\n<p>Initialement centr\u00e9e sur l\u2019aspect commercial, la foire cherche \u00e0 s\u2019orienter vers une d\u00e9marche plus \u00ab exp\u00e9rience \u00bb pour ses visiteurs. Si la dimension commerciale demeure importante, avec la pr\u00e9sence d\u2019artisans, d\u2019agriculteurs, de professionnels de l\u2019h\u00f4tellerie et de la restauration, la manifestation propose d\u00e9sormais une multitude d\u2019animations pour tous les \u00e2ges. Plus de 500 activit\u00e9s seront propos\u00e9es durant ces dix jours, comprenant des ateliers culinaires, des parcours aventure pour les plus actifs, ainsi que des concerts en plein air. La volont\u00e9 est d\u2019offrir un \u00e9v\u00e8nement familial o\u00f9 la d\u00e9couverte et le divertissement prennent une place centrale.<\/p>\n<p>Une \u00e9dition 2024 marqu\u00e9e par une th\u00e9matique culturelle et musicale<\/p>\n<p>Cette ann\u00e9e, la Foire europ\u00e9enne de Strasbourg mettra \u00e0 l\u2019honneur une grande exposition intitul\u00e9e \u00ab Irlande Terre de l\u00e9gendes \u00bb. Contrairement aux \u00e9ditions pr\u00e9c\u00e9dentes, cette ann\u00e9e, il n\u2019y aura pas de pays invit\u00e9 en tant que tel, mais une attention particuli\u00e8re sera port\u00e9e \u00e0 cette th\u00e9matique, qui m\u00eale mythes, traditions et paysages irlandais. En compl\u00e9ment, une s\u00e9rie de concerts sera propos\u00e9e en soir\u00e9e, avec des artistes tels que Robin Leon ou le groupe Gold, afin d\u2019enrichir la programmation musicale. La partie artistique est con\u00e7ue pour attirer un large public et faire de la foire un lieu de culture et de rencontres. Pour favoriser une atmosph\u00e8re conviviale et accessible au plus grand nombre, l\u2019entr\u00e9e sera gratuite.<\/p>\n<p>Une forte pr\u00e9sence italienne et des dimensions \u00e9conomiques et professionnelles<\/p>\n<p>Outre la th\u00e9matique irlandaise, la participation italienne sera \u00e9galement mise en valeur, avec notamment la reconduction du Salon du livre 2024, qui s\u2019inscrit comme un rendez-vous culturel incontournable. La foire conserve aussi son r\u00f4le de moteur \u00e9conomique local, en proposant, notamment, un job dating ax\u00e9 sur les comp\u00e9tences professionnelles, afin de favoriser l\u2019insertion et la connectivit\u00e9 entre entreprises et chercheurs d\u2019emploi. La FES reste ainsi un vecteur de dynamisme pour la r\u00e9gion, en m\u00ealant culture, commerce, et opportunit\u00e9s professionnelles, tout en restant fid\u00e8le \u00e0 sa vocation de lieu de rencontres et d\u2019\u00e9changes entre diff\u00e9rents acteurs locaux et internationaux.<\/p>\n","protected":false},"excerpt":{"rendered":"La pr\u00e9paration de la Foire europ\u00e9enne de Strasbourg (FES) en 2024 La traditionnelle Foire europ\u00e9enne de Strasbourg se&hellip;\n","protected":false},"author":2,"featured_media":161872,"comment_status":"","ping_status":"","sticky":false,"template":"","format":"standard","meta":{"footnotes":""},"categories":[2820],"tags":[1111,11,3396,4156,18755,1777,674,4538,4434,1011,27,775,12,16004,25,395,640],"class_list":{"0":"post-161871","1":"post","2":"type-post","3":"status-publish","4":"format-standard","5":"has-post-thumbnail","7":"category-strasbourg","8":"tag-actu","9":"tag-actualites","10":"tag-avec","11":"tag-concerts","12":"tag-deroule","13":"tag-eu","14":"tag-europe","15":"tag-europeenne","16":"tag-foire","17":"tag-fr","18":"tag-france","19":"tag-grand-est","20":"tag-news","21":"tag-nombreux","22":"tag-republique-francaise","23":"tag-septembre","24":"tag-strasbourg"},"share_on_mastodon":{"url":"https:\/\/pubeurope.com\/@fr\/114650060167605674","error":""},"_links":{"self":[{"href":"https:\/\/www.europesays.com\/fr\/wp-json\/wp\/v2\/posts\/161871","targetHints":{"allow":["GET"]}}],"collection":[{"href":"https:\/\/www.europesays.com\/fr\/wp-json\/wp\/v2\/posts"}],"about":[{"href":"https:\/\/www.europesays.com\/fr\/wp-json\/wp\/v2\/types\/post"}],"author":[{"embeddable":true,"href":"https:\/\/www.europesays.com\/fr\/wp-json\/wp\/v2\/users\/2"}],"replies":[{"embeddable":true,"href":"https:\/\/www.europesays.com\/fr\/wp-json\/wp\/v2\/comments?post=161871"}],"version-history":[{"count":0,"href":"https:\/\/www.europesays.com\/fr\/wp-json\/wp\/v2\/posts\/161871\/revisions"}],"wp:featuredmedia":[{"embeddable":true,"href":"https:\/\/www.europesays.com\/fr\/wp-json\/wp\/v2\/media\/161872"}],"wp:attachment":[{"href":"https:\/\/www.europesays.com\/fr\/wp-json\/wp\/v2\/media?parent=161871"}],"wp:term":[{"taxonomy":"category","embeddable":true,"href":"https:\/\/www.europesays.com\/fr\/wp-json\/wp\/v2\/categories?post=161871"},{"taxonomy":"post_tag","embeddable":true,"href":"https:\/\/www.europesays.com\/fr\/wp-json\/wp\/v2\/tags?post=161871"}],"curies":[{"name":"wp","href":"https:\/\/api.w.org\/{rel}","templated":true}]}}