{"id":161885,"date":"2025-06-08T22:27:11","date_gmt":"2025-06-08T22:27:11","guid":{"rendered":"https:\/\/www.europesays.com\/fr\/161885\/"},"modified":"2025-06-08T22:27:11","modified_gmt":"2025-06-08T22:27:11","slug":"la50-saturee-sur-pres-de-6-km-en-direction-daubagne-en-raison-de-la-presence-de-caravanes-2","status":"publish","type":"post","link":"https:\/\/www.europesays.com\/fr\/161885\/","title":{"rendered":"l&rsquo;A50 satur\u00e9e sur pr\u00e8s de 6 km en direction d&rsquo;Aubagne en raison de la pr\u00e9sence de caravanes"},"content":{"rendered":"<p>L\u2019autoroute A50 a \u00e9t\u00e9 compl\u00e8tement satur\u00e9e \u00e0 la sortie de Marseille, en ce d\u00e9but d\u2019apr\u00e8s-midi. Le trafic a \u00e9t\u00e9 tr\u00e8s encombr\u00e9 jusqu\u2019\u00e0 la sortie de la rocade L2. La cause\u00a0: une quarantaine de caravanes de gens du voyage qui, selon nos informations, sont actuellement pour la plupart \u00e0 la Penne-sur-Huveaune, pour ensuite aller s\u2019installer au stade du Mouton dans le 11e arrondissement de Marseille. Une dizaine de v\u00e9hicules sont d\u00e9j\u00e0 arriv\u00e9s \u00e0 hauteur de la destination pr\u00e9vue.<\/p>\n<p>La police est sur place afin de r\u00e9guler le trafic et d\u2019\u00e9viter tout accident dans une zone qui, pour l\u2019heure, il vaut mieux \u00e9viter afin de ne pas se retrouver dans un pare-chocs contre pare-chocs.<\/p>\n<p>L\u2019int\u00e9rieur de la commune de la Penne-sur-Huveaune est maintenant tr\u00e8s embouteill\u00e9 (apr\u00e8s l\u2019A50 dans un premier temps) sur les principaux axes comme les boulevards Voltaire et celui de la Gare. \u00c9lus et agents municipaux de la Penne-sur-Huveaune sont sur place depuis le d\u00e9but de cette op\u00e9ration. En veille devant l\u2019entr\u00e9e du stade de leur commune.<\/p>\n","protected":false},"excerpt":{"rendered":"L\u2019autoroute A50 a \u00e9t\u00e9 compl\u00e8tement satur\u00e9e \u00e0 la sortie de Marseille, en ce d\u00e9but d\u2019apr\u00e8s-midi. Le trafic a&hellip;\n","protected":false},"author":2,"featured_media":161886,"comment_status":"","ping_status":"","sticky":false,"template":"","format":"standard","meta":{"footnotes":""},"categories":[2814],"tags":[17,1111,11,17669,154,1777,674,1011,27,7397,151,884,12,5912,28932,882,16,25,25546],"class_list":{"0":"post-161885","1":"post","2":"type-post","3":"status-publish","4":"format-standard","5":"has-post-thumbnail","7":"category-marseille","8":"tag-17","9":"tag-actu","10":"tag-actualites","11":"tag-caravanes","12":"tag-des","13":"tag-eu","14":"tag-europe","15":"tag-fr","16":"tag-france","17":"tag-gens","18":"tag-les","19":"tag-marseille","20":"tag-news","21":"tag-par","22":"tag-penne-sur-huveaune","23":"tag-provence-alpes-cote-dazur","24":"tag-region","25":"tag-republique-francaise","26":"tag-saturee"},"share_on_mastodon":{"url":"https:\/\/pubeurope.com\/@fr\/114650103560614956","error":""},"_links":{"self":[{"href":"https:\/\/www.europesays.com\/fr\/wp-json\/wp\/v2\/posts\/161885","targetHints":{"allow":["GET"]}}],"collection":[{"href":"https:\/\/www.europesays.com\/fr\/wp-json\/wp\/v2\/posts"}],"about":[{"href":"https:\/\/www.europesays.com\/fr\/wp-json\/wp\/v2\/types\/post"}],"author":[{"embeddable":true,"href":"https:\/\/www.europesays.com\/fr\/wp-json\/wp\/v2\/users\/2"}],"replies":[{"embeddable":true,"href":"https:\/\/www.europesays.com\/fr\/wp-json\/wp\/v2\/comments?post=161885"}],"version-history":[{"count":0,"href":"https:\/\/www.europesays.com\/fr\/wp-json\/wp\/v2\/posts\/161885\/revisions"}],"wp:featuredmedia":[{"embeddable":true,"href":"https:\/\/www.europesays.com\/fr\/wp-json\/wp\/v2\/media\/161886"}],"wp:attachment":[{"href":"https:\/\/www.europesays.com\/fr\/wp-json\/wp\/v2\/media?parent=161885"}],"wp:term":[{"taxonomy":"category","embeddable":true,"href":"https:\/\/www.europesays.com\/fr\/wp-json\/wp\/v2\/categories?post=161885"},{"taxonomy":"post_tag","embeddable":true,"href":"https:\/\/www.europesays.com\/fr\/wp-json\/wp\/v2\/tags?post=161885"}],"curies":[{"name":"wp","href":"https:\/\/api.w.org\/{rel}","templated":true}]}}