{"id":161887,"date":"2025-06-08T22:28:09","date_gmt":"2025-06-08T22:28:09","guid":{"rendered":"https:\/\/www.europesays.com\/fr\/161887\/"},"modified":"2025-06-08T22:28:09","modified_gmt":"2025-06-08T22:28:09","slug":"a-marseille-les-champs-de-posidonie-mediterraneens","status":"publish","type":"post","link":"https:\/\/www.europesays.com\/fr\/161887\/","title":{"rendered":"\u00c0 Marseille, les champs de posidonie m\u00e9diterran\u00e9ens"},"content":{"rendered":"<p>\n                                                Pour cette sp\u00e9ciale Oc\u00e9an, RFI vous emm\u00e8ne \u00e0 Marseille, o\u00f9 en mai dernier, la mairie a entrepris des travaux sur plusieurs de ses plages afin d&rsquo;y r\u00e9implanter de la posidonie. La posidonie, surnomm\u00e9e \u00ab poumon de la mer \u00bb, est un v\u00e9ritable puits de carbone. Nurserie pour poissons, elle permet de prot\u00e9ger nos plages de l\u2019\u00e9rosion&#8230; Bien que la posidonie soit une plante prot\u00e9g\u00e9e depuis 1988, il \u00e9tait d&rsquo;usage pendant de nombreuses ann\u00e9es de retirer les banquettes de posidonies mortes des plages. Un reportage de Siam Spencer.                    <\/p>\n<p>\u00c0 Marseille, sur plusieurs plages du centre-ville, des amas de feuilles brunes s\u2019accumulent entre les vagues et le sable\u2026 \u00ab Nous sommes sur la plage des Proph\u00e8tes, qui est une petite plage sur la Corniche \u00e0 Marseille, explique Herv\u00e9 Manchon, adjoint \u00e0 la <a href=\"https:\/\/www.rfi.fr\/fr\/tag\/biodiversit\u00e9\/\" target=\"_self\" rel=\"noopener\"><strong>biodiversit\u00e9<\/strong><\/a> marine, \u00e0 la mer et au littoral de la mairie de Marseille. Ce que nous voyons \u00e0 nos pieds, ce sont des banquettes de posidonies, c\u2019est-\u00e0-dire le d\u00e9p\u00f4t des feuilles mortes des herbiers de posidonies, qui commence \u00e0 s\u2019accumuler sur le trait de c\u00f4te et qui vient prot\u00e9ger le sable de l\u2019\u00e9rosion \u00bb.<\/p>\n<p>Il y a eu des travaux au mois de mai, raconte Herv\u00e9 Manchon :<strong>\u00a0<\/strong>\u00ab Durant l\u2019hiver, se sont accumul\u00e9es beaucoup plus de quantit\u00e9s d\u2019herbes mortes de posidonies et \u00e7a formait des banquettes \u00e9normes sur le littoral\u2026 On a fait ce qu\u2019on appelle un millefeuille de posidonies\u00a0\u00bb.\u00a0<\/p>\n<p>Ces travaux pour cr\u00e9er des millefeuilles de posidonies, entrepris par la mairie de Marseille, ont des b\u00e9n\u00e9fices multiples, puisque ces banquettes, en plus de prot\u00e9ger les plages de l\u2019\u00e9rosion, viennent aussi en se d\u00e9composant nourrir le phytoplancton dans la mer. Dans l\u2019eau, on retrouve la posidonie vivante, sous forme de v\u00e9ritables prairies, d&rsquo;herbes qui se balancent au gr\u00e9 des courants et abritent tout un \u00e9cosyst\u00e8me. Comme l\u2019explique Charles-Fran\u00e7ois Boudouresque, professeur \u00e9m\u00e9rite \u00e0 Aix-Marseille Universit\u00e9, et sp\u00e9cialiste de la posidonie :\u00a0\u00ab L\u2019herbier de posidonie est un \u00e9cosyst\u00e8me extr\u00eamement important en M\u00e9diterran\u00e9e \u00bb.\u00a0<\/p>\n<p>Qu&rsquo;est-ce qui menace la posidonie aujourd&rsquo;hui ?\u00a0Les chalutiers et la surp\u00eache.\u00a0Parmi les autres menaces cit\u00e9es par Charles Fran\u00e7ois Boudouresque, sur l\u2019ensemble de la M\u00e9diterran\u00e9e : les am\u00e9nagements littoraux et la pollution.<\/p>\n<p class=\"a-read-more\">\u00c0 lire aussi<a href=\"https:\/\/www.rfi.fr\/fr\/podcasts\/questions-d-environnement\/20240606-carbone-bleu-solution-face-au-changement-climatique\" target=\"_self\" class=\"a-read-more__link\" rel=\"noopener\">En quoi le carbone bleu est une solution face au changement climatique?<\/a><\/p>\n","protected":false},"excerpt":{"rendered":"Pour cette sp\u00e9ciale Oc\u00e9an, RFI vous emm\u00e8ne \u00e0 Marseille, o\u00f9 en mai dernier, la mairie a entrepris des&hellip;\n","protected":false},"author":2,"featured_media":161888,"comment_status":"","ping_status":"","sticky":false,"template":"","format":"standard","meta":{"footnotes":""},"categories":[2814],"tags":[1111,11,4652,1777,674,1011,27,884,29433,12,12687,882,5920,25],"class_list":{"0":"post-161887","1":"post","2":"type-post","3":"status-publish","4":"format-standard","5":"has-post-thumbnail","7":"category-marseille","8":"tag-actu","9":"tag-actualites","10":"tag-agriculture-et-peche","11":"tag-eu","12":"tag-europe","13":"tag-fr","14":"tag-france","15":"tag-marseille","16":"tag-marseille-provence-2013","17":"tag-news","18":"tag-oceans","19":"tag-provence-alpes-cote-dazur","20":"tag-reportage-france","21":"tag-republique-francaise"},"share_on_mastodon":{"url":"https:\/\/pubeurope.com\/@fr\/114650107345033725","error":""},"_links":{"self":[{"href":"https:\/\/www.europesays.com\/fr\/wp-json\/wp\/v2\/posts\/161887","targetHints":{"allow":["GET"]}}],"collection":[{"href":"https:\/\/www.europesays.com\/fr\/wp-json\/wp\/v2\/posts"}],"about":[{"href":"https:\/\/www.europesays.com\/fr\/wp-json\/wp\/v2\/types\/post"}],"author":[{"embeddable":true,"href":"https:\/\/www.europesays.com\/fr\/wp-json\/wp\/v2\/users\/2"}],"replies":[{"embeddable":true,"href":"https:\/\/www.europesays.com\/fr\/wp-json\/wp\/v2\/comments?post=161887"}],"version-history":[{"count":0,"href":"https:\/\/www.europesays.com\/fr\/wp-json\/wp\/v2\/posts\/161887\/revisions"}],"wp:featuredmedia":[{"embeddable":true,"href":"https:\/\/www.europesays.com\/fr\/wp-json\/wp\/v2\/media\/161888"}],"wp:attachment":[{"href":"https:\/\/www.europesays.com\/fr\/wp-json\/wp\/v2\/media?parent=161887"}],"wp:term":[{"taxonomy":"category","embeddable":true,"href":"https:\/\/www.europesays.com\/fr\/wp-json\/wp\/v2\/categories?post=161887"},{"taxonomy":"post_tag","embeddable":true,"href":"https:\/\/www.europesays.com\/fr\/wp-json\/wp\/v2\/tags?post=161887"}],"curies":[{"name":"wp","href":"https:\/\/api.w.org\/{rel}","templated":true}]}}