{"id":161889,"date":"2025-06-08T22:29:12","date_gmt":"2025-06-08T22:29:12","guid":{"rendered":"https:\/\/www.europesays.com\/fr\/161889\/"},"modified":"2025-06-08T22:29:12","modified_gmt":"2025-06-08T22:29:12","slug":"lyon-budget-habitants-selectionnes-questions-preparees-le-vrai-du-faux-au-sujet-des-reunions-publiques-de-gregory-doucet-2","status":"publish","type":"post","link":"https:\/\/www.europesays.com\/fr\/161889\/","title":{"rendered":"Lyon. Budget, habitants s\u00e9lectionn\u00e9s, questions pr\u00e9par\u00e9es\u2026 Le vrai du faux au sujet des r\u00e9unions publiques de Gr\u00e9gory Doucet"},"content":{"rendered":"<p>                     1 Les habitants qui assistent aux r\u00e9unions ont \u00e9t\u00e9 tri\u00e9s sur le volet Faux<\/p>\n<p>Dans la salle, en ce premier soir de rencontre avec les habitants, le maire de Lyon est l\u00e0, accompagn\u00e9 du maire d\u2019arrondissement. La pr\u00e9sence des \u00e9lus de la majorit\u00e9 avait \u00e9t\u00e9 r\u00e9clam\u00e9e. Les services de la Ville sont pr\u00e9sents, ceux relevant de \u00ab\u00a0la d\u00e9mocratie ouverte\u00a0\u00bb, ceux du protocole. Se pressent aussi les \u00e9lus d\u2019opposition\u00a0: on croise par exemple Charles Franck L\u00e9vy, Michel Le Faou ou encore Romain Billard. Puis viennent les habitants. La rencontre n\u2019\u00e9tait pas sur inscription. Pouvaient venir tous ceux qui avaient entendu parler du dispositif. A l\u2019entr\u00e9e, on pouvait laisser son nom et dire comment on avait connu ces r\u00e9unions.<\/p>\n<p><strong>&gt;&gt;\u00a0<a href=\"https:\/\/www.leprogres.fr\/politique\/2025\/05\/26\/on-nous-regarde-comme-une-ville-exemplaire-doucet-dans-l-arene-face-aux-lyonnais\" target=\"_blank\" rel=\"noopener\">\u00ab On nous regarde comme une ville exemplaire\u00a0\u00bb\u00a0: Doucet dans l\u2019ar\u00e8ne face aux Lyonnais<\/a><\/strong><\/p>\n<p>Il n\u2019emp\u00eache. On sait que les maires d\u2019arrondissement, de leur c\u00f4t\u00e9, avaient pr\u00e9venu les acteurs locaux de ces temps d\u2019\u00e9changes. Club de sports, MJC\u2026 Dans le 8e arrondissement, le centre social, par&#8230;<\/p>\n","protected":false},"excerpt":{"rendered":"1 Les habitants qui assistent aux r\u00e9unions ont \u00e9t\u00e9 tri\u00e9s sur le volet Faux Dans la salle, en&hellip;\n","protected":false},"author":2,"featured_media":161539,"comment_status":"","ping_status":"","sticky":false,"template":"","format":"standard","meta":{"footnotes":""},"categories":[1889],"tags":[1111,11,2430,2757,1777,674,107,1011,27,2428,2756,12,316,25,2429,4604,273],"class_list":{"0":"post-161889","1":"post","2":"type-post","3":"status-publish","4":"format-standard","5":"has-post-thumbnail","7":"category-lyon","8":"tag-actu","9":"tag-actualites","10":"tag-auvergne-rhone-alpes","11":"tag-edition-lyon-villeurbanne","12":"tag-eu","13":"tag-europe","14":"tag-fil-info","15":"tag-fr","16":"tag-france","17":"tag-lyon","18":"tag-lyon-bassin","19":"tag-news","20":"tag-politique","21":"tag-republique-francaise","22":"tag-rhone","23":"tag-selection-abonne","24":"tag-selection-de-la-redaction"},"share_on_mastodon":{"url":"https:\/\/pubeurope.com\/@fr\/114650111356795999","error":""},"_links":{"self":[{"href":"https:\/\/www.europesays.com\/fr\/wp-json\/wp\/v2\/posts\/161889","targetHints":{"allow":["GET"]}}],"collection":[{"href":"https:\/\/www.europesays.com\/fr\/wp-json\/wp\/v2\/posts"}],"about":[{"href":"https:\/\/www.europesays.com\/fr\/wp-json\/wp\/v2\/types\/post"}],"author":[{"embeddable":true,"href":"https:\/\/www.europesays.com\/fr\/wp-json\/wp\/v2\/users\/2"}],"replies":[{"embeddable":true,"href":"https:\/\/www.europesays.com\/fr\/wp-json\/wp\/v2\/comments?post=161889"}],"version-history":[{"count":0,"href":"https:\/\/www.europesays.com\/fr\/wp-json\/wp\/v2\/posts\/161889\/revisions"}],"wp:featuredmedia":[{"embeddable":true,"href":"https:\/\/www.europesays.com\/fr\/wp-json\/wp\/v2\/media\/161539"}],"wp:attachment":[{"href":"https:\/\/www.europesays.com\/fr\/wp-json\/wp\/v2\/media?parent=161889"}],"wp:term":[{"taxonomy":"category","embeddable":true,"href":"https:\/\/www.europesays.com\/fr\/wp-json\/wp\/v2\/categories?post=161889"},{"taxonomy":"post_tag","embeddable":true,"href":"https:\/\/www.europesays.com\/fr\/wp-json\/wp\/v2\/tags?post=161889"}],"curies":[{"name":"wp","href":"https:\/\/api.w.org\/{rel}","templated":true}]}}