{"id":161890,"date":"2025-06-08T22:30:11","date_gmt":"2025-06-08T22:30:11","guid":{"rendered":"https:\/\/www.europesays.com\/fr\/161890\/"},"modified":"2025-06-08T22:30:11","modified_gmt":"2025-06-08T22:30:11","slug":"4eme-edition-du-festival-entre-rhone-et-saone","status":"publish","type":"post","link":"https:\/\/www.europesays.com\/fr\/161890\/","title":{"rendered":"4\u00e8me \u00e9dition du Festival \u00ab\u00a0Entre Rh\u00f4ne et Sa\u00f4ne\u00a0\u00bb"},"content":{"rendered":"<p>Rendez-vous du vendredi 27 au dimanche 29 juin 2025, \u00e0 Lyon.<\/p>\n<p>Organis\u00e9 par la <b>Ville de Lyon<\/b>, le <b>Festival Entre Rh\u00f4ne et Sa\u00f4ne<\/b> revient pour une quatri\u00e8me \u00e9dition. Sur les <b>Berges de la Guilloti\u00e8re<\/b> et \u00e0 la <b>Darse Confluence<\/b>, plus de 200 <b>animations gratuites<\/b> vous attendent !<\/p>\n<p><b>Cet \u00e9v\u00e9nement est organis\u00e9 autour de 3 axes majeurs pour mettre en lumi\u00e8re les cours d&rsquo;eau de la ville :<\/b><br \/>&#8211; C\u00e9l\u00e9brer : pour se rassembler autour des cours d&rsquo;eau, dans une ambiance festive et populaire.<br \/>&#8211; D\u00e9couvrir : sensibiliser aux probl\u00e9matiques li\u00e9es \u00e0 l&rsquo;eau, ses usages et la n\u00e9cessit\u00e9 de la pr\u00e9server.<br \/>&#8211; Prot\u00e9ger : agir concr\u00e8tement en faveur de la protection des cours d&rsquo;eau et de la biodiversit\u00e9.<\/p>\n<p>Cette ann\u00e9e, Lyon accueille les 36es F\u00eates du Rh\u00f4ne, rassemblements populaires et folkloriques organis\u00e9s dans des villes riveraines du Rh\u00f4ne, en Suisse et en France. <\/p>\n<p><b>Dans ce cadre, plusieurs \u00e9v\u00e9nements sont programm\u00e9s. Parmi eux :<\/b><br \/>&#8211; D\u00e9couvrez un magnifique film documentaire du bassin du Rh\u00f4ne s&rsquo;\u00e9tendant du glacier du Rh\u00f4ne au L\u00e9man. Il sera projet\u00e9 sur les Berges de la Guilloti\u00e8re.<br \/>&#8211; Visitez l&rsquo;exposition photo pr\u00e9sent\u00e9e en collaboration avec les Archives Municipales. Elle retrace l&rsquo;histoire des F\u00eates du Rh\u00f4ne sur les grilles du Centre Nautique Tony Bertrand.<br \/>&#8211; Assistez \u00e0 une conf\u00e9rence sur les enjeux franco-suisses de l&rsquo;utilisation du Rh\u00f4ne le mardi 24 juin \u00e0 19h30 \u00e0 l&rsquo;h\u00f4tel de ville.<\/p>\n<p>Un festival pour bouger, d\u00e9couvrir et faire la f\u00eate<\/p>\n<p><b>Ondine \u00e0 la Guill&rsquo; : le pique-nique g\u00e9ant !<\/b><br \/>Venez partager un moment convivial lors du pique-nique g\u00e9ant avec vue sur le Rh\u00f4ne et le soleil couchant. Vous pouvez apporter vos paniers repas et compl\u00e9ter avec les fruits et l\u00e9gumes locaux disponibles sur place ! En prime, quelques surprises pour rendre ce d\u00eener au bord de l&rsquo;eau encore plus agr\u00e9able.<br \/>Vendredi 27 juin &#8211; 19h-23h30 &#8211; Quai Augagneur &#8211; Berges hautes de la Guilloti\u00e8re<\/p>\n<p><b>Spectacle sur les berges\u00a0:<\/b><br \/>Des mondes peupl\u00e9s de cr\u00e9atures \u00e9tranges, de monstres l\u00e9gendaires : faunes, guerriers, magiciens ou chevaliers vous attendent.<br \/>La compagnie Plan\u00e8te Vapeur, connue pour ses parades fantastiques et ses structures d\u00e9ambulatoires, assure le spectacle. Pour f\u00eater le retour de la M\u00e2checroute, figure symbolique du festival, danseurs, musiciens, acrobates et \u00e9chassiers \u00e9voluent dans un univers color\u00e9 et vibrant.<br \/>Vendredi 27 juin &amp; samedi 28 juin &#8211; 21h15-21h45 &#8211; Lame d&rsquo;eau &#8211; Berges de la Guilloti\u00e8re<\/p>\n<p><b>Guinguette de la Guilloti\u00e8re :<\/b><br \/>C&rsquo;est le lieu festif du festival ! Venez danser, \u00e9couter de la musique en plein air, boire un verre et profiter des animations jusqu&rsquo;au bout de la nuit. Des styles musicaux pour tous les go\u00fbts : rock, \u00e9lectro, hip-hop, funk\u2026 et m\u00eame un bal participatif de danse funk le dimanche !<br \/>Tous les soirs du festival &#8211; Quai Augagneur &#8211; Berges de la Guilloti\u00e8re<\/p>\n<p><b>Nouveaut\u00e9 2025 : la baignade d\u00e9rivante :<\/b><br \/>400 m de nage ne vous laissant d\u00e9river sur le Rh\u00f4ne ! Une activit\u00e9 rafra\u00eechissante pour une exp\u00e9rience unique. Encadr\u00e9s par des professionnels, venez nager dans les eaux du Rh\u00f4ne en toute s\u00e9curit\u00e9.<br \/>Dimanche 29 juin &#8211; 14h-18h &#8211; Parc des Berges Nord <br \/>Conditions : savoir nager, avoir plus de 10 ans.<\/p>\n<p>Un festival accessible \u00e0 toutes et \u00e0 tous<\/p>\n<p>Le <b>Festival Entre Rh\u00f4ne et Sa\u00f4ne<\/b> est un \u00e9v\u00e9nement populaire qui est ouvert \u00e0 tous. L&rsquo;objectif est de permettre \u00e0 tout le monde d&rsquo;en profiter et d&rsquo;y avoir acc\u00e8s, sans aucune restriction ou barri\u00e8re visible ou invisible, qu&rsquo;elle soit mat\u00e9rielle ou immat\u00e9rielle.<\/p>\n<p>Rendez-vous du vendredi 27 au dimanche 29 juin 2025, \u00e0 Lyon<\/p>\n<p>Plus d&rsquo;infos, programmation compl\u00e8te et inscriptions aux activit\u00e9s sur le site <a class=\"url\" href=\"https:\/\/entre-rhone-et-saone.fr\/\" target=\"_blank\" rel=\"noopener\">entre-rhone-et-saone.fr<\/a><\/p>\n<p>Radio SCOOP est partenaire de l&rsquo;\u00e9v\u00e8nement<\/p>\n<p><\/p>\n<tr>\n<td class=\"defaut\"><a href=\"https:\/\/www.radioscoop.com\/agenda\/javascript:void(0)\" onclick=\"parent.RS.diaporama.addMedia(694089) ;\" target=\"_blank\" rel=\"noopener\"><img loading=\"lazy\" decoding=\"async\" src=\"https:\/\/www.europesays.com\/fr\/wp-content\/uploads\/2025\/06\/1749421811_122_img\" width=\"438\" height=\"640\" border=\"0\" title=\"4\u00e8me \u00e9dition du Festival &quot;Entre Rh\u00f4ne et Sa\u00f4ne&quot;\"\/><\/a><\/td>\n<\/tr>\n<p><\/p>\n","protected":false},"excerpt":{"rendered":"Rendez-vous du vendredi 27 au dimanche 29 juin 2025, \u00e0 Lyon. Organis\u00e9 par la Ville de Lyon, le&hellip;\n","protected":false},"author":2,"featured_media":161891,"comment_status":"","ping_status":"","sticky":false,"template":"","format":"standard","meta":{"footnotes":""},"categories":[1889],"tags":[1111,11,1063,2430,15109,27493,29435,4726,29439,29437,29436,4858,29434,1777,674,3293,849,4768,29438,1011,27,23173,13223,2428,12,29440,25,3140,3291],"class_list":{"0":"post-161890","1":"post","2":"type-post","3":"status-publish","4":"format-standard","5":"has-post-thumbnail","7":"category-lyon","8":"tag-actu","9":"tag-actualites","10":"tag-animations","11":"tag-auvergne-rhone-alpes","12":"tag-baignade","13":"tag-bassin","14":"tag-berges","15":"tag-biodiversit","16":"tag-confrences","17":"tag-cours-deau","18":"tag-darse-confluence","19":"tag-eau","20":"tag-entre-rhne-et-sane","21":"tag-eu","22":"tag-europe","23":"tag-exposition","24":"tag-festival","25":"tag-fete","26":"tag-folklore","27":"tag-fr","28":"tag-france","29":"tag-guillotiere","30":"tag-guinguettes","31":"tag-lyon","32":"tag-news","33":"tag-pique-nique-geant","34":"tag-republique-francaise","35":"tag-spectacle","36":"tag-ville-de-lyon"},"share_on_mastodon":{"url":"https:\/\/pubeurope.com\/@fr\/114650115362932086","error":""},"_links":{"self":[{"href":"https:\/\/www.europesays.com\/fr\/wp-json\/wp\/v2\/posts\/161890","targetHints":{"allow":["GET"]}}],"collection":[{"href":"https:\/\/www.europesays.com\/fr\/wp-json\/wp\/v2\/posts"}],"about":[{"href":"https:\/\/www.europesays.com\/fr\/wp-json\/wp\/v2\/types\/post"}],"author":[{"embeddable":true,"href":"https:\/\/www.europesays.com\/fr\/wp-json\/wp\/v2\/users\/2"}],"replies":[{"embeddable":true,"href":"https:\/\/www.europesays.com\/fr\/wp-json\/wp\/v2\/comments?post=161890"}],"version-history":[{"count":0,"href":"https:\/\/www.europesays.com\/fr\/wp-json\/wp\/v2\/posts\/161890\/revisions"}],"wp:featuredmedia":[{"embeddable":true,"href":"https:\/\/www.europesays.com\/fr\/wp-json\/wp\/v2\/media\/161891"}],"wp:attachment":[{"href":"https:\/\/www.europesays.com\/fr\/wp-json\/wp\/v2\/media?parent=161890"}],"wp:term":[{"taxonomy":"category","embeddable":true,"href":"https:\/\/www.europesays.com\/fr\/wp-json\/wp\/v2\/categories?post=161890"},{"taxonomy":"post_tag","embeddable":true,"href":"https:\/\/www.europesays.com\/fr\/wp-json\/wp\/v2\/tags?post=161890"}],"curies":[{"name":"wp","href":"https:\/\/api.w.org\/{rel}","templated":true}]}}