{"id":161897,"date":"2025-06-08T22:36:09","date_gmt":"2025-06-08T22:36:09","guid":{"rendered":"https:\/\/www.europesays.com\/fr\/161897\/"},"modified":"2025-06-08T22:36:09","modified_gmt":"2025-06-08T22:36:09","slug":"paris-2024-annonce-76-millions-deuros-dexcedent","status":"publish","type":"post","link":"https:\/\/www.europesays.com\/fr\/161897\/","title":{"rendered":"Paris 2024 annonce 76 millions d\u2019euros d\u2019exc\u00e9dent"},"content":{"rendered":"<p>Le 17 juin, date du dernier Conseil d\u2019administration, Tony Estanguet et ses \u00e9quipes feront \u00e9tat d\u2019un boni \u00e0 la hausse.<\/p>\n<p class=\"fig-paragraph\">Mi-d\u00e9cembre, le Comit\u00e9 d\u2019organisation des Jeux olympiques et paralympiques annon\u00e7ait \u00ab au moins 26,8 millions d\u2019euros d\u2019exc\u00e9dent\u00a0\u00bb. \u00ab Au moins\u00a0\u00bb. \u00ab Entretemps, on a accompli le travail de cl\u00f4ture\u00a0\u00bb, pr\u00e9sente Fr\u00e9d\u00e9ric Lacroix, directeur ex\u00e9cutif administratif et financier de Paris 2024.\u00a0<a href=\"http:\/\/www.lefigaro.fr\/sports\/jeux-olympiques\/tony-estanguet-aureole-par-les-jo-de-paris-revient-au-cio-20250320\" data-fig-type=\"NewsFlash\" data-gtm-custom-categorie=\"navigation\" data-gtm-custom-action=\"crossclick\" data-gtm-custom-label=\"Contextuel\" data-gtm-event=\"customEventSPE\" data-fig-domain=\"LEFIGARO\" target=\"_blank\" rel=\"noopener\">Tony Estanguet<\/a>, pr\u00e9sident du comit\u00e9 d\u2019organisation des Jeux olympiques et paralympiques de Paris 2024, r\u00e9v\u00e8le que, le 17 juin, au Conseil d\u2019administration qui scellera la fin officielle du conseil d\u2019administration avant de passer la main au liquidateur (le cabinet BTSG) seront annonc\u00e9s \u00ab 76 millions d\u2019euros de boni.\u00a0\u00bb Avec comme chiffres d\u00e9finitifs de l\u2019organisation des Jeux de Paris 2024\u00a0: 4,494 milliards d\u2019euros de revenus et 4,418 milliards d\u2019euros de d\u00e9penses.<\/p>\n<p class=\"fig-paragraph\">\u00ab 76 millions d\u2019euros de boni, c\u2019est une excellente nouvelle. Le chiffre n\u2019est pas d\u00e9finitif, d\u00e9finitif, on aura copie finale dans quelques mois. C\u2019est de l\u2019argent qui va au sport. C\u2019est un h\u00e9ritage pour le sport. Un h\u00e9ritage tr\u00e8s important dans un contexte budg\u00e9taire qu\u2019on sait tr\u00e8s difficile. 20% seront directement revers\u00e9s au Cnosf, 60% au fonds de dotation de Paris 2024 g\u00e9r\u00e9 par les membres fondateurs (le Cnosf, le Cpsf, l\u2019\u00c9tat, la ville de Paris, la r\u00e9gion \u00cele-de-France, le Conseil d\u00e9partemental) qui vont pouvoir financer des projets dans le sport fran\u00e7ais. Et enfin 20% revenant au CIO, avec peut-\u00eatre la possibilit\u00e9 qu\u2019une partie, voire la totalit\u00e9, puisse \u00eatre utilis\u00e9e par les Jeux 2030 en France\u00a0\u00bb, d\u00e9taille Tony Estanguet.<\/p>\n<p class=\"fig-paragraph\">Fabrice Lacroix pr\u00e9cisant au sujet des 20% revenant au CIO\u00a0: \u00ab Il ne peut s\u2019agir que de projets d\u2019h\u00e9ritage et pas pour financer des charges d\u2019exploitation courante ou combler des d\u00e9ficits. L\u2019id\u00e9e est de laisser une trace et faire retour du succ\u00e8s des Jeux au monde du sport et du mouvement sportif.\u00a0\u00bb<\/p>\n<p class=\"fig-paragraph\">\u00c0 l\u2019heure du bilan, Tony Estanguet prend le temps de rappeler\u00a0: \u00ab On a toujours \u00e9t\u00e9 anim\u00e9s par le double objectif de r\u00e9ussir de grands Jeux, des Jeux exceptionnels et d\u2019avoir l\u2019objectif de l\u2019\u00e9quilibre.\u00a0\u00bb Et de l\u2019h\u00e9ritage. \u00ab Le fonds de dotation a d\u00e9cid\u00e9 de pouvoir accompagner des projets avec trois grands objectifs\u00a0: c\u00e9l\u00e9brer les Jeux de Paris 2024, accompagner le d\u00e9veloppement de projets initi\u00e9s par Paris 2024 (journ\u00e9e paralympique, savoir nager\u2026), accompagner les athl\u00e8tes acteurs cl\u00e9 des Jeux. Le financement de la vasque (pour les trois prochaines ann\u00e9es) qui retrouvera le ciel de Paris \u00e0 partir du 21 juin entre dans le premier enjeu de c\u00e9l\u00e9brer les Jeux dans les prochaines ann\u00e9es.\u00a0\u00bb<\/p>\n<p class=\"fig-paragraph\">Discret depuis la fin des Jeux, Tony Estanguet, qui \u00e9tait ces derniers jours \u00e0 Los Angeles dans le cadre de sa mission de membre de la commission de coordination pour les Jeux 2028, raconte\u00a0: \u00ab J\u2019ai pris un peu de recul par rapport \u00e0 tout ce que nous avons v\u00e9cu ces derni\u00e8res ann\u00e9es pour dig\u00e9rer tout \u00e7a. L\u2019objectif est de retrouver une activit\u00e9 \u00e0 partir de la rentr\u00e9e, je commence \u00e0 r\u00e9fl\u00e9chir. J\u2019ai fait un gros break, c\u2019est tr\u00e8s agr\u00e9able, m\u00eame si je suis tr\u00e8s occup\u00e9 entre mes activit\u00e9s au CIO et diverses sollicitations \u00e0 droite, \u00e0 gauche, je ne manque pas d\u2019occupation mais j\u2019ai du temps pour r\u00e9fl\u00e9chir \u00e0 la suite&#8230;\u00a0\u00bb<\/p>\n<p class=\"fig-paragraph\">En attendant de penser \u00e0 la suite, Fabrice Lacroix glisse\u00a0: \u00ab Il reste une quinzaine de salari\u00e9s dans les bureaux de Paris 2024, douze ou dix mi-juin, une dizaine le 30 juin quand on fermera physiquement les bureaux. Je resterai quelques semaines de plus pour r\u00e9pondre \u00e0 des questions de la Cour (des Comptes) mais les bureaux seront ferm\u00e9s et c\u2019est le liquidateur qui r\u00e9alisera les derniers actifs, soldera les derniers passifs, les choses \u00e0 payer, d\u2019\u00e9ventuels litiges en cours, il y en a extr\u00eamement peu mais cela peut durer un peu de temps\u2026\u00a0\u00bb<\/p>\n","protected":false},"excerpt":{"rendered":"Le 17 juin, date du dernier Conseil d\u2019administration, Tony Estanguet et ses \u00e9quipes feront \u00e9tat d\u2019un boni \u00e0&hellip;\n","protected":false},"author":2,"featured_media":161898,"comment_status":"","ping_status":"","sticky":false,"template":"","format":"standard","meta":{"footnotes":""},"categories":[1888],"tags":[11,21246,21249,1777,674,1011,27,21244,21243,3996,3237,7941,21250,21247,12,626,5856,25,21245,21248,29441],"class_list":{"0":"post-161897","1":"post","2":"type-post","3":"status-publish","4":"format-standard","5":"has-post-thumbnail","7":"category-paris","8":"tag-actualites","9":"tag-classements-jeux-olympiques","10":"tag-date-jo","11":"tag-eu","12":"tag-europe","13":"tag-fr","14":"tag-france","15":"tag-jeux-olympiques-dete","16":"tag-jeux-olympiques-dhiver","17":"tag-jeux-olympiques","18":"tag-jo","19":"tag-jo-paris-2024","20":"tag-lieu-jeux-olympiques","21":"tag-medaille-jo","22":"tag-news","23":"tag-paris","24":"tag-paris-2024","25":"tag-republique-francaise","26":"tag-resultats-jeux-olympiques","27":"tag-sports-jeux-olympiques","28":"tag-tony-estanguet"},"share_on_mastodon":{"url":"https:\/\/pubeurope.com\/@fr\/114650138714197700","error":""},"_links":{"self":[{"href":"https:\/\/www.europesays.com\/fr\/wp-json\/wp\/v2\/posts\/161897","targetHints":{"allow":["GET"]}}],"collection":[{"href":"https:\/\/www.europesays.com\/fr\/wp-json\/wp\/v2\/posts"}],"about":[{"href":"https:\/\/www.europesays.com\/fr\/wp-json\/wp\/v2\/types\/post"}],"author":[{"embeddable":true,"href":"https:\/\/www.europesays.com\/fr\/wp-json\/wp\/v2\/users\/2"}],"replies":[{"embeddable":true,"href":"https:\/\/www.europesays.com\/fr\/wp-json\/wp\/v2\/comments?post=161897"}],"version-history":[{"count":0,"href":"https:\/\/www.europesays.com\/fr\/wp-json\/wp\/v2\/posts\/161897\/revisions"}],"wp:featuredmedia":[{"embeddable":true,"href":"https:\/\/www.europesays.com\/fr\/wp-json\/wp\/v2\/media\/161898"}],"wp:attachment":[{"href":"https:\/\/www.europesays.com\/fr\/wp-json\/wp\/v2\/media?parent=161897"}],"wp:term":[{"taxonomy":"category","embeddable":true,"href":"https:\/\/www.europesays.com\/fr\/wp-json\/wp\/v2\/categories?post=161897"},{"taxonomy":"post_tag","embeddable":true,"href":"https:\/\/www.europesays.com\/fr\/wp-json\/wp\/v2\/tags?post=161897"}],"curies":[{"name":"wp","href":"https:\/\/api.w.org\/{rel}","templated":true}]}}