{"id":161899,"date":"2025-06-08T22:37:10","date_gmt":"2025-06-08T22:37:10","guid":{"rendered":"https:\/\/www.europesays.com\/fr\/161899\/"},"modified":"2025-06-08T22:37:10","modified_gmt":"2025-06-08T22:37:10","slug":"ukraine-zelensky-sengage-a-poursuivre-les-echanges-de-prisonniers-avec-la-russie-08-06-2025-a-2053","status":"publish","type":"post","link":"https:\/\/www.europesays.com\/fr\/161899\/","title":{"rendered":"Ukraine-Zelensky s&rsquo;engage \u00e0 poursuivre les \u00e9changes de prisonniers avec la Russie &#8211; 08\/06\/2025 \u00e0 20:53"},"content":{"rendered":"<p>\n Le pr\u00e9sident ukrainien Volodimir<br \/>\nZelensky s&rsquo;est engag\u00e9 dimanche \u00e0 poursuivre les \u00e9changes de<br \/>\nprisonniers avec la Russie et a d\u00e9clar\u00e9 que tout manquement de<br \/>\nMoscou \u00e0 respecter les accords humanitaires jetait le doute sur<br \/>\nles efforts d\u00e9ploy\u00e9s par les Etats-Unis et d&rsquo;autres pays pour<br \/>\nmettre fin \u00e0 la guerre en Ukraine.\n<\/p>\n<p>\n Volodimir Zelensky a \u00e9galement demand\u00e9 aux Ukrainiens d&rsquo;\u00eatre<br \/>\nattentifs aux alertes a\u00e9riennes apr\u00e8s les r\u00e9centes attaques<br \/>\na\u00e9riennes lanc\u00e9es par Moscou.\n<\/p>\n<p>\n Le dirigeant ukrainien s&rsquo;est exprim\u00e9 alors que des<br \/>\nresponsables russes ont accus\u00e9 hier l&rsquo;Ukraine de reporter<br \/>\nind\u00e9finiment le dernier \u00e9change de prisonniers.\n<\/p>\n<p>\n Dans son allocution quotidienne, Volodimir Zelensky a<br \/>\nd\u00e9clar\u00e9 que l&rsquo;Ukraine n&rsquo;avait pas encore re\u00e7u la liste compl\u00e8te<br \/>\ndes prisonniers devant \u00eatre lib\u00e9r\u00e9s en vertu des accords conclus<br \/>\nlors des pourparlers men\u00e9s en Turquie.\n<\/p>\n<p>\n \u00ab\u00a0La partie russe essaie donc, comme toujours, m\u00eame sur ces<br \/>\nquestions, de jouer un jeu\u00a0\u00bb, a dit le pr\u00e9sident ukrainien.<br \/>\n\u00ab\u00a0L&rsquo;important est d&rsquo;obtenir un r\u00e9sultat, de faire en sorte que<br \/>\nles gens rentrent chez eux. Nous pensons que les \u00e9changes se<br \/>\npoursuivront et nous ferons tout pour cela.\u00a0\u00bb\n<\/p>\n<p>\n \u00ab\u00a0Si les Russes ne respectent pas les accords, m\u00eame en<br \/>\nmati\u00e8re humanitaire, cela jette un grand doute sur tous les<br \/>\nefforts internationaux &#8211; y compris ceux fournis par les<br \/>\nEtats-Unis en termes de pourparlers et de diplomatie.\u00a0\u00bb\n<\/p>\n<p>\n Le pr\u00e9sident am\u00e9ricain Donald Trump a fait pression sur<br \/>\nl&rsquo;Ukraine et sur la Russie pour qu&rsquo;elles avancent vers une<br \/>\nr\u00e9solution du conflit.\n<\/p>\n<p>\n L&rsquo;Ukraine a d\u00e9clar\u00e9 qu&rsquo;elle soutenait l&rsquo;appel des Etats-Unis<br \/>\nen faveur d&rsquo;un cessez-le-feu de 30 jours, tandis que la Russie<br \/>\naffirme que certaines conditions doivent d&rsquo;abord \u00eatre remplies.\n<\/p>\n<p>\n Volodimir Zelensky a \u00e9galement exhort\u00e9 dimanche les<br \/>\nUkrainiens \u00e0 \u00eatre particuli\u00e8rement attentifs aux alertes<br \/>\na\u00e9riennes.\n<\/p>\n<p>\n \u00ab\u00a0Dans les jours \u00e0 venir, nous devrons \u00eatre attentifs aux<br \/>\nalertes a\u00e9riennes\u00a0\u00bb, a-t-il d\u00e9clar\u00e9. \u00ab\u00a0Prenez soin de vous, prenez<br \/>\nsoin de l&rsquo;Ukraine.\u00a0\u00bb\n<\/p>\n<p>\n (Ron Popeski et Bogdan Kochubey; version fran\u00e7aise Camille<br \/>\nRaynaud)<\/p>\n","protected":false},"excerpt":{"rendered":"Le pr\u00e9sident ukrainien Volodimir Zelensky s&rsquo;est engag\u00e9 dimanche \u00e0 poursuivre les \u00e9changes de prisonniers avec la Russie et&hellip;\n","protected":false},"author":2,"featured_media":2486,"comment_status":"","ping_status":"","sticky":false,"template":"","format":"standard","meta":{"footnotes":""},"categories":[1591],"tags":[400,11,398,408,405,1887,403,402,399,404,12,1885,1886,132,401,406,407],"class_list":{"0":"post-161899","1":"post","2":"type-post","3":"status-publish","4":"format-standard","5":"has-post-thumbnail","7":"category-russie","8":"tag-action-cac-40","9":"tag-actualites","10":"tag-bourse-de-paris","11":"tag-boursorama","12":"tag-cotations","13":"tag-federation-de-russie","14":"tag-indices-devises","15":"tag-investir","16":"tag-investissement","17":"tag-marche-boursier","18":"tag-news","19":"tag-russia","20":"tag-russian-federation","21":"tag-russie","22":"tag-sicav","23":"tag-trackers","24":"tag-warrants"},"share_on_mastodon":{"url":"https:\/\/pubeurope.com\/@fr\/114650142741979353","error":""},"_links":{"self":[{"href":"https:\/\/www.europesays.com\/fr\/wp-json\/wp\/v2\/posts\/161899","targetHints":{"allow":["GET"]}}],"collection":[{"href":"https:\/\/www.europesays.com\/fr\/wp-json\/wp\/v2\/posts"}],"about":[{"href":"https:\/\/www.europesays.com\/fr\/wp-json\/wp\/v2\/types\/post"}],"author":[{"embeddable":true,"href":"https:\/\/www.europesays.com\/fr\/wp-json\/wp\/v2\/users\/2"}],"replies":[{"embeddable":true,"href":"https:\/\/www.europesays.com\/fr\/wp-json\/wp\/v2\/comments?post=161899"}],"version-history":[{"count":0,"href":"https:\/\/www.europesays.com\/fr\/wp-json\/wp\/v2\/posts\/161899\/revisions"}],"wp:featuredmedia":[{"embeddable":true,"href":"https:\/\/www.europesays.com\/fr\/wp-json\/wp\/v2\/media\/2486"}],"wp:attachment":[{"href":"https:\/\/www.europesays.com\/fr\/wp-json\/wp\/v2\/media?parent=161899"}],"wp:term":[{"taxonomy":"category","embeddable":true,"href":"https:\/\/www.europesays.com\/fr\/wp-json\/wp\/v2\/categories?post=161899"},{"taxonomy":"post_tag","embeddable":true,"href":"https:\/\/www.europesays.com\/fr\/wp-json\/wp\/v2\/tags?post=161899"}],"curies":[{"name":"wp","href":"https:\/\/api.w.org\/{rel}","templated":true}]}}