{"id":1619,"date":"2025-04-03T23:05:12","date_gmt":"2025-04-03T23:05:12","guid":{"rendered":"https:\/\/www.europesays.com\/fr\/1619\/"},"modified":"2025-04-03T23:05:12","modified_gmt":"2025-04-03T23:05:12","slug":"tadej-pogacar-prend-la-defense-de-wout-van-aert-il-ne-doit-pas-se-prendre-la-tete-avec-sa-petite-erreur-de-mercredi","status":"publish","type":"post","link":"https:\/\/www.europesays.com\/fr\/1619\/","title":{"rendered":"Tadej Pogacar prend la d\u00e9fense de Wout van Aert : \u00ab\u00a0Il ne doit pas se prendre la t\u00eate avec sa petite erreur de mercredi\u00a0\u00bb"},"content":{"rendered":"<p class=\"ap-StoryElement ap-StoryElement--mb ap-StoryText\"><b>Tadej, il y a deux grands favoris pour le Ronde : vous et Mathieu van der Poel. On doit vous mettre sur un peu d&rsquo;\u00e9galit\u00e9 ?<\/b><\/p>\n<p class=\"ap-StoryElement ap-StoryElement--mb ap-StoryText\">\u00ab\u00a0Je ne sais pas car \u00e0 San Remo, il m&rsquo;a battu assez largement (sourire) mais le Ronde est une course fort diff\u00e9rente, beaucoup plus fatigante, o\u00f9 les jambes seront un peu moins fra\u00eeches dans le final. L&rsquo;aspiration joue aussi un peu moins. Mais a contrario, c&rsquo;est son terrain de jeu : les pav\u00e9s, les petites mont\u00e9es etc. Il a beaucoup de punch et sera, encore une fois, tr\u00e8s difficile \u00e0 battre. Mais je vais tout donner pour y parvenir. Il faudra \u00eatre intelligent tactiquement et rendre la course la plus difficile possible.\u00a0\u00bb<\/p>\n<p class=\"ap-StoryElement ap-StoryElement--mb ap-StoryText\"><b>Vous imaginez un nouveau sprint face \u00e0 lui ?<\/b><\/p>\n<p class=\"ap-StoryElement ap-StoryElement--mb ap-StoryText\">\u00ab\u00a0Ah, ce serait difficile\u2026 C&rsquo;est un bon sprinteur, meilleur que moi. Il performe toujours dans ce genre de contexte. Si je dois arriver avec lui, je ferai de mon mieux. Mais si la course est difficile et qu&rsquo;il est fatigu\u00e9, la diff\u00e9rence entre nous sera peut-\u00eatre moins grande\u2026 On conna\u00eet tous les qualit\u00e9s techniques de Mathieu. Il est en super forme et ce sera tr\u00e8s difficile de la battre. Mais dans une course, il peut se passer beaucoup de choses. Avant un potentiel sprint, il y a 250 kilom\u00e8tres lors desquels il y aura des opportunit\u00e9s et je devrai les saisir.\u00a0\u00bb<\/p>\n<p><a href=\"https:\/\/www.dhnet.be\/sports\/cyclisme\/classiques\/2025\/04\/02\/les-victoires-en-solitaire-la-nouvelle-norme-sur-les-classiques-il-faut-savoir-risquer-de-tout-perdre-pour-gagner-5HSSVKJD35F7TLAJXGMC2UDLYE\/\" target=\"_blank\" rel=\"noopener noreferrer\" class=\"ap-StoryInterstitialLink ap-StoryElement ap-StoryElement--mb\">Les victoires en solitaire, la nouvelle norme sur les classiques : \u00ab\u00a0Il faut savoir risquer de tout perdre pour gagner\u00a0\u00bb<\/a><\/p>\n<p class=\"ap-StoryElement ap-StoryElement--mb ap-StoryText\"><b>Vous avez un sentiment de revanche par rapport \u00e0 la Primavera ?<\/b><\/p>\n<p class=\"ap-StoryElement ap-StoryElement--mb ap-StoryText\">\u00ab\u00a0Non, pourquoi serais-je amer ? Personne n&rsquo;a rien fait de mal donc il n&rsquo;y a rien \u00e0 venger.\u00a0\u00bb<\/p>\n<blockquote class=\"ap-StoryQuote ap-StoryQuote--pullquote\"><p>guillement<\/p>\n<p class=\"ap-StoryQuote-text\">J&rsquo;aime rouler contre Mathieu mais je pr\u00e9f\u00e8re quand m\u00eame \u00eatre \u00e0 la maison avec ma petite amie.<\/p>\n<\/blockquote>\n<p class=\"ap-StoryElement ap-StoryElement--mb ap-StoryText\"><b>Van der Poel dit qu&rsquo;il aime courir contre vous car vous faites ressortir le meilleur de lui. Est-ce r\u00e9ciproque ?<\/b><\/p>\n<p class=\"ap-StoryElement ap-StoryElement--mb ap-StoryText\">\u00ab\u00a0Bien s\u00fbr. Chaque course contre lui est un grand d\u00e9fi, que j&rsquo;aime tenter. J&rsquo;admire le style de course de Mathieu. Mais ce n&rsquo;est pas de tout repos. Si je devais choisir entre rester chez moi avec Urska ou courir contre Mathieu, je pr\u00e9f\u00e8re \u00eatre \u00e0 la maison avec ma petite amie (rires).\u00a0\u00bb<\/p>\n<p class=\"ap-StoryElement ap-StoryElement--mb ap-StoryText\"><b>Il conna\u00eet mieux le parcours que vous. Cela peut \u00e9galement \u00eatre un avantage ?<\/b><\/p>\n<p class=\"ap-StoryElement ap-StoryElement--mb ap-StoryText\">\u00ab\u00a0C&rsquo;est vrai que je ne suis pas celui qui le conna\u00eet le mieux. J&rsquo;ai couru le Tour des Flandres \u00e0 deux reprises seulement, en plus de quelques courses dans la r\u00e9gion lorsque j&rsquo;\u00e9tais chez les U23. Pour les coureurs qui vivent \u00e0 proximit\u00e9, c&rsquo;est plus simple de tout conna\u00eetre par c\u0153ur car les routes changent tr\u00e8s peu d&rsquo;ann\u00e9e en ann\u00e9e. Mais dans mon \u00e9quipe, j&rsquo;ai quelques r\u00e9gionaux (NdlR : comme Tim Wellens ou Florian Vermeersch) et j&rsquo;\u00e9coute beaucoup leurs conseils, tout comme ceux des directeurs sportifs.\u00a0\u00bb<\/p>\n<p class=\"ap-StoryElement ap-StoryElement--mb ap-StoryText\"><b>On vous sent impatient.<\/b><\/p>\n<p class=\"ap-StoryElement ap-StoryElement--mb ap-StoryText\">\u00ab\u00a0C&rsquo;est le cas. Le Tour des Flandres est une des courses les plus amusantes de la saison. Avec une ambiance fantastique au bord des routes, o\u00f9 l&rsquo;adr\u00e9naline est pr\u00e9sente \u00e0 tout moment, et un parcours qui n&rsquo;est jamais reposant. Cela va \u00eatre g\u00e9nial.\u00a0\u00bb<\/p>\n<p><a href=\"https:\/\/www.dhnet.be\/sports\/cyclisme\/2025\/04\/03\/pensez-vous-etre-incollable-sur-le-tour-des-flandres-verifiez-cela-quiz-3T4N3L5P2VGU7CMQPNGFIFD2YA\/\" target=\"_blank\" rel=\"noopener noreferrer\" class=\"ap-StoryInterstitialLink ap-StoryElement ap-StoryElement--mb\">Pensez-vous \u00eatre incollable sur le Tour des Flandres ? V\u00e9rifiez cela ! (QUIZ)<\/a><\/p>\n<p class=\"ap-StoryElement ap-StoryElement--mb ap-StoryText\"><b>On vous sent aussi tr\u00e8s impatient pour Paris-Roubaix.<\/b><a href=\"https:\/\/www.dhnet.be\/sports\/cyclisme\/classiques\/2025\/04\/02\/tadej-pogacar-previent-tout-le-monde-le-champion-du-monde-realise-un-entrainement-monstrueux-entre-les-paves-de-roubaix-et-les-monts-des-flandres-MP44N3DUH5ADRFV2YQBG7PO2TM\/\" target=\"_blank\" rel=\"noopener\"><b> On vous a vu aller reconna\u00eetre les pav\u00e9s de Roubaix, mercredi. Et vous \u00eates all\u00e9 chercher quelques records Strava (KOM) sur les segments pav\u00e9s.<\/b><\/a><b> Vous \u00e9tiez derri\u00e8re une moto ?<\/b><\/p>\n<p class=\"ap-StoryElement ap-StoryElement--mb ap-StoryText\">\u00ab\u00a0(il rigole) Dans certains secteurs, j&rsquo;avais un vent tr\u00e8s favorable. C&rsquo;\u00e9tait tr\u00e8s agr\u00e9able car cela m&rsquo;a permis de rester rapide du d\u00e9but \u00e0 la fin de certains secteurs. Et dans d&rsquo;autres parties, j&rsquo;\u00e9tais derri\u00e8re la moto\u2026. mais pas souvent. C&rsquo;\u00e9tait une super journ\u00e9e. Vivement dimanche prochain.\u00a0\u00bb<\/p>\n<blockquote class=\"ap-StoryQuote ap-StoryQuote--pullquote\"><p>guillement<\/p>\n<p class=\"ap-StoryQuote-text\">Je suis assez optimiste sur mes chances de faire quelque chose \u00e0 Roubaix.<\/p>\n<\/blockquote>\n<p class=\"ap-StoryElement ap-StoryElement--mb ap-StoryText\"><b>C&rsquo;est un plus grand objectif pour vous que le Ronde, que vous avez d\u00e9j\u00e0 gagn\u00e9 en 2023 ?<\/b><\/p>\n<p class=\"ap-StoryElement ap-StoryElement--mb ap-StoryText\">\u00ab\u00a0Je ne peux pas vraiment dire \u00e7a. C&rsquo;est la premi\u00e8re fois que je me mesurerai \u00e0 l&rsquo;Enfer du Nord et je dois d&rsquo;abord tester. Voir comment la course se passe et comment je me sens. Mais je suis assez optimiste sur ma capacit\u00e9 \u00e0 y faire une belle course.\u00a0\u00bb<\/p>\n<p class=\"ap-StoryElement ap-StoryElement--mb ap-StoryText\"><b>Pouvez-vous nous expliquer comment vous avez pris la d\u00e9cision de participer \u00e0 Paris-Roubaix ? N&rsquo;est-ce pas trop dangereux pour un coureur qui vise le Tour de France ?<\/b><\/p>\n<p class=\"ap-StoryElement ap-StoryElement--mb ap-StoryText\">\u00ab\u00a0Une course comme les Strade est \u00e9galement tr\u00e8s dangereuse. Il y a des chutes chaque ann\u00e9e, et je suis bien plac\u00e9 pour le savoir. La premi\u00e8re \u00e9tape de sprint d&rsquo;un grand tour est \u00e9galement tr\u00e8s dangereuse. Le placement avant la Cipressa \u00e0 Milan-San Remo aussi. Une petite erreur peut avoir d&rsquo;\u00e9normes cons\u00e9quences. Et Roubaix fait partie de ces courses o\u00f9 le risque est \u00e9videmment pr\u00e9sent. L&rsquo;entr\u00e9e de la Trou\u00e9e d&rsquo;Arenberg me faisait peur mais apr\u00e8s l&rsquo;avoir fait plusieurs fois, je me dis que c&rsquo;est bien mieux qu&rsquo;on l&rsquo;aborde avec un peu moins de vitesse. C&rsquo;es moins dangereux. Mais la peur peut faire perdre beaucoup d&rsquo;\u00e9nergie et cela reste une des meilleures courses du monde et apr\u00e8s avoir fait une reconnaissance en f\u00e9vrier, j&rsquo;ai d\u00e9cid\u00e9 que je voulais y aller avant qu&rsquo;il ne soit trop tard. J&rsquo;aime garder la motivation et ne pas m&rsquo;ennuyer. En ce sens, je veux profiter de chaque exp\u00e9rience que le cyclisme peut me donner.\u00a0\u00bb<\/p>\n<p class=\"ap-StoryElement ap-StoryElement--mb ap-StoryText\"><b>Certains disent que vous \u00eates un peu trop l\u00e9ger pour Paris-Roubaix.<\/b><\/p>\n<p class=\"ap-StoryElement ap-StoryElement--mb ap-StoryText\">\u00ab\u00a0On verra dimanche prochain. Je ne suis pas le coureur le plus lourd mais je ne suis pas le plus l\u00e9ger non plus. Je me situe dans une cat\u00e9gorie interm\u00e9diaire. Et peu importe le poids, il faut toujours avoir des bonnes jambes.\u00a0\u00bb<\/p>\n<blockquote class=\"ap-StoryQuote ap-StoryQuote--pullquote\"><p>guillement<\/p>\n<p class=\"ap-StoryQuote-text\">Wout van Aert a toujours un suppl\u00e9ment de motivation sur le Ronde.<\/p>\n<\/blockquote>\n<p class=\"ap-StoryElement ap-StoryElement--mb ap-StoryText\"><b>Avez-vous vu les images du final d&rsquo;A Travers la Flandre, en rentrant de votre reconnaissance ? Qu&rsquo;avez-vous pens\u00e9 de la d\u00e9faite des trois coureurs Visma face \u00e0 Powless ?<\/b><\/p>\n<p class=\"ap-StoryElement ap-StoryElement--mb ap-StoryText\">\u00ab\u00a0Honn\u00eatement, je n&rsquo;ai pas regard\u00e9. J&rsquo;ai juste vu le r\u00e9sultat et j&rsquo;ai entendu ce qu&rsquo;il s&rsquo;\u00e9tait pass\u00e9. Je ne peux pas en dire trop. Je pense qu&rsquo;ils ont juste fait une petite erreur en \u00e9tant trop confiants. Il n&rsquo;y a rien de mal \u00e0 cela. Powless \u00e9tait vraiment fort.\u00a0\u00bb<\/p>\n<p class=\"ap-StoryElement ap-StoryElement--mb ap-StoryText\"><b>Pour Wout van Aert, cela a \u00e9t\u00e9 compliqu\u00e9 \u00e0 dig\u00e9rer. Le consid\u00e9rez-vous toujours comme un favori avec qui il faudra compter ?<\/b><\/p>\n<p class=\"ap-StoryElement ap-StoryElement--mb ap-StoryText\">\u00ab\u00a0Tout \u00e0 fait. Le Ronde est son objectif principal et il a toujours un suppl\u00e9ment de motivation en prenant le d\u00e9part de cette course. Il arrive toujours \u00e0 se surpasser sur les monuments. Je pense donc qu&rsquo;il sera en pleine forme.\u00a0\u00bb<\/p>\n<p><a href=\"https:\/\/www.dhnet.be\/sports\/cyclisme\/classiques\/2025\/04\/02\/la-fleche-brisee-de-van-aert-le-belge-reconnait-son-erreur-apres-avoir-ete-surpris-et-battu-par-lamerindien-powless-a-a-travers-la-flandre-ROHWZHZVRNDHJC5KITP2IAZ4VE\/\" target=\"_blank\" rel=\"noopener noreferrer\" class=\"ap-StoryInterstitialLink ap-StoryElement ap-StoryElement--mb\">La fl\u00e8che bris\u00e9e de van Aert : le Belge reconna\u00eet son erreur apr\u00e8s avoir \u00e9t\u00e9 surpris et battu par l&rsquo;Am\u00e9rindien Powless \u00e0 \u00c0 Travers la Flandre<\/a><\/p>\n<p class=\"ap-StoryElement ap-StoryElement--mb ap-StoryText\"><b>Demi Vollering lui a apport\u00e9 son soutien par rapport aux critiques qu&rsquo;il a re\u00e7ues. Elle a soulign\u00e9 l&rsquo;immense pression qui \u00e9tait exerc\u00e9e sur les coureurs. Vous la ressentez parfois aussi ?<\/b><\/p>\n<p class=\"ap-StoryElement ap-StoryElement--mb ap-StoryText\">\u00ab\u00a0Oui, elle a raison. Aujourd&rsquo;hui, tout le monde a son avis dans la presse ou sur les r\u00e9seaux sociaux. Ces derniers sont d&rsquo;ailleurs un cancer pour notre soci\u00e9t\u00e9. On y trouve beaucoup de choses positives mais aussi \u00e9norm\u00e9ment de n\u00e9gatives. Et cela peut vraiment g\u00e2cher votre journ\u00e9e. Parfois, il vaut mieux ne pas s&rsquo;en soucier. Chaque coureur ressent de la pression, encore plus quand vous avez ax\u00e9 votre calendrier sur certaines grandes courses comme c&rsquo;est le cas de Wout. Ce qui s&rsquo;est pass\u00e9 mercredi, \u00e7a craint pour lui. Mais il n&rsquo;aura pas \u00e7a en t\u00eate en prenant le d\u00e9part de la prochaine course.\u00a0\u00bb<\/p>\n<p><a href=\"https:\/\/www.dhnet.be\/sports\/cyclisme\/classiques\/2025\/04\/02\/tour-des-flandres-le-seul-moyen-deviter-le-duel-entre-tadej-pogacar-et-mathieu-van-der-poel-cest-de-mettre-le-bazar-62YAHKHQLRFKTML5YIM6MBSZ4M\/\" target=\"_blank\" rel=\"noopener noreferrer\" class=\"ap-StoryInterstitialLink ap-StoryElement ap-StoryElement--mb\">Tour des Flandres: \u00ab\u00a0Le seul moyen d&rsquo;\u00e9viter le duel entre Tadej Pogacar et Mathieu van der Poel, c&rsquo;est de mettre le bazar\u00a0\u00bb<\/a><\/p>\n","protected":false},"excerpt":{"rendered":"Tadej, il y a deux grands favoris pour le Ronde : vous et Mathieu van der Poel. On&hellip;\n","protected":false},"author":2,"featured_media":1620,"comment_status":"","ping_status":"","sticky":false,"template":"","format":"standard","meta":{"footnotes":""},"categories":[9],"tags":[1151,17,1152,1153,1154,207,1155,1156,1157,839,1158,1011,27,1159,1160,1161,1162,1163,1164,1165,1166,1167,1168,517,60,1169,1170,1171,1172],"class_list":{"0":"post-1619","1":"post","2":"type-post","3":"status-publish","4":"format-standard","5":"has-post-thumbnail","7":"category-sports","8":"tag-nicovereeckenfoto","9":"tag-17","10":"tag-ciclismo","11":"tag-conference-de-presse","12":"tag-cycling","13":"tag-cyclisme","14":"tag-de-ronde","15":"tag-flanders-classics","16":"tag-flandre","17":"tag-flandres","18":"tag-flcl","19":"tag-fr","20":"tag-france","21":"tag-hoogmis","22":"tag-koers","23":"tag-nico-vereecken","24":"tag-oudenaarde","25":"tag-persconferentie","26":"tag-press-conference","27":"tag-radfahren","28":"tag-radsport","29":"tag-ronde-van-vlaanderen","30":"tag-rvv","31":"tag-sport","32":"tag-sports","33":"tag-tour-de-flandres","34":"tag-tour-of-flanders","35":"tag-vlaanderen","36":"tag-wielrennen"},"share_on_mastodon":{"url":"https:\/\/pubeurope.com\/@fr\/114276540368555630","error":""},"_links":{"self":[{"href":"https:\/\/www.europesays.com\/fr\/wp-json\/wp\/v2\/posts\/1619","targetHints":{"allow":["GET"]}}],"collection":[{"href":"https:\/\/www.europesays.com\/fr\/wp-json\/wp\/v2\/posts"}],"about":[{"href":"https:\/\/www.europesays.com\/fr\/wp-json\/wp\/v2\/types\/post"}],"author":[{"embeddable":true,"href":"https:\/\/www.europesays.com\/fr\/wp-json\/wp\/v2\/users\/2"}],"replies":[{"embeddable":true,"href":"https:\/\/www.europesays.com\/fr\/wp-json\/wp\/v2\/comments?post=1619"}],"version-history":[{"count":0,"href":"https:\/\/www.europesays.com\/fr\/wp-json\/wp\/v2\/posts\/1619\/revisions"}],"wp:featuredmedia":[{"embeddable":true,"href":"https:\/\/www.europesays.com\/fr\/wp-json\/wp\/v2\/media\/1620"}],"wp:attachment":[{"href":"https:\/\/www.europesays.com\/fr\/wp-json\/wp\/v2\/media?parent=1619"}],"wp:term":[{"taxonomy":"category","embeddable":true,"href":"https:\/\/www.europesays.com\/fr\/wp-json\/wp\/v2\/categories?post=1619"},{"taxonomy":"post_tag","embeddable":true,"href":"https:\/\/www.europesays.com\/fr\/wp-json\/wp\/v2\/tags?post=1619"}],"curies":[{"name":"wp","href":"https:\/\/api.w.org\/{rel}","templated":true}]}}