{"id":161906,"date":"2025-06-08T22:41:26","date_gmt":"2025-06-08T22:41:26","guid":{"rendered":"https:\/\/www.europesays.com\/fr\/161906\/"},"modified":"2025-06-08T22:41:26","modified_gmt":"2025-06-08T22:41:26","slug":"allemagne-france-0-2-les-bleus-terminent-a-la-3e-place-de-la-ligue-des-nations","status":"publish","type":"post","link":"https:\/\/www.europesays.com\/fr\/161906\/","title":{"rendered":"Allemagne-France (0-2) : les Bleus terminent \u00e0 la 3e place de la Ligue des nations"},"content":{"rendered":"<ul class=\"jsx-862013697 ArticleChapo__List\">\n<li class=\"jsx-862013697 ArticleChapo__List_Item flex\">Trois jours apr\u00e8s avoir \u00e9t\u00e9 \u00e9limin\u00e9e par l&rsquo;Espagne, l&rsquo;\u00e9quipe de France a rebondi, dimanche 8 juin, en terminant \u00e0 la 3\u1d49 place de la Ligue des nations.<\/li>\n<li class=\"jsx-862013697 ArticleChapo__List_Item flex\">Des Bleus aux deux visages ont pi\u00e9g\u00e9 l&rsquo;Allemagne (0-2) chez elle pour remporter la petite finale.<\/li>\n<li class=\"jsx-862013697 ArticleChapo__List_Item flex\">Kylian Mbapp\u00e9, d&rsquo;abord buteur puis passeur pour Michael Olise, a pes\u00e9 sur le r\u00e9sultat de la rencontre.<\/li>\n<\/ul>\n<p data-module=\"article-paragraph\" class=\"jsx-3046738180 Paragraph\">L&rsquo;honneur est sauf pour les Bleus. Trois jours apr\u00e8s <a href=\"https:\/\/www.tf1info.fr\/sport\/football-espagne-france-en-direct-video-tf1-mbappe-dembele-et-les-bleus-visent-la-finale-de-ligue-des-nations-2374908.html\" target=\"_blank\" rel=\"noopener\">leur d\u00e9b\u00e2cle d\u00e9fensive (nouvelle fen\u00eatre)<\/a> contre l&rsquo;Espagne de Lamine Yamal (5-4), en demi-finales de la Ligue des nations, les partenaires de <a href=\"https:\/\/www.tf1info.fr\/actualite\/fiche-joueur-rayan-cherki-14277\/\" target=\"_blank\" rel=\"noopener\">Rayan Cherki<\/a>, titularis\u00e9 pour la premi\u00e8re fois en s\u00e9lection apr\u00e8s son entr\u00e9e en jeu \u00e9poustouflante face \u00e0 la Roja, ont relev\u00e9 la t\u00eate. Ils ont remport\u00e9, dimanche 8 juin, la petite finale qui les opposait \u00e0 l&rsquo;Allemagne (0-2), <a href=\"https:\/\/www.tf1info.fr\/sport\/football-allemagne-portugal-en-direct-video-tf1-qui-va-decrocher-le-premier-ticket-pour-la-finale-ligue-des-nations-avant-espagne-france-2374844.html\" target=\"_blank\" rel=\"noopener\">\u00e9limin\u00e9e par le Portugal (1-2)<\/a> plus t\u00f4t dans la semaine.<\/p>\n<p data-module=\"article-paragraph\" class=\"jsx-3046738180 Paragraph Paragraph__End\">Leur premi\u00e8re p\u00e9riode laissait pourtant augurer un tout autre sc\u00e9nario. Similaire \u00e0 celui \u00e9prouv\u00e9 face aux champions d&rsquo;Europe espagnols. Une nouvelle fois d\u00e9fensivement \u00e0 la peine, les vice-champions du monde ont cette fois tenu bon, sauv\u00e9s par <a href=\"https:\/\/www.tf1info.fr\/actualite\/fiche-joueur-mike-maignan-13657\/\" target=\"_blank\" rel=\"noopener\">Mike Maignan<\/a> (2\u1d49, 7\u1d49, 24\u1d49, 42\u1d49), Lucas Digne (5\u1d49) et m\u00eame leur poteau (37\u1d49). Fortement remani\u00e9s avec huit changements dans leur onze de d\u00e9part, ils ont laiss\u00e9 passer l&rsquo;orage pour mieux pi\u00e9ger leur rival historique.<\/p>\n<p>Fin de la disette pour Mbapp\u00e9 <\/p>\n<p data-module=\"article-paragraph\" class=\"jsx-3046738180 Paragraph Paragraph__End\">Contre le cours du jeu, <a href=\"https:\/\/www.tf1info.fr\/actualite\/fiche-joueur-kylian-mbappe-11796\/\" target=\"_blank\" rel=\"noopener\">Kylian Mbapp\u00e9<\/a> a fait la diff\u00e9rence juste avant la mi-temps. Le capitaine des Bleus, transparent jusque-l\u00e0, a fait basculer la rencontre d&rsquo;un tir enroul\u00e9 dans le petit filet oppos\u00e9 (45\u1d49+1, 0-1). Auteur de <a href=\"https:\/\/x.com\/equipedefrance\/status\/1931711568607051986\" target=\"_blank\">son 50\u1d49 but en 90 capes (nouvelle fen\u00eatre)<\/a>, le num\u00e9ro 9 du Real Madrid a mis fin \u00e0 une disette d&rsquo;un an sans but dans le jeu en s\u00e9lection depuis le match amical <a href=\"https:\/\/www.tf1info.fr\/sport\/football-en-direct-match-france-luxembourg-les-bleus-derniers-tests-avant-l-euro-2024-2302456.html\" target=\"_blank\" rel=\"noopener\">contre le Luxembourg (3-0) (nouvelle fen\u00eatre)<\/a>, le 5 juin 2024.\u00a0<\/p>\n<p>Allemagne-France (0-2) : voir le r\u00e9sum\u00e9 en 5 minutesSource : Football &#8211; Matchs Equipe de France<\/p>\n<p><img decoding=\"async\" src=\"https:\/\/photos.tf1info.fr\/images\/383\/215\/allfra_res5-cbb1c2-115a9a-0@1x.jpeg\" alt=\"Allemagne-France (0-2) : voir le r\u00e9sum\u00e9 en 5 minutes\" loading=\"lazy\" importance=\"low\" fetchpriority=\"low\" class=\"\"\/><img decoding=\"async\" src=\"https:\/\/www.europesays.com\/fr\/wp-content\/uploads\/2025\/04\/player-logo-play.svg.svg+xml\" alt=\"Logo lecture\" class=\"jsx-d0de44c05fe3042c PlayerLazyload__Play\"\/><\/p>\n<p data-module=\"article-paragraph\" class=\"jsx-3046738180 Paragraph\">Sa r\u00e9alisation a eu en tout cas le m\u00e9rite de lib\u00e9rer les hommes de <a href=\"https:\/\/www.tf1info.fr\/actualite\/didier-deschamps-10147\/\" target=\"_blank\" rel=\"noopener\">Didier Deschamps<\/a>, plus s\u00e9duisants sans \u00eatre rayonnants apr\u00e8s la pause. Constamment dangereux dans la transition, ils ont profit\u00e9 des nombreux espaces laiss\u00e9s par les Allemands. Sans pour autant r\u00e9ussir \u00e0 faire le break, \u00e0 l&rsquo;image du poteau touch\u00e9 par Marcus Thuram (59\u1d49), d&rsquo;un superbe contre vendang\u00e9 par Randal Kolo Muani (63\u1d49) de la vol\u00e9e splendide de Kylian Mbapp\u00e9 (80\u1d49) ou des un-contre-un perdus face \u00e0 Marc-Andr\u00e9 ter Stegen (71\u1d49, 74\u1d49, 82\u1d49).<\/p>\n<p data-module=\"article-paragraph\" class=\"jsx-3046738180 Paragraph Paragraph__End\">\u00c0 force d&rsquo;essayer, ce qui devait arriver est arriv\u00e9. Servi sur un plateau par son capitaine, <a href=\"https:\/\/www.tf1info.fr\/actualite\/fiche-joueur-michael-olise-13803\/\" target=\"_blank\" rel=\"noopener\">Michael Olise<\/a> a conclu seul face au but vide (84\u1d49, 0-2) pour valider la 3\u1d49 place dans cette Ligue des nations. Ce que les Bleus \u00e9taient venus chercher avant de se retrouver en septembre dans les qualifications du Mondial 026, le principal objectif de l&rsquo;ann\u00e9e.\u00a0<\/p>\n<p><img decoding=\"async\" src=\"https:\/\/www.europesays.com\/fr\/wp-content\/uploads\/2025\/06\/ligue-des-nations-illustration-7394c1-0@1x.jpeg\" alt=\"Fabrice COFFRINI \/ AFP\" loading=\"lazy\" importance=\"low\" fetchpriority=\"low\" class=\"\"\/>TERMIN\u00c9<\/p>\n<p class=\"jsx-1738046559 ScoreBoard__SubTitle\">Match pour la 3e place &#8211; Ligue des nations<\/p>\n<p class=\"jsx-1738046559 ScoreBoard__SubTitle\">Le 8 juin 2025 , MHPArena, \u00e0 Stuttgart (Allemagne)<\/p>\n<p class=\"jsx-1738046559 ScoreBoard__Teams__NameA\">Allemagne<\/p>\n<p class=\"jsx-1738046559 ScoreBoard__Teams__NameB\">France<\/p>\n<p><img decoding=\"async\" src=\"https:\/\/www.europesays.com\/fr\/wp-content\/uploads\/2025\/06\/logo_allemagne_2018-9fb139-1@1x.png\" alt=\"\" loading=\"eager\" importance=\"low\" fetchpriority=\"low\" class=\"\"\/><\/p>\n<p>0 &#8211; 2<\/p>\n<p><img decoding=\"async\" src=\"https:\/\/www.europesays.com\/fr\/wp-content\/uploads\/2025\/06\/logo-france-2-2024-5d2d69-2@1x.png\" alt=\"\" loading=\"eager\" importance=\"low\" fetchpriority=\"low\" class=\"\"\/><\/p>\n<ul class=\"jsx-1738046559 ScoreBoard__Teams__ScoresB\">\n<li class=\"jsx-1738046559\">Kylian Mbapp\u00e9 45+1&prime;<\/li>\n<li class=\"jsx-1738046559\">Michael Olise 84&prime;<\/li>\n<\/ul>\n<p>Par Actions<\/p>\n<p>ReplayFin du matchButChangementStatistiquesCarton jauneVARRepriseMi-tempsPenaltyCoup d&rsquo;envoi<\/p>\n<p>Valider les filtresR\u00e9initialiser les filtres<\/p>\n<p>Minute par minuteFiltrer par Temps forts, Sports et ActionsFiltrer17:06<br class=\"jsx-494582681\"\/> 8 juin 2025AU REVOIR<\/p>\n<p>Merci \u00e0 toutes et \u00e0 tous d&rsquo;avoir suivi cette petite finale de Ligue des nations en notre compagnie. Rendez-vous \u00e0 21h en direct sur TF1, en streaming sur TF1+ et en live comment\u00e9 sur TF1info pour la finale Portugal-France. Bonne fin de journ\u00e9e \u00e0 vous.<\/p>\n<p>Sports<img decoding=\"async\" src=\"https:\/\/www.europesays.com\/fr\/wp-content\/uploads\/2025\/06\/coupe-portugal-58a63e-0@1x.jpeg\" alt=\"REVIVEZ - Le Portugal remporte la Ligue des nations aux tirs au but face \u00e0 l'Espagne\" loading=\"lazy\" importance=\"low\" fetchpriority=\"low\" class=\"\" aria-hidden=\"true\"\/>Publi\u00e9 aujourd&rsquo;hui \u00e0 0h2217:06<br class=\"jsx-494582681\"\/> 8 juin 2025<\/p>\n<p>Revoyez le but de break de Michael Olise.<\/p>\n<p>Allemagne &#8211; France : voir le but de Michael OliseSource : Football &#8211; Matchs Equipe de France<\/p>\n<p><img decoding=\"async\" src=\"https:\/\/photos.tf1info.fr\/images\/383\/215\/allemagne-france-voir-le-but-de-michael-olise-75d93e-bebdd5-0@1x.jpeg\" alt=\"Allemagne - France : voir le but de Michael Olise\" loading=\"lazy\" importance=\"low\" fetchpriority=\"low\" class=\"\"\/><img decoding=\"async\" src=\"https:\/\/www.europesays.com\/fr\/wp-content\/uploads\/2025\/04\/player-logo-play.svg.svg+xml\" alt=\"Logo lecture\" class=\"jsx-d0de44c05fe3042c PlayerLazyload__Play\"\/>16:57<br class=\"jsx-494582681\"\/> 8 juin 202590&rsquo;+6<\/p>\n<p><strong>C&rsquo;est termin\u00e9 \u00e0 la MHPArena ! Vainqueurs de l&rsquo;Allemagne, les Bleus assurent la 3e place de la Ligue des nations.<\/strong><\/p>\n<p>16:56<br class=\"jsx-494582681\"\/> 8 juin 202590&rsquo;+4<\/p>\n<p>Le chrono continue de d\u00e9filer en faveur de l&rsquo;\u00e9quipe de France.<\/p>\n<p>16:55<br class=\"jsx-494582681\"\/> 8 juin 202590&rsquo;+2<\/p>\n<p>Les Bleus resserrent les rangs pour garder leur cage inviol\u00e9e.<\/p>\n<p>16:52<br class=\"jsx-494582681\"\/> 8 juin 202590&prime;<\/p>\n<p>Temps additionnel : 6 minutes minimum.<\/p>\n<p>16:52<br class=\"jsx-494582681\"\/> 8 juin 2025<\/p>\n<p>Revoyez le poteau touch\u00e9 par Marcus Thuram.<\/p>\n<p>Allemagne &#8211; France : voir le poteau trouv\u00e9 par Marcus ThuramSource : Football &#8211; Matchs Equipe de France<\/p>\n<p><img decoding=\"async\" src=\"https:\/\/photos.tf1info.fr\/images\/383\/215\/allemagne-france-voir-le-poteau-trouve-par-marcus-thuram-15fa42-3a4cf0-0@1x.jpeg\" alt=\"Allemagne - France : voir le poteau trouv\u00e9 par Marcus Thuram\" loading=\"lazy\" importance=\"low\" fetchpriority=\"low\" class=\"\"\/><img decoding=\"async\" src=\"https:\/\/www.europesays.com\/fr\/wp-content\/uploads\/2025\/04\/player-logo-play.svg.svg+xml\" alt=\"Logo lecture\" class=\"jsx-d0de44c05fe3042c PlayerLazyload__Play\"\/>16:51<br class=\"jsx-494582681\"\/> 8 juin 2025<\/p>\n<p>Revoyez le but refus\u00e9 \u00e0 Deniz Undav.<\/p>\n<p>Allemagne &#8211; France : voir le but annul\u00e9 de Deniz UndavSource : Football &#8211; Matchs Equipe de France<\/p>\n<p><img decoding=\"async\" src=\"https:\/\/photos.tf1info.fr\/images\/383\/215\/allemagne-france-voir-le-but-annule-de-deniz-undav-6b3307-da566f-0@1x.jpeg\" alt=\"Allemagne - France : voir le but annul\u00e9 de Deniz Undav\" loading=\"lazy\" importance=\"low\" fetchpriority=\"low\" class=\"\"\/><img decoding=\"async\" src=\"https:\/\/www.europesays.com\/fr\/wp-content\/uploads\/2025\/04\/player-logo-play.svg.svg+xml\" alt=\"Logo lecture\" class=\"jsx-d0de44c05fe3042c PlayerLazyload__Play\"\/>16:47<br class=\"jsx-494582681\"\/> 8 juin 202586&prime;<\/p>\n<p>Les Bleus se dirigent tranquillement vers la 3e place de la Ligue des nations pour sa troisi\u00e8me participation.<\/p>\n<p>16:46<br class=\"jsx-494582681\"\/> 8 juin 202584&prime;<\/p>\n<p><strong>BUUUUUUUUUUT DE MICHAEL OLISE ! Cette fois, le contre tricolore va au bout. Mbapp\u00e9, servi c\u00f4t\u00e9 gauche, profite d&rsquo;un mauvais alignement allemand. Il remonte le terrain avant de servir en retrait Olise. Le joueur du Bayern Munich marque dans le but vide. 0-2 pour la France.<\/strong><\/p>\n<p>16:45<br class=\"jsx-494582681\"\/> 8 juin 202582&prime;<\/p>\n<p>Mbapp\u00e9 perd son nouveau face-\u00e0-face avec ter Stegen.<\/p>\n<p>16:43<br class=\"jsx-494582681\"\/> 8 juin 202579&prime;<\/p>\n<p><strong>Mbapp\u00e9 proche de faire le break ! \u00c0 la retomb\u00e9e d&rsquo;un centre de Dou\u00e9 c\u00f4t\u00e9 droit, le capitaine des Bleus se couche sur le ballon en armant sa reprise de vol\u00e9e depuis l&rsquo;entr\u00e9e de la surface.\u00a0Ter Stegen r\u00e9alise une belle horizontale.<\/strong><\/p>\n<p>16:40<br class=\"jsx-494582681\"\/> 8 juin 202579&prime;<\/p>\n<p>Changement pour l&rsquo;Allemagne : Serge Gnabry remplace Karim Adeyemi.<\/p>\n<p>16:39<br class=\"jsx-494582681\"\/> 8 juin 202577&prime;<\/p>\n<p>M\u00eame recette, m\u00eame r\u00e9sultat pour les Bleus de Didier Deschamps.<\/p>\n<blockquote data-testid=\"EmbedTwitter\" id=\"tweet-1931711306370867407-:Rece9iqemij9n79m:\" class=\"jsx-aeff1a1c40f54d7a twitter-tweet flex justify-center items-center\"><p>10- La France a conc\u00e9d\u00e9 10 tirs en premi\u00e8re p\u00e9riode contre l&rsquo;Allemagne, ce qui ne lui \u00e9tait plus arriv\u00e9 depuis les demi-finales de l&rsquo;Euro 2016&#8230; d\u00e9j\u00e0 contre l&rsquo;Allemagne (11 &#8211; 1-0 pour les Bleus \u00e0 la pause \u00e9galement). Hold-ups. #ALLFRA pic.twitter.com\/BrU8OyqQCf \u2014 OptaJean (@OptaJean)  June 8, 2025<\/p><\/blockquote>\n<p>16:35<br class=\"jsx-494582681\"\/> 8 juin 202575&prime;<\/p>\n<p>Dou\u00e9 chauffe les gants de ter Stegen.\u00a0Gr\u00e2ce \u00e0 une s\u00e9rie de passements de jambes devant Mittelst\u00e4dt, le meilleur joueur de la finale de Ligue des champions s&rsquo;ouvre une fen\u00eatre du tir. Sa frappe ne surprend pas le gardien allemand.<\/p>\n<p>16:34<br class=\"jsx-494582681\"\/> 8 juin 202573&prime;<\/p>\n<p>Changement pour l&rsquo;Allemagne : Thilo Kehrer remplace Pascal Gross.<\/p>\n<p>16:32<br class=\"jsx-494582681\"\/> 8 juin 202571&prime;<\/p>\n<p><strong>Ter Stegen maintient l&rsquo;Allemagne dans le match !<\/strong><\/p>\n<p>16:31<br class=\"jsx-494582681\"\/> 8 juin 202569&prime;<\/p>\n<p>Changements pour la France : D\u00e9sir\u00e9 Dou\u00e9 remplace Randal Kolo Muani ; Rayan Cherki sort au profit de Michael Olise ; et Aur\u00e9lien Tchouam\u00e9ni c\u00e8de sa place \u00e0 Manu Kon\u00e9.<\/p>\n<p>16:28<br class=\"jsx-494582681\"\/> 8 juin 202567&prime;<\/p>\n<p>Tchouam\u00e9ni reste \u00e0 terre. Le staff des Bleus vient prendre de ses nouvelles.<\/p>\n<p>16:27<br class=\"jsx-494582681\"\/> 8 juin 202565&prime;<\/p>\n<p>Changements pour l&rsquo;Allemagne : Leon Goretzka c\u00e8de sa place \u00e0 Tom Bischof ; Maximilian Mittelst\u00e4dt remplace David Raum.<\/p>\n<p>16:26<br class=\"jsx-494582681\"\/> 8 juin 202563&prime;<\/p>\n<p>Kolo Muani vendange un 4 contre 3 aux abords du but allemand&#8230;<\/p>\n<p>16:22<br class=\"jsx-494582681\"\/> 8 juin 202561&prime;<\/p>\n<p>Double carton jaune pour Jonathan Tah et Lucas Hernandez.<\/p>\n<p>16:21<br class=\"jsx-494582681\"\/> 8 juin 202560&prime;<\/p>\n<p>Les esprits s&rsquo;\u00e9chauffent entre L. Hernandez et Tah. Ils vont \u00eatre convoqu\u00e9s par l&rsquo;arbitre.<\/p>\n<p>16:20<br class=\"jsx-494582681\"\/> 8 juin 202559&prime;<\/p>\n<p><strong>Thuram attrape le poteau de ter Stegen !<\/strong><\/p>\n<p>16:17<br class=\"jsx-494582681\"\/> 8 juin 202556&prime;<\/p>\n<p><strong>Le but de Deniz Undav est refus\u00e9. Une nouvelle bonne d\u00e9cision de l&rsquo;arbitre M. Ivan Kruzliak, apr\u00e8s le penalty annul\u00e9 au Nationalelf pour une simulation d&rsquo;Adeyemi.<\/strong><\/p>\n<p>16:16<br class=\"jsx-494582681\"\/> 8 juin 202554&prime;<\/p>\n<p>La VAR va intervenir \u00e0 nouveau pour une potentielle faute sur Adrien Rabiot.<\/p>\n<p>16:16<br class=\"jsx-494582681\"\/> 8 juin 202553&prime;<\/p>\n<p><strong>BUUUUUUUUUUT DE DENIZ UNDAV !\u00a0<\/strong><\/p>\n<p>16:14<br class=\"jsx-494582681\"\/> 8 juin 202549&prime;<\/p>\n<p>Adeyemi est d\u00e9stabilis\u00e9 par Rabiot dans la surface allemande.\u00a0Il r\u00e9clame le penalty, comme la MHPArena. Mais l&rsquo;arbitre M. Ivan Kruzliak ne bronche pas.<\/p>\n<p>16:11<br class=\"jsx-494582681\"\/> 8 juin 202547&prime;<\/p>\n<p><strong>Mbapp\u00e9 croise trop son tir ! Trouv\u00e9 en profondeur, le capitaine tricolore prend de la vitesse. Il entre dans la surface. Sous la pression de Koch, il frappe mais n&rsquo;attrape pas le cadre de ter Stegen.<\/strong><\/p>\n<p>16:10<br class=\"jsx-494582681\"\/> 8 juin 202546&prime;<\/p>\n<p>Changement pour l&rsquo;Allemagne : Deniz Undav remplace Nick Woltemade.<\/p>\n<p>16:06<br class=\"jsx-494582681\"\/> 8 juin 202546&prime;<\/p>\n<p><strong>C&rsquo;est reparti \u00e0 la MHPArena !\u00a0Les Bleus sont \u00e0 45 minutes de repartir avec la m\u00e9daille de bronze autour du cou dans cette Ligue des nations.<\/strong><\/p>\n<p>15:56<br class=\"jsx-494582681\"\/> 8 juin 2025<\/p>\n<p>Revoyez le but de Kylian Mbapp\u00e9 juste avant la pause.<\/p>\n<p>Allemagne &#8211; France : voir le but de Kylian Mbapp\u00e9Source : Football &#8211; Matchs Equipe de France<\/p>\n<p><img decoding=\"async\" src=\"https:\/\/photos.tf1info.fr\/images\/383\/215\/allemagne-france-voir-le-but-de-kylian-mbappe-df5d1c-b093ab-0@1x.jpeg\" alt=\"Allemagne - France : voir le but de Kylian Mbapp\u00e9\" loading=\"lazy\" importance=\"low\" fetchpriority=\"low\" class=\"\"\/><img decoding=\"async\" src=\"https:\/\/www.europesays.com\/fr\/wp-content\/uploads\/2025\/04\/player-logo-play.svg.svg+xml\" alt=\"Logo lecture\" class=\"jsx-d0de44c05fe3042c PlayerLazyload__Play\"\/>15:50<br class=\"jsx-494582681\"\/> 8 juin 202545&rsquo;+3<\/p>\n<p><strong>C&rsquo;est la pause \u00e0 la MHPArena !\u00a0Contre le cours du jeu, et sauv\u00e9s \u00e0 de multiples reprises par un Mike Maignan h\u00e9ro\u00efque sur sa ligne, les Bleus m\u00e8nent au score dans cette petite finale. Kylian Mbapp\u00e9, transparent jusqu&rsquo;au temps additionnel de la premi\u00e8re p\u00e9riode, a marqu\u00e9 son 50e but avec le maillot frapp\u00e9 du Coq pour donner l&rsquo;avantage \u00e0 la France.<\/strong><\/p>\n<p>15:49<br class=\"jsx-494582681\"\/> 8 juin 202545&rsquo;+2<\/p>\n<p>C&rsquo;est le 50e but en 90 s\u00e9lections pour Kylian Mbapp\u00e9.<\/p>\n<blockquote data-testid=\"EmbedTwitter\" id=\"tweet-1931709824502255841-:Red29iqemij9n79m:\" class=\"jsx-aeff1a1c40f54d7a twitter-tweet flex justify-center items-center\"><p>Oh oui Kyliannnn, c\u2019est dans le petit filet, juste avant la mi-temps !!! \ud83c\udde9\ud83c\uddea0-1\ud83c\uddeb\ud83c\uddf7 l  #ALLFRA l  #FiersdetreBleus pic.twitter.com\/NeUOixgnAE \u2014 Equipe de France \u2b50\u2b50 (@equipedefrance)  June 8, 2025<\/p><\/blockquote>\n<p>15:48<br class=\"jsx-494582681\"\/> 8 juin 202545&rsquo;+2<\/p>\n<p>Temps additionnel : 3 minutes minimum.<\/p>\n<p>15:46<br class=\"jsx-494582681\"\/> 8 juin 202545&rsquo;+1<\/p>\n<p><strong>BUUUUUUUUUUT DE KYLIAN MBAPP\u00c9 ! Le hold-up sign\u00e9 du capitaine des Bleus juste avant le retour des vestiaires. \u00c0 la r\u00e9ception d&rsquo;un centre de Tchouam\u00e9ni au second poteau, le num\u00e9ro 9 du Real Madrid contr\u00f4le et enroule sa frappe du droit dans le petit filet oppos\u00e9. Ter Stegen n&rsquo;a pas la main assez ferme pour sortir le ballon. 0-1 pour la France.<\/strong><\/p>\n<p>15:45<br class=\"jsx-494582681\"\/> 8 juin 202542&prime;<\/p>\n<p><strong>Maignan h\u00e9ro\u00efque devant Woltemade ! Le portier de l&rsquo;AC Milan \u00e9c\u0153ure l&rsquo;attaquant allemand.<\/strong><\/p>\n<p>15:44<br class=\"jsx-494582681\"\/> 8 juin 2025<\/p>\n<p>Revoyez la simulation de Karim Adeyemi.<\/p>\n<blockquote data-testid=\"EmbedTwitter\" id=\"tweet-1931707663458435550-:Red69iqemij9n79m:\" class=\"jsx-aeff1a1c40f54d7a twitter-tweet flex justify-center items-center\"><p>30&prime; Pas de penalty contre les Bleus sur cet accrochage ! L&rsquo;arbitre du match, monsieur Kruzliak, distribue un carton jaune pour simulation \u00e0 Adeyemi ! Selon vous, y a-t-il penalty ou non ? \ud83e\udd14  Allemagne &#8211; France, c&rsquo;est en direct sur  @TF1 et sur  @tf1plus :  https:\/\/t.co\/I0Fma3zlGX pic.twitter.com\/HoSJDzr76O \u2014 TF1 (@TF1)  June 8, 2025<\/p><\/blockquote>\n<p>15:40<br class=\"jsx-494582681\"\/> 8 juin 202539&prime;<\/p>\n<p>Mbapp\u00e9 se fait prendre au pi\u00e8ge du hors-jeu. Sur un contre rapide, Kolo Muani s&rsquo;\u00e9tait \u00e9chapp\u00e9 c\u00f4t\u00e9 gauche. Il avait servi son capitaine dans l&rsquo;axe, qui avait rat\u00e9 son face-\u00e0-face.<\/p>\n<p>15:39<br class=\"jsx-494582681\"\/> 8 juin 202537&prime;<\/p>\n<p><strong>Wirtz touche le poteau ! Nouveau frisson dans la surface fran\u00e7aise. Woltemade trouve F\u00fcllkrug, qui percute et prolonge \u00e0 droite. Le joueur du Bayer croise son tir rasant du droit. Le ballon heurte le montant gauche de Maignan, battu sur ce coup-l\u00e0.<\/strong><\/p>\n<p>15:36<br class=\"jsx-494582681\"\/> 8 juin 202535&prime;<\/p>\n<p>Carton jaune pour Karim Adeyemi, sanctionn\u00e9 pour avoir simul\u00e9.<\/p>\n<p>15:35<br class=\"jsx-494582681\"\/> 8 juin 202535&prime;<\/p>\n<p><strong>Apr\u00e8s visionnage du ralenti, le penalty est logiquement annul\u00e9 par l&rsquo;arbitre M. Ivan Kruzliak. Les images ne montrent aucun contact ni entre Adeyemi et Maignan, ni entre Adeyemi et L. Hernandez.<\/strong><\/p>\n<p>15:34<br class=\"jsx-494582681\"\/> 8 juin 202533&prime;<\/p>\n<p>L&rsquo;arbitrage vid\u00e9o intervient pour confirmer ou non le penalty.<\/p>\n<p>15:32<br class=\"jsx-494582681\"\/> 8 juin 202531&prime;<\/p>\n<p><strong>Penalty pour l&rsquo;Allemagne ! Alert\u00e9 en profondeur \u00e0 la limite du hors-jeu, Adeyemi s&rsquo;\u00e9croule dans la surface tricolore. Apr\u00e8s, semble-t-il, un contact avec Maignan.<\/strong><\/p>\n<p>15:32<br class=\"jsx-494582681\"\/> 8 juin 202529&prime;<\/p>\n<p>Carton jaune pour David Raum, qui couche Kolo Muani volontairement pour stopper la contre-attaque fran\u00e7aise.<\/p>\n<p>15:31<br class=\"jsx-494582681\"\/> 8 juin 2025<\/p>\n<p>Revoyez la tentative cadr\u00e9e de Rayan Cherki.<\/p>\n<blockquote data-testid=\"EmbedTwitter\" id=\"tweet-1931703917529702562-:Rede9iqemij9n79m:\" class=\"jsx-aeff1a1c40f54d7a twitter-tweet flex justify-center items-center\"><p>21&prime; Premi\u00e8re frappe cadr\u00e9e des Bleus, sign\u00e9e Rayan Cherki ! \ud83c\uddeb\ud83c\uddf7  #ALLFRA #LDN Allemagne &#8211; France, c&rsquo;est en direct sur  @TF1 et sur  @tf1plus :  https:\/\/t.co\/I0Fma3zlGX pic.twitter.com\/gFucTc9Tqj \u2014 TF1 (@TF1)  June 8, 2025<\/p><\/blockquote>\n<p>15:28<br class=\"jsx-494582681\"\/> 8 juin 202524&prime;<\/p>\n<p><strong>Maignan reste solide devant Adeyemi ! Profitant d&rsquo;un \u00e9ni\u00e8me errement d\u00e9fensif des Bleus, le joueur de Dortmund se pr\u00e9sente face au gardien tricolore. Magic Mike capte en deux temps sa frappe trop \u00e9cras\u00e9e.<\/strong><\/p>\n<p>15:25<br class=\"jsx-494582681\"\/> 8 juin 202522&prime;<\/p>\n<p><strong>Ter Stegen du bout des gants ! Sur le corner qui suit, Bad\u00e9 s&rsquo;\u00e9l\u00e8ve plus haut que tout le monde dans la surface allemande. Sa t\u00eate piqu\u00e9e vicieuse oblige le gardien du Bar\u00e7a \u00e0 une belle horizontale.<\/strong><\/p>\n<p>15:24<br class=\"jsx-494582681\"\/> 8 juin 202521&prime;<\/p>\n<p><strong>Cherki teste ter Stegen !\u00a0Alert\u00e9 par Thuram \u00e0 droite, le meneur de l&rsquo;OL fixe Raum puis d\u00e9clenche un tir du gauche, qui passe entre les jambes de son adversaire. Ter Stegen repousse au sol au premier poteau.<\/strong><\/p>\n<p>15:23<br class=\"jsx-494582681\"\/> 8 juin 202519&prime;<\/p>\n<p>Apr\u00e8s une entame \u00e0 l&rsquo;avantage de l&rsquo;Allemagne, les d\u00e9bats se sont \u00e9quilibr\u00e9s. Les Bleus ont laiss\u00e9 passer l&rsquo;orage.\u00a0<\/p>\n<p>Voir plus<\/p>\n<p>15:23<br class=\"jsx-494582681\"\/> 8 juin 202517&prime;<\/p>\n<p>Randal Kolo Muani s&rsquo;\u00e9croule apr\u00e8s un duel avec Koch dans la surface allemande. L&rsquo;attaquant de la Juventus Turin se plaint d&rsquo;avoir re\u00e7u un coup de pied sur le talon.<\/p>\n<p>15:21<br class=\"jsx-494582681\"\/> 8 juin 2025<\/p>\n<p>Revoyez la premi\u00e8re parade salvatrice de Mike Maignan.<\/p>\n<blockquote data-testid=\"EmbedTwitter\" id=\"tweet-1931700890957685013-:R7629kqemij9n79m:\" class=\"jsx-aeff1a1c40f54d7a twitter-tweet flex justify-center items-center\"><p>\u23f1\ufe0f 2&prime; Maignan en SAUVEUR ! \ud83c\uddeb\ud83c\uddf7  #ALLFRA #LDN Le fran\u00e7ais stoppe les attaques allemandes avec une parade incroyable ! Les Allemands sont dangereux d\u00e8s le d\u00e9but du match. La tension monte ! \ud83d\udca5\u26bd\ufe0f Allemagne &#8211; France, c&rsquo;est en direct sur  @TF1 et sur  @tf1plus :  https:\/\/t.co\/I0Fma3zlGX pic.twitter.com\/SzWj0WTwyu \u2014 TF1 (@TF1)  June 8, 2025<\/p><\/blockquote>\n<p>15:18<br class=\"jsx-494582681\"\/> 8 juin 202514&prime;<\/p>\n<p>Bonne lecture de L. Hernandez. Alors que Woltemade est d\u00e9marqu\u00e9 au second poteau, le d\u00e9fenseur du PSG lui chipe le ballon sous le nez en prolongeant de la t\u00eate.<\/p>\n<p>15:14<br class=\"jsx-494582681\"\/> 8 juin 202512&prime;<\/p>\n<p>Carton jaune pour Lucas Digne, logiquement averti pour un ceinturage grossier sur Karim Adeyemi.\u00a0<\/p>\n<p>15:12<br class=\"jsx-494582681\"\/> 8 juin 202510&prime;<\/p>\n<p>Cherki essaie de r\u00e9veiller les Tricolores.\u00a0Servi c\u00f4t\u00e9 droit, il p\u00e9n\u00e8tre dans la surface avant de chercher Thuram en retrait. Gross intervient en coupant le centre vers ter Stegen.<\/p>\n<p>15:09<br class=\"jsx-494582681\"\/> 8 juin 20257&prime;<\/p>\n<p><strong>Maignan encore et toujours ! Nouvelle incursion allemande d&rsquo;Adeyemi, qui la joue en solitaire. Parti de la droite, l&rsquo;attaquant du BvB repique dans l&rsquo;axe. Il laisse L. Hernandez sur place avant de frapper du gauche. Le gardien des Bleus se couche sur son tir.<\/strong><\/p>\n<p>15:07<br class=\"jsx-494582681\"\/> 8 juin 20255&prime;<\/p>\n<p><strong>Digne d\u00e9gage sur sa ligne ! La d\u00e9fense tricolore s&rsquo;ouvre trop facilement. Lanc\u00e9 en profondeur par Goretzka, Adeyemi est stopp\u00e9 dans la surface fran\u00e7aise. F\u00fcllkrug, qui a suivi, r\u00e9cup\u00e8re et frappe du droit. Digne repousse de la t\u00eate devant Maignan.<\/strong><\/p>\n<p>15:06<br class=\"jsx-494582681\"\/> 8 juin 20254&prime;<\/p>\n<p>On assiste \u00e0 un attaque-d\u00e9fense \u00e0 l&rsquo;avantage du Nationalelf dans ces premi\u00e8res minutes. Le ballon fuit les pieds des Bleus.<\/p>\n<p>15:03<br class=\"jsx-494582681\"\/> 8 juin 20252&prime;<\/p>\n<p><strong>Maignan sauve d\u00e9j\u00e0 les Bleus ! Mauvais alignement de Bad\u00e9. Woltemade surgit dans son dos et s&rsquo;engouffre dans la surface fran\u00e7aise. Le buteur du VfB Stuttgart perd son duel face au portier tricolore.<\/strong><\/p>\n<p>15:00<br class=\"jsx-494582681\"\/> 8 juin 20251&prime;<\/p>\n<p><strong>C&rsquo;est parti \u00e0 la MHPArena ! F\u00fcllkrug donne le coup d&rsquo;envoi de ce match pour la 3e place.\u00a0<\/strong><\/p>\n<p>14:55<br class=\"jsx-494582681\"\/> 8 juin 2025AVANT-MATCH<\/p>\n<p>Les deux s\u00e9lections entrent sur la pelouse de MHPArena de Stuttgart. Place aux hymnes nationaux en commen\u00e7ant par La Marseillaise des visiteurs, suivie du Deutschlandlied.<\/p>\n<p>14:43<br class=\"jsx-494582681\"\/> 8 juin 2025AVANT-MATCH<\/p>\n<p>Il n&rsquo;y aura pas de prolongation dans cette petite finale en cas de score de parit\u00e9 au bout des 90 minutes r\u00e9glementaires. \u00ab\u00a0Si les deux \u00e9quipes sont \u00e0 \u00e9galit\u00e9 \u00e0 l&rsquo;issue du temps r\u00e9glementaire du match pour la troisi\u00e8me place, le vainqueur est d\u00e9termin\u00e9 par une s\u00e9ance de tirs au but\u00a0\u00bb, stipule l&rsquo;article 18.03 du r\u00e8glement de l&rsquo;UEFA sur la Ligue des nations. Cette r\u00e8gle ne sera pas valable pour la finale Portugal-Espagne, programm\u00e9e en soir\u00e9e.<\/p>\n<p>14:39<br class=\"jsx-494582681\"\/> 8 juin 2025AVANT-MATCH<\/p>\n<p>\u00ab\u00a0Je n&rsquo;ai jamais connu une ambiance comme \u00e7a parce qu&rsquo;on a tous \u00e0 peu pr\u00e8s la m\u00eame tranche d&rsquo;\u00e2ge\u00a0\u00bb, a d\u00e9clar\u00e9 Kylian Mbapp\u00e9 au micro de T\u00e9l\u00e9foot, balayant les rumeurs de tensions. \u00ab\u00a0Avant il y avait toujours des anciens, des tr\u00e8s jeunes, entre les deux. L\u00e0 des jeunes arrivent mais on a tous \u00e0 peu pr\u00e8s le m\u00eame \u00e2ge. On se comprend beaucoup plus facilement. On se conna\u00eet tous. (&#8230;) C&rsquo;est bien de s&rsquo;entendre en dehors, c&rsquo;est super, mais c&rsquo;est sur le terrain qu&rsquo;il faut faire nos preuves.\u00a0\u00bb<\/p>\n<p>Kylian Mbapp\u00e9 en duplexSource : T\u00e9l\u00e9foot<\/p>\n<p><img decoding=\"async\" src=\"https:\/\/photos.tf1info.fr\/images\/383\/215\/kylian-mbappe-en-duplex-cef3db-f54862-0@1x.jpeg\" alt=\"Kylian Mbapp\u00e9 en duplex\" loading=\"lazy\" importance=\"low\" fetchpriority=\"low\" class=\"\"\/><img decoding=\"async\" src=\"https:\/\/www.europesays.com\/fr\/wp-content\/uploads\/2025\/04\/player-logo-play.svg.svg+xml\" alt=\"Logo lecture\" class=\"jsx-d0de44c05fe3042c PlayerLazyload__Play\"\/>14:36<br class=\"jsx-494582681\"\/> 8 juin 2025AVANT-MATCH<\/p>\n<p>Face aux rumeurs de tensions autour de l&rsquo;\u00e9quipe de France, en particulier entre Kylian Mbapp\u00e9 et Ousmane Demb\u00e9l\u00e9, rivaux pour le Ballon d&rsquo;Or, Didier Deschamps a rassur\u00e9 sur l&rsquo;\u00e9tat d&rsquo;esprit de son groupe. \u00ab\u00a0Il y a ce qui se passe \u00e0 l&rsquo;ext\u00e9rieur et en interne. La vie de groupe se passe tr\u00e8s bien\u00a0\u00bb, a-t-il expliqu\u00e9 au micro de T\u00e9l\u00e9foot, soulignant que les deux Bleus cit\u00e9s \u00ab\u00a0s&rsquo;appr\u00e9cient et se connaissent depuis longtemps.\u00a0\u00bb<\/p>\n<p>\u00ab\u00a0Ce n&rsquo;est pas nous qui choisissons (le Ballon d&rsquo;Or, ndlr). Ce sont ceux qui sont \u00e0 l&rsquo;ext\u00e9rieur et dans l&rsquo;environnement m\u00e9diatique qui peuvent prendre des angles plus que d&rsquo;autres. \u00c9videmment, les joueurs concern\u00e9s peuvent y penser ou m\u00eame les gens qui sont autour d&rsquo;eux leur en parlent aussi. Mais ce n&rsquo;est pas quelque chose qui conditionne la vie en interne.\u00a0\u00bb<\/p>\n<p>Didier Deschamps en duplexSource : T\u00e9l\u00e9foot<\/p>\n<p><img decoding=\"async\" src=\"https:\/\/photos.tf1info.fr\/images\/383\/215\/didier-deschamps-en-duplex-b6f7f1-9d99c5-0@1x.jpeg\" alt=\"Didier Deschamps en duplex\" loading=\"lazy\" importance=\"low\" fetchpriority=\"low\" class=\"\"\/><img decoding=\"async\" src=\"https:\/\/www.europesays.com\/fr\/wp-content\/uploads\/2025\/04\/player-logo-play.svg.svg+xml\" alt=\"Logo lecture\" class=\"jsx-d0de44c05fe3042c PlayerLazyload__Play\"\/>14:26<br class=\"jsx-494582681\"\/> 8 juin 2025AVANT-MATCH<\/p>\n<p>Comme annonc\u00e9 par Didier Deschamps, il y a \u00ab\u00a0beaucoup de changements\u00a0\u00bb dans le 11 de d\u00e9part des vice-champions du monde. Il a chang\u00e9 8 joueurs par rapport \u00e0 la demi-finale perdue contre l&rsquo;Espagne. Rayan Cherki est titulaire pour la premi\u00e8re fois en \u00e9quipe de France. Le futur ex-Lyonnais sera align\u00e9 en position axiale derri\u00e8re l&rsquo;attaquant de pointe et capitaine Kylian Mbapp\u00e9, avec Marcus Thuram \u00e0 gauche et Randal Kolo-Muani \u00e0 droite.<\/p>\n<p>Lo\u00efc Bad\u00e9 va lui conna\u00eetre sa premi\u00e8re s\u00e9lection, align\u00e9 en charni\u00e8re centrale avec Lucas Hernandez. Lucas Digne jouera lat\u00e9ral gauche et Malo Gusto \u00e9voluera \u00e0 droite. Aur\u00e9lien Tchouam\u00e9ni, qui n&rsquo;a repris l&rsquo;entra\u00eenement complet que vendredi, retrouve sa place au milieu avec Adrien Rabiot.<\/p>\n<p>14:21<br class=\"jsx-494582681\"\/> 8 juin 2025AVANT-MATCH<\/p>\n<p>T\u00e9l\u00e9foot revient sur les d\u00e9buts exceptionnels de Rayan Cherki sous le maillot tricolore. Entr\u00e9 \u00e0 la 63e minute face \u00e0 l&rsquo;Espagne, alors que les Bleus \u00e9taient men\u00e9s 4-1, il a \u00e9t\u00e9 \u00e9poustouflant, marquant un but et d\u00e9livrant une passe d\u00e9cisive.<\/p>\n<p>Rayane Cherki, une premi\u00e8re \u00e9blouissanteSource : T\u00e9l\u00e9foot<\/p>\n<p><img decoding=\"async\" src=\"https:\/\/photos.tf1info.fr\/images\/383\/215\/rayane-cherki-une-premiere-eblouissante-2c965e-d4551d-0@1x.jpeg\" alt=\"Rayane Cherki, une premi\u00e8re \u00e9blouissante\" loading=\"lazy\" importance=\"low\" fetchpriority=\"low\" class=\"\"\/><img decoding=\"async\" src=\"https:\/\/www.europesays.com\/fr\/wp-content\/uploads\/2025\/04\/player-logo-play.svg.svg+xml\" alt=\"Logo lecture\" class=\"jsx-d0de44c05fe3042c PlayerLazyload__Play\"\/>14:11<br class=\"jsx-494582681\"\/> 8 juin 2025COMPOSITION<\/p>\n<p><strong>Le 11 de d\u00e9part de l&rsquo;\u00e9quipe de France : Maignan &#8211; Gusto, Bad\u00e9, L. Hernandez, Digne &#8211; Tchouam\u00e9ni, Rabiot &#8211; Kolo Muani, Cherki, Thuram &#8211; Mbapp\u00e9 (capitaine).<\/strong><\/p>\n<blockquote data-testid=\"EmbedTwitter\" id=\"tweet-1931682155035295800-:R76h9kqemij9n79m:\" class=\"jsx-aeff1a1c40f54d7a twitter-tweet flex justify-center items-center\"><p>Le 1\ufe0f\u20e31\ufe0f\u20e3 des Bleus pour d\u00e9fier l\u2019Allemagne \ud83c\udde9\ud83c\uddea \ud83d\udcfa  @TF1 \ud83d\udd52 15h00 \ud83c\udfdf\ufe0f Allianz Arena #FiersdetreBleus #ALLFRA pic.twitter.com\/psx0P9ZYIg \u2014 Equipe de France \u2b50\u2b50 (@equipedefrance)  June 8, 2025<\/p><\/blockquote>\n<p>14:11<br class=\"jsx-494582681\"\/> 8 juin 2025COMPOSITION<\/p>\n<p><strong>Le 11 de d\u00e9part de l&rsquo;\u00e9quipe d&rsquo;Allemagne : Ter Stegen &#8211; Kimmich (capitaine), Tah, Koch, Raum &#8211; Gross, Goretzka &#8211; Woltemade, Wirtz, Adeyemi &#8211; F\u00fcllkrug.<\/strong><\/p>\n<blockquote data-testid=\"EmbedTwitter\" id=\"tweet-1931678895587086520-:R76i9kqemij9n79m:\" class=\"jsx-aeff1a1c40f54d7a twitter-tweet flex justify-center items-center\"><p>Let&rsquo;s do this!!! \ud83d\udd25\ud83d\udd25\ud83d\udd25 #dfbteam #gerfra pic.twitter.com\/mj429hzHSV \u2014 DFB-Team (@DFB_Team)  June 8, 2025<\/p><\/blockquote>\n<p>14:06<br class=\"jsx-494582681\"\/> 8 juin 2025AVANT-MATCH<\/p>\n<p>\u00ab\u00a0Je ne vous cache pas que l&rsquo;int\u00e9r\u00eat est relatif par rapport \u00e0 ce match\u00a0\u00bb, a avou\u00e9 Didier Deschamps \u00e0 la veille des retrouvailles avec le vieux rival allemand. N\u00e9anmoins, au-del\u00e0 de la 3e place de la Ligue des nations, ce match est loin d&rsquo;\u00eatre sans enjeu&#8230;<\/p>\n<p>Sports<img decoding=\"async\" src=\"https:\/\/www.europesays.com\/fr\/wp-content\/uploads\/2025\/06\/equipe-de-france-5-juin-2025-76c8a2-0@1x.jpeg\" alt=\"Allemagne-France sur TF1 : pourquoi ce match pour la 3\u1d49 place est loin d'\u00eatre sans enjeu\" loading=\"lazy\" importance=\"low\" fetchpriority=\"low\" class=\"\" aria-hidden=\"true\"\/>14:04<br class=\"jsx-494582681\"\/> 8 juin 2025AVANT-MATCH<\/p>\n<p>D\u00e9faite face \u00e0 l&rsquo;Espagne (4-5) en demi-finale, l&rsquo;\u00e9quipe de France va jouer la petite finale de Ligue des nations. Un maigre lot de consolation que les Bleus se disputeront avec la Nationalelf en direct sur TF1 et en streaming sur TF1+.<\/p>\n<p>Sports<img decoding=\"async\" src=\"https:\/\/www.europesays.com\/fr\/wp-content\/uploads\/2025\/06\/kylian-mbappe-rayan-cherki-espagne-france-juin-2025-15c8b1-1@1x.jpeg\" alt=\"Allemagne-France : \u00e0 quelle heure et sur quelle cha\u00eene suivre la petite finale de Ligue des nations ?\" loading=\"lazy\" importance=\"low\" fetchpriority=\"low\" class=\"\" aria-hidden=\"true\"\/>14:00<br class=\"jsx-494582681\"\/> 8 juin 2025BIENVENUE<\/p>\n<p>Bonjour \u00e0 toutes et \u00e0 tous. Bienvenue sur TF1info pour suivre en notre compagnie la petite finale de la Ligue des nations, qui va opposer l&rsquo;Allemagne \u00e0 la France, \u00e0 la MHPArena de Stuttgart. Le coup d&rsquo;envoi de ce match qui a pour enjeu la 3e place sera donn\u00e9 \u00e0 15h par l&rsquo;arbitre slovaque Ivan Kruzliak.<\/p>\n<p data-module=\"article-paragraph\" class=\"jsx-3046738180 Paragraph Paragraph__End\"><strong>Revivez la petite finale Allemagne-France avec les meilleurs temps forts en vid\u00e9o.<\/strong><\/p>\n<p>Yohan ROBLIN<\/p>\n<p><script async src=\"https:\/\/platform.twitter.com\/widgets.js\" charset=\"utf-8\"><\/script><\/p>\n","protected":false},"excerpt":{"rendered":"Trois jours apr\u00e8s avoir \u00e9t\u00e9 \u00e9limin\u00e9e par l&rsquo;Espagne, l&rsquo;\u00e9quipe de France a rebondi, dimanche 8 juin, en terminant&hellip;\n","protected":false},"author":2,"featured_media":161907,"comment_status":"","ping_status":"","sticky":false,"template":"","format":"standard","meta":{"footnotes":""},"categories":[1587],"tags":[1111,11,672,1921,1804,1805,1803,6713,1777,674,63,1801,1922,23733,12,1802,199,133,4712],"class_list":{"0":"post-161906","1":"post","2":"type-post","3":"status-publish","4":"format-standard","5":"has-post-thumbnail","7":"category-allemagne","8":"tag-actu","9":"tag-actualites","10":"tag-allemagne","11":"tag-article-video","12":"tag-bundesrepublik-deutschland","13":"tag-de","14":"tag-deutschland","15":"tag-equipe-de-france-de-football","16":"tag-eu","17":"tag-europe","18":"tag-football","19":"tag-germany","20":"tag-info","21":"tag-ligue-des-nations","22":"tag-news","23":"tag-republique-federale-dallemagne","24":"tag-tf1","25":"tag-video","26":"tag-video-sports"},"share_on_mastodon":{"url":"https:\/\/pubeurope.com\/@fr\/114650158993544050","error":""},"_links":{"self":[{"href":"https:\/\/www.europesays.com\/fr\/wp-json\/wp\/v2\/posts\/161906","targetHints":{"allow":["GET"]}}],"collection":[{"href":"https:\/\/www.europesays.com\/fr\/wp-json\/wp\/v2\/posts"}],"about":[{"href":"https:\/\/www.europesays.com\/fr\/wp-json\/wp\/v2\/types\/post"}],"author":[{"embeddable":true,"href":"https:\/\/www.europesays.com\/fr\/wp-json\/wp\/v2\/users\/2"}],"replies":[{"embeddable":true,"href":"https:\/\/www.europesays.com\/fr\/wp-json\/wp\/v2\/comments?post=161906"}],"version-history":[{"count":0,"href":"https:\/\/www.europesays.com\/fr\/wp-json\/wp\/v2\/posts\/161906\/revisions"}],"wp:featuredmedia":[{"embeddable":true,"href":"https:\/\/www.europesays.com\/fr\/wp-json\/wp\/v2\/media\/161907"}],"wp:attachment":[{"href":"https:\/\/www.europesays.com\/fr\/wp-json\/wp\/v2\/media?parent=161906"}],"wp:term":[{"taxonomy":"category","embeddable":true,"href":"https:\/\/www.europesays.com\/fr\/wp-json\/wp\/v2\/categories?post=161906"},{"taxonomy":"post_tag","embeddable":true,"href":"https:\/\/www.europesays.com\/fr\/wp-json\/wp\/v2\/tags?post=161906"}],"curies":[{"name":"wp","href":"https:\/\/api.w.org\/{rel}","templated":true}]}}