{"id":161930,"date":"2025-06-08T22:56:20","date_gmt":"2025-06-08T22:56:20","guid":{"rendered":"https:\/\/www.europesays.com\/fr\/161930\/"},"modified":"2025-06-08T22:56:20","modified_gmt":"2025-06-08T22:56:20","slug":"vincent-delerm-revele-avoir-epouse-sa-compagne-apres-avoir-traverse-un-terrible-drame-dans-sa-famille","status":"publish","type":"post","link":"https:\/\/www.europesays.com\/fr\/161930\/","title":{"rendered":"Vincent Delerm r\u00e9v\u00e8le avoir \u00e9pous\u00e9 sa compagne apr\u00e8s avoir travers\u00e9 un terrible drame dans sa famille"},"content":{"rendered":"<p>Vincent Delerm, qui vient de sortir un album intitul\u00e9 La fresque, a r\u00e9v\u00e9l\u00e9 son tout r\u00e9cent mariage dans une interview parue ce dimanche 8 juin ; un heureux \u00e9v\u00e9nement qui intervient alors que sa famille a \u00e9t\u00e9 marqu\u00e9e par un terrible drame.<\/p>\n<p>Un artiste s\u2019inspire souvent de sa propre vie pour ses \u0153uvres, Vincent Delerm ne fait pas exception. Six ans apr\u00e8s Panorama, celui dont les musiques font le bonheur des <a href=\"https:\/\/www.programme-tv.net\/news\/tv\/295976-vincent-je-ne-maitrise-plus-la-bete-nagui-hallucine-quand-la-maestro-jocelyne-se-met-a-imiter-vincent-delerm-dans-noubliez-pas-les-paroles-video\/\" data-api-deeplink=\"teleloisirs:\/\/news\/295976\" target=\"_blank\" rel=\"noopener\">candidats de N&rsquo;oubliez pas les paroles<\/a> revient avec un nouvel album intitul\u00e9 La Fresque, sorti ce vendredi 6 juin. Il y parle d\u2019amour, de deuil, de moments simples ou bouleversants. Dans une interview accord\u00e9e \u00e0 La Tribune dimanche parue ce 8 juin, Vincent Delerm d\u00e9voile les \u00e9v\u00e9nements marquants qui lui ont inspir\u00e9 les titres de ce nouveau recueil. Le fils des deux \u00e9crivains Philippe et Martine Delerm s\u2019est livr\u00e9 \u00e0 c\u0153ur ouvert et n\u2019a pas h\u00e9sit\u00e9 \u00e0 r\u00e9v\u00e9ler les instants tragiques comme \u00ab\u00a0hyper lumineux\u00a0\u00bb qu&rsquo;il a travers\u00e9s.<\/p>\n<p>\u00ab\u00a0L\u2019occasion de r\u00e9unir toutes les personnes qui nous accompagnent dans nos vies\u00a0\u00bb : Vincent Delerm annonce qu\u2019il s\u2019est mari\u00e9<\/p>\n<p>Vincent Delerm n\u2019aime pas faire les choses de fa\u00e7on conventionnelle. Contrairement \u00e0 de nombreux couples, il a fait le choix, avec sa compagne de toujours, de se marier apr\u00e8s 20 ans de vie commune et deux enfants. \u00ab\u00a0Je viens de me marier avec la m\u00e8re de mes deux gar\u00e7ons, avec laquelle je vis depuis vingt ans\u201d, confie l\u2019interpr\u00e8te du titre Les filles de 1973 ont trente ans \u00e0 La Tribune dimanche. \u201cC\u2019\u00e9tait davantage une f\u00eate qu&rsquo;un mariage traditionnel. L&rsquo;occasion de r\u00e9unir toutes les personnes qui nous accompagnent dans nos vies et de se dire combien nous nous aimons\u00a0\u00bb, raconte-t-il. Vincent Delerm a aussi \u00e9voqu\u00e9 un autre moment marquant, \u00e0 l\u2019origine de sa chanson J\u2019ai cru seulement que tu aimais les Pyr\u00e9n\u00e9es.<\/p>\n<p>                        \u00ab\u00a0La culpabilit\u00e9 de ne pas avoir pu d\u00e9celer son mal-\u00eatre\u00a0\u00bb : Vincent Delerm boulevers\u00e9 par le suicide de son cousin<\/p>\n<p>Derri\u00e8re ce nouvel opus se cache \u00e9galement un drame qu\u2019il s\u2019est pass\u00e9 dans la vie de Vincent Delerm et qu\u2019il a choisi de raconter en chanson. \u201cJ\u2019\u00e9voque le suicide r\u00e9cent de mon cousin et la culpabilit\u00e9 de ne pas avoir pu d\u00e9celer son mal-\u00eatre\u201d, confie-t-il. Avant d\u2019ajouter \u201ccomme il adorait la photo et se promener tout seul dans les Pyr\u00e9n\u00e9es, je me disais juste \u2018Tiens c\u2019est marrant, Thomas, il a l\u2019air de kiffer les Pyr\u00e9n\u00e9es\u2019. Ce drame est l\u2019un des moteurs de cet album qui s\u2019est t\u00e9lescop\u00e9 au m\u00eame moment \u00e0 des \u00e9v\u00e9nements hyper lumineux\u201d, r\u00e9sume l\u2019artiste. Un t\u00e9moignage poignant \u00e0 \u00e9couter sur son nouvel album La fresque sorti ce vendredi 6 juin.<\/p>\n<p>Article r\u00e9dig\u00e9 en collaboration avec 6M\u00e9dias. <\/p>\n","protected":false},"excerpt":{"rendered":"Vincent Delerm, qui vient de sortir un album intitul\u00e9 La fresque, a r\u00e9v\u00e9l\u00e9 son tout r\u00e9cent mariage dans&hellip;\n","protected":false},"author":2,"featured_media":161931,"comment_status":"","ping_status":"","sticky":false,"template":"","format":"standard","meta":{"footnotes":""},"categories":[1359],"tags":[1692,29443,244,58,59,5634,29444,1011,27,873,973,15081,13453],"class_list":{"0":"post-161930","1":"post","2":"type-post","3":"status-publish","4":"format-standard","5":"has-post-thumbnail","7":"category-people","8":"tag-album","9":"tag-cannes-2022","10":"tag-commentaire","11":"tag-divertissement","12":"tag-entertainment","13":"tag-festival-de-cannes","14":"tag-festival-de-cannes-2022","15":"tag-fr","16":"tag-france","17":"tag-musique","18":"tag-people","19":"tag-vincent-delerm","20":"tag-virginie-efira"},"share_on_mastodon":{"url":"https:\/\/pubeurope.com\/@fr\/114650217548712097","error":""},"_links":{"self":[{"href":"https:\/\/www.europesays.com\/fr\/wp-json\/wp\/v2\/posts\/161930","targetHints":{"allow":["GET"]}}],"collection":[{"href":"https:\/\/www.europesays.com\/fr\/wp-json\/wp\/v2\/posts"}],"about":[{"href":"https:\/\/www.europesays.com\/fr\/wp-json\/wp\/v2\/types\/post"}],"author":[{"embeddable":true,"href":"https:\/\/www.europesays.com\/fr\/wp-json\/wp\/v2\/users\/2"}],"replies":[{"embeddable":true,"href":"https:\/\/www.europesays.com\/fr\/wp-json\/wp\/v2\/comments?post=161930"}],"version-history":[{"count":0,"href":"https:\/\/www.europesays.com\/fr\/wp-json\/wp\/v2\/posts\/161930\/revisions"}],"wp:featuredmedia":[{"embeddable":true,"href":"https:\/\/www.europesays.com\/fr\/wp-json\/wp\/v2\/media\/161931"}],"wp:attachment":[{"href":"https:\/\/www.europesays.com\/fr\/wp-json\/wp\/v2\/media?parent=161930"}],"wp:term":[{"taxonomy":"category","embeddable":true,"href":"https:\/\/www.europesays.com\/fr\/wp-json\/wp\/v2\/categories?post=161930"},{"taxonomy":"post_tag","embeddable":true,"href":"https:\/\/www.europesays.com\/fr\/wp-json\/wp\/v2\/tags?post=161930"}],"curies":[{"name":"wp","href":"https:\/\/api.w.org\/{rel}","templated":true}]}}