{"id":161938,"date":"2025-06-08T23:00:10","date_gmt":"2025-06-08T23:00:10","guid":{"rendered":"https:\/\/www.europesays.com\/fr\/161938\/"},"modified":"2025-06-08T23:00:10","modified_gmt":"2025-06-08T23:00:10","slug":"justin-bieber-nest-plus-que-lombre-de-lui-meme-maigre-comme-un-clou-on-peine-a-le-reconnaitre","status":"publish","type":"post","link":"https:\/\/www.europesays.com\/fr\/161938\/","title":{"rendered":"Justin Bieber n\u2019est plus que l\u2019ombre de lui-m\u00eame : maigre comme un clou, on peine \u00e0 le reconna\u00eetre"},"content":{"rendered":"<p>Depuis plusieurs semaines maintenant, l\u2019\u00e9tat g\u00e9n\u00e9ral de <a href=\"https:\/\/www.closermag.fr\/people\/justin-bieber-prostre-et-dans-un-etat-second-cette-photo-ahurissante-en-pleine-prise-de-drogue-3543303\" target=\"_blank\" rel=\"noopener\"><br \/>\nJustin Bieber<\/a> inqui\u00e8te les fans. D\u2019ailleurs, r\u00e9cemment,<br \/>\ncertains ont point\u00e9 du doigt son d\u00e9clin en ligne. Cela apr\u00e8s que le<br \/>\nchanteur de 31 ans ait <strong>publi\u00e9 ses r\u00e9flexions<\/strong><br \/>\nr\u00e9cemment. Il s\u2019agissait visiblement d\u2019une prise de parole en<br \/>\nr\u00e9ponse \u00e0 ceux qui disaient \u00e0 sa femme, <strong>Hailey<br \/>\nBieber<\/strong>, qu\u2019elle \u00ab\u00a0m\u00e9ritait mieux\u00a0\u00bb.<\/p>\n<p>Ainsi, le mardi 4 juin dernier, Justin Bieber a d\u00e9clar\u00e9 sur<br \/>\nInstagram : \u00ab\u00a0Dire aux autres qu&rsquo;ils m\u00e9ritent quelque chose,<br \/>\nc&rsquo;est comme <strong>\u00e9lever les enfants de quelqu&rsquo;un<br \/>\nd&rsquo;autre<\/strong>\u00ab\u00a0. \u00ab\u00a0Qui \u00eates-vous pour dire \u00e0 quelqu&rsquo;un ce<br \/>\nqu&rsquo;il devrait ou ne devrait pas avoir ?\u00a0\u00bb, a-t-il poursuivi en<br \/>\najoutant : \u00ab\u00a0Ce n&rsquo;est <strong>pas votre<br \/>\nr\u00f4le<\/strong>. Dieu d\u00e9cide de ce que nous<br \/>\nm\u00e9ritons\u00a0\u00bb.<\/p>\n<p>Justin Bieber : grosse perte de poids, blessure<br \/>\nmyst\u00e9rieuse\u2026<\/p>\n<p>La sortie de <strong>Justin Bieber<\/strong>, \u00e0 Hollywood, le<br \/>\nvendredi 6 juin dernier, n\u2019a aucunement rassur\u00e9 les fans. Selon le<br \/>\nDaily Mail, la star se dirigeait vers un spa affichant une<br \/>\nsilhouette <strong>relativement maigre<\/strong>. Sweet \u00e0 capuche<br \/>\nrouge, short \u00e0 carreaux verts et sliders bleus, l\u2019artiste a affich\u00e9<br \/>\nune <a href=\"https:\/\/www.telestar.fr\/people\/yoann-riou-metamorphose-34-kilos-et-cest-un-peu-grace-a-stephane-rotenberg-1726170\" target=\"_blank\" rel=\"noopener\"><br \/>\nperte de poids cons\u00e9quente<\/a>.<\/p>\n<blockquote class=\"twitter-tweet\"><p><a class=\"twitter-link\" rel=\"noindex, nofollow noopener\" href=\"https:\/\/twitter.com\/DailyMailCeleb\/status\/1931076671160897590\" target=\"_blank\"><\/p><\/blockquote>\n<p><strong>Air sombre<\/strong>, le chanteur de Baby avait<br \/>\nport\u00e9 une casquette de baseball tout en affichant son tatouage au<br \/>\ncou. En plus, Justin Bieber semble s\u2019\u00eatre bless\u00e9. En effet, il<br \/>\nportait <strong>une genouill\u00e8re<\/strong> sur sa jambe gauche.<br \/>\nS\u2019agit-il d\u2019un accident domestique ? Est-ce que l\u2019artiste a fait<br \/>\nune mauvaise chute ? Jusqu\u2019\u00e0 maintenant, les porte-paroles du<br \/>\nchanteur n\u2019ont pas fait de commentaires sur le sujet.<\/p>\n<p>Justin Bieber : les fans<br \/>\ns\u2019acharnent<\/p>\n<p><strong>Justin Bieber<\/strong> a \u00e9t\u00e9 la cible de nombreux<br \/>\n<a href=\"https:\/\/www.closermag.fr\/people\/justin-et-hailey-bieber-couple-toxique-cette-remarque-cinglante-du-chanteur-nous-fait-de-la-peine-pour-elle-3547301\" target=\"_blank\" rel=\"noopener\"><br \/>\ncommentaires n\u00e9gatifs<\/a> apr\u00e8s qu\u2019il ait publi\u00e9 : \u00ab\u00a0<strong>La<br \/>\nf\u00eate des m\u00e8res<\/strong> est nulle\u00a0\u00bb. Un commentaire<br \/>\nqu\u2019il a fait lors de la premi\u00e8re f\u00eate des m\u00e8res de sa femme,<br \/>\n<strong>Hailey Bieber<\/strong>. En outre, l\u2019artiste a \u00e9t\u00e9 vivement<br \/>\ncritiqu\u00e9s pour avoir d\u00e9clar\u00e9 que sa femme ne ferait jamais<br \/>\n<strong>la couverture de Vogue<\/strong>.<\/p>\n<blockquote class=\"instagram-media\" style=\"background: #ffffff;border: 0;margin: 1px;width: 100%;padding: 0;max-width: 500px;\" data-instgrm-permalink=\"https:\/\/www.instagram.com\/p\/DKnGpt8yGeu\/?utm_source=ig_web_copy_link&amp;igsh=MzRlODBiNWFlZA==\" data-instgrm-version=\"14\"\/>\n<p>\u00ab\u00a0Justin. Tu as dit \u00e0 Hailey qu&rsquo;elle ne pouvait pas faire la<br \/>\ncouverture de Vogue, n&rsquo;est-ce pas lui dire qu&rsquo;elle ne peut pas<br \/>\navoir quelque chose ?\u00a0\u00bb ; \u00ab\u00a0Fais une pause sur les r\u00e9seaux<br \/>\nsociaux, Justin\u00a0\u00bb ou encore \u00ab\u00a0Je pense que tu devrais<br \/>\nlaisser Dieu en dehors de \u00e7a et<br \/>\n<strong>grandir<\/strong>\u00ab\u00a0, peut-on lire dans les<br \/>\ncommentaires.<\/p>\n<p><script async src=\"https:\/\/platform.twitter.com\/widgets.js\" charset=\"utf-8\"><\/script><script async src=\"\/\/www.instagram.com\/embed.js\"><\/script><\/p>\n","protected":false},"excerpt":{"rendered":"Depuis plusieurs semaines maintenant, l\u2019\u00e9tat g\u00e9n\u00e9ral de Justin Bieber inqui\u00e8te les fans. D\u2019ailleurs, r\u00e9cemment, certains ont point\u00e9 du&hellip;\n","protected":false},"author":2,"featured_media":89545,"comment_status":"","ping_status":"","sticky":false,"template":"","format":"standard","meta":{"footnotes":""},"categories":[1355],"tags":[548,58,59,1011,27,7317,1361,873],"class_list":{"0":"post-161938","1":"post","2":"type-post","3":"status-publish","4":"format-standard","5":"has-post-thumbnail","7":"category-musique","8":"tag-article-simple","9":"tag-divertissement","10":"tag-entertainment","11":"tag-fr","12":"tag-france","13":"tag-justin-bieber","14":"tag-music","15":"tag-musique"},"share_on_mastodon":{"url":"https:\/\/pubeurope.com\/@fr\/114650233477096142","error":""},"_links":{"self":[{"href":"https:\/\/www.europesays.com\/fr\/wp-json\/wp\/v2\/posts\/161938","targetHints":{"allow":["GET"]}}],"collection":[{"href":"https:\/\/www.europesays.com\/fr\/wp-json\/wp\/v2\/posts"}],"about":[{"href":"https:\/\/www.europesays.com\/fr\/wp-json\/wp\/v2\/types\/post"}],"author":[{"embeddable":true,"href":"https:\/\/www.europesays.com\/fr\/wp-json\/wp\/v2\/users\/2"}],"replies":[{"embeddable":true,"href":"https:\/\/www.europesays.com\/fr\/wp-json\/wp\/v2\/comments?post=161938"}],"version-history":[{"count":0,"href":"https:\/\/www.europesays.com\/fr\/wp-json\/wp\/v2\/posts\/161938\/revisions"}],"wp:featuredmedia":[{"embeddable":true,"href":"https:\/\/www.europesays.com\/fr\/wp-json\/wp\/v2\/media\/89545"}],"wp:attachment":[{"href":"https:\/\/www.europesays.com\/fr\/wp-json\/wp\/v2\/media?parent=161938"}],"wp:term":[{"taxonomy":"category","embeddable":true,"href":"https:\/\/www.europesays.com\/fr\/wp-json\/wp\/v2\/categories?post=161938"},{"taxonomy":"post_tag","embeddable":true,"href":"https:\/\/www.europesays.com\/fr\/wp-json\/wp\/v2\/tags?post=161938"}],"curies":[{"name":"wp","href":"https:\/\/api.w.org\/{rel}","templated":true}]}}