{"id":161943,"date":"2025-06-08T23:03:10","date_gmt":"2025-06-08T23:03:10","guid":{"rendered":"https:\/\/www.europesays.com\/fr\/161943\/"},"modified":"2025-06-08T23:03:10","modified_gmt":"2025-06-08T23:03:10","slug":"illya-zabarnyi-au-psg-cest-boucle","status":"publish","type":"post","link":"https:\/\/www.europesays.com\/fr\/161943\/","title":{"rendered":"Illya Zabarnyi au PSG, c&rsquo;est boucl\u00e9"},"content":{"rendered":"<p data-testid=\"article-teaser\">L\u2019arriv\u00e9e d\u2019Illya Zabarnyi au PSG cet \u00e9t\u00e9 est plus que jamais imminente.<\/p>\n<p>La d\u00e9fense parisienne est sur le point d\u2019accueillir un nouveau pilier. <a href=\"https:\/\/www.goal.com\/fr\/listes\/mercato-le-psg-fonce-sur-un-crack-de-premier-league\/blte066c106debabbf3\" target=\"_self\" rel=\"noopener\">Apr\u00e8s plusieurs jours d\u2019intenses n\u00e9gociations en coulisses, un accord semble d\u00e9sormais se profiler avec Illya Zabarnyi.<\/a> C\u2019est une op\u00e9ration qui s\u2019est acc\u00e9l\u00e9r\u00e9e dans le plus grand secret, \u00e0 quelques jours de la Coupe du monde des clubs. Reste une derni\u00e8re marche \u00e0 franchir avant l\u2019officialisation, dans un contexte o\u00f9 le timing est plus serr\u00e9 que jamais.<\/p>\n<p><a href=\"https:\/\/dazn.prf.hn\/click\/camref:1011lG4NZ\/destination:https:\/\/www.dazn.com\/competition\/Competition:dc4k1xh2984zbypbnunk7ncic\" target=\"_blank\" class=\"affiliate-button\" rel=\"noopener\"><img loading=\"lazy\" decoding=\"async\" src=\"https:\/\/www.europesays.com\/fr\/wp-content\/uploads\/2025\/04\/DAZN.png\" width=\"72\" height=\"40\" alt=\"logo\" class=\"affiliate-logo\"\/>Regarder la Coupe du Monde des Clubs 2025 sur DAZN<\/p>\n<p>Regardez maintenant<\/p>\n<p><\/a>L&rsquo;article continue ci-dessous<\/p>\n","protected":false},"excerpt":{"rendered":"L\u2019arriv\u00e9e d\u2019Illya Zabarnyi au PSG cet \u00e9t\u00e9 est plus que jamais imminente. La d\u00e9fense parisienne est sur le&hellip;\n","protected":false},"author":2,"featured_media":161944,"comment_status":"","ping_status":"","sticky":false,"template":"","format":"standard","meta":{"footnotes":""},"categories":[9],"tags":[29295,18645,28918,1011,27,28400,66,1434,91,29296,60,28401],"class_list":{"0":"post-161943","1":"post","2":"type-post","3":"status-publish","4":"format-standard","5":"has-post-thumbnail","7":"category-sports","8":"tag-atletico-madrid","9":"tag-coupe-du-monde-des-clubs-fifa","10":"tag-fifa-club-world-cup","11":"tag-fr","12":"tag-france","13":"tag-i-zabarnyi","14":"tag-ligue-1","15":"tag-mercato","16":"tag-paris-saint-germain","17":"tag-paris-saint-germain-vs-atletico-madrid","18":"tag-sports","19":"tag-transfers"},"share_on_mastodon":{"url":"https:\/\/pubeurope.com\/@fr\/114650244999020890","error":""},"_links":{"self":[{"href":"https:\/\/www.europesays.com\/fr\/wp-json\/wp\/v2\/posts\/161943","targetHints":{"allow":["GET"]}}],"collection":[{"href":"https:\/\/www.europesays.com\/fr\/wp-json\/wp\/v2\/posts"}],"about":[{"href":"https:\/\/www.europesays.com\/fr\/wp-json\/wp\/v2\/types\/post"}],"author":[{"embeddable":true,"href":"https:\/\/www.europesays.com\/fr\/wp-json\/wp\/v2\/users\/2"}],"replies":[{"embeddable":true,"href":"https:\/\/www.europesays.com\/fr\/wp-json\/wp\/v2\/comments?post=161943"}],"version-history":[{"count":0,"href":"https:\/\/www.europesays.com\/fr\/wp-json\/wp\/v2\/posts\/161943\/revisions"}],"wp:featuredmedia":[{"embeddable":true,"href":"https:\/\/www.europesays.com\/fr\/wp-json\/wp\/v2\/media\/161944"}],"wp:attachment":[{"href":"https:\/\/www.europesays.com\/fr\/wp-json\/wp\/v2\/media?parent=161943"}],"wp:term":[{"taxonomy":"category","embeddable":true,"href":"https:\/\/www.europesays.com\/fr\/wp-json\/wp\/v2\/categories?post=161943"},{"taxonomy":"post_tag","embeddable":true,"href":"https:\/\/www.europesays.com\/fr\/wp-json\/wp\/v2\/tags?post=161943"}],"curies":[{"name":"wp","href":"https:\/\/api.w.org\/{rel}","templated":true}]}}