{"id":161957,"date":"2025-06-08T23:10:49","date_gmt":"2025-06-08T23:10:49","guid":{"rendered":"https:\/\/www.europesays.com\/fr\/161957\/"},"modified":"2025-06-08T23:10:49","modified_gmt":"2025-06-08T23:10:49","slug":"municipales-2026-horizons-officialise-le-jaouen-comme-chef-de-file-a-saint-etienne","status":"publish","type":"post","link":"https:\/\/www.europesays.com\/fr\/161957\/","title":{"rendered":"MUNICIPALES 2026 : HORIZONS OFFICIALISE LE JAOUEN COMME CHEF DE FILE \u00c0 SAINT-\u00c9TIENNE"},"content":{"rendered":"<p>                <a href=\"https:\/\/42info.fr\/gagnez-vos-airpods-pro\/\" target=\"_blank\" aria-label=\"Gagnez Airpod\" rel=\"nofollow noopener\"><img loading=\"lazy\" decoding=\"async\" src=\"https:\/\/www.europesays.com\/fr\/wp-content\/uploads\/2025\/05\/Gagnez-Airpod-scaled.jpg\" alt=\"\"   width=\"2560\" height=\"960\"\/><\/a><\/p>\n<p>Le parti d\u2019\u00c9douard Philippe vient de formaliser ce qui \u00e9tait dans l\u2019air depuis plusieurs mois, donnant une l\u00e9gitimit\u00e9 nationale au candidat qui s\u2019\u00e9tait d\u00e9clar\u00e9 d\u00e8s f\u00e9vrier dernier.<\/p>\n<p>Un adoubement qui change la donne<\/p>\n<p>Cette d\u00e9signation officielle marque un tournant dans la campagne municipale st\u00e9phanoise qui se dessine. Apr\u00e8s avoir vu les \u00e9cologistes, la France insoumise et les socialistes pr\u00e9senter leurs candidats respectifs, c\u2019est au tour du parti pr\u00e9sidentiel de clarifier ses intentions pour la reconqu\u00eate de Saint-\u00c9tienne.<\/p>\n<p>\u00c9ric Le Jaouen, entrepreneur issu de la soci\u00e9t\u00e9 civile, devient ainsi le porte-\u00e9tendard officiel d\u2019Horizons pour les municipales. Cette reconnaissance nationale vient consolider une candidature qui mise sur le renouvellement politique et l\u2019approche pragmatique des dossiers urbains.<\/p>\n<p>Une strat\u00e9gie d\u2019union d\u00e9j\u00e0 amorc\u00e9e<\/p>\n<p>Contrairement aux autres formations politiques qui ont pr\u00e9sent\u00e9 leurs bin\u00f4mes, \u00c9ric Le Jaouen a fait un choix strat\u00e9gique diff\u00e9rent en rejoignant l\u2019union \u00ab\u00a0Saint-\u00c9tienne Ensemble 2026\u00a0\u00bb. Cette d\u00e9marche t\u00e9moigne d\u2019une volont\u00e9 de d\u00e9passer les clivages partisans traditionnels pour construire une coalition large.<\/p>\n<p>Cette approche transpartisane pourrait s\u00e9duire un \u00e9lectorat st\u00e9phanois en qu\u00eate d\u2019alternative aux logiques politiciennes habituelles. En se positionnant comme f\u00e9d\u00e9rateur plut\u00f4t que comme repr\u00e9sentant exclusif d\u2019un parti, le candidat semble vouloir incarner une nouvelle fa\u00e7on de faire de la politique locale.<\/p>\n<p>Un positionnement sur le renouvellement<\/p>\n<p>Le discours d\u2019\u00c9ric Le Jaouen s\u2019articule autour de la n\u00e9cessit\u00e9 de \u00ab\u00a0redonner de l\u2019\u00e9lan \u00e0 Saint-\u00c9tienne\u00a0\u00bb, formule qui r\u00e9sonne dans une ville confront\u00e9e \u00e0 de nombreux d\u00e9fis \u00e9conomiques et sociaux. Cette rh\u00e9torique du renouveau s\u2019accompagne d\u2019une promesse de m\u00e9thode : celle du projet collectif construit avec les habitants.<\/p>\n<p>Son profil d\u2019entrepreneur du priv\u00e9 constitue un atout dans un contexte o\u00f9 les \u00e9lecteurs cherchent souvent des figures nouvelles, non issues de l\u2019appareil politique traditionnel. Cette origine \u00ab\u00a0soci\u00e9t\u00e9 civile\u00a0\u00bb pourrait lui permettre de se d\u00e9marquer dans un paysage \u00e9lectoral o\u00f9 plusieurs candidats revendiquent d\u00e9j\u00e0 l\u2019\u00e9tiquette du changement.<\/p>\n<p>Les d\u00e9fis d\u2019une candidature d\u2019union<\/p>\n<p>Malgr\u00e9 cette officialisation par Horizons, \u00c9ric Le Jaouen devra relever plusieurs d\u00e9fis pour s\u2019imposer dans la course municipale. D\u2019abord, celui de la cr\u00e9dibilit\u00e9 : convaincre qu\u2019une union h\u00e9t\u00e9roclite peut gouverner efficacement une ville aux probl\u00e8mes complexes.<\/p>\n<p>Ensuite, celui de la diff\u00e9renciation : dans un contexte o\u00f9 plusieurs candidats se r\u00e9clament du renouvellement, il devra d\u00e9montrer la sp\u00e9cificit\u00e9 de son projet et de son approche. La r\u00e9f\u00e9rence nationale \u00e0 \u00c9douard Philippe peut \u00eatre un atout comme un handicap, selon la perception que les St\u00e9phanois ont de la politique nationale.<\/p>\n<p>Un paysage \u00e9lectoral qui se pr\u00e9cise<\/p>\n<p>Avec cette d\u00e9signation, le paysage \u00e9lectoral des municipales 2026 commence \u00e0 se structurer. Face aux candidats d\u00e9j\u00e0 d\u00e9clar\u00e9s des principales formations de gauche (Olivier Longeon et Julie Tokhi pour les \u00e9cologistes, Valentine Mercier et Nicolas Preux pour LFI, R\u00e9gis Juanico et Isabelle Dumestre pour le PS), \u00c9ric Le Jaouen repr\u00e9sente d\u00e9sormais l\u2019option centriste soutenue par la majorit\u00e9 pr\u00e9sidentielle.<\/p>\n<p>Cette multiplication des candidatures laisse pr\u00e9sager d\u2019une campagne anim\u00e9e, o\u00f9 les enjeux locaux devront s\u2019articuler avec les positionnements nationaux. La capacit\u00e9 de chaque candidat \u00e0 incarner une vision convaincante pour l\u2019avenir de Saint-\u00c9tienne sera d\u00e9terminante.<\/p>\n<p>L\u2019engagement de poursuivre le dialogue<\/p>\n<p>Dans sa premi\u00e8re r\u00e9action officielle \u00e0 cette d\u00e9signation, \u00c9ric Le Jaouen a r\u00e9affirm\u00e9 sa volont\u00e9 de \u00ab\u00a0dialogue avec les partenaires locaux\u00a0\u00bb et son ambition de \u00ab\u00a0rassembler largement\u00a0\u00bb. Cette posture d\u2019ouverture sera mise \u00e0 l\u2019\u00e9preuve dans les mois qui viennent, alors que les diff\u00e9rentes forces politiques st\u00e9phanoises aff\u00fbtent leurs arguments.<\/p>\n<p>La r\u00e9ussite de cette strat\u00e9gie d\u2019union d\u00e9pendra largement de la capacit\u00e9 du candidat \u00e0 attirer des personnalit\u00e9s locales cr\u00e9dibles et \u00e0 pr\u00e9senter un programme coh\u00e9rent qui transcende les appartenances partisanes. Un d\u00e9fi de taille dans une ville o\u00f9 les enjeux concrets priment souvent sur les consid\u00e9rations id\u00e9ologiques.<\/p>\n","protected":false},"excerpt":{"rendered":"Le parti d\u2019\u00c9douard Philippe vient de formaliser ce qui \u00e9tait dans l\u2019air depuis plusieurs mois, donnant une l\u00e9gitimit\u00e9&hellip;\n","protected":false},"author":2,"featured_media":161958,"comment_status":"","ping_status":"","sticky":false,"template":"","format":"standard","meta":{"footnotes":""},"categories":[9653],"tags":[1111,11,2430,1777,674,1011,27,29449,3367,12,316,25,4001],"class_list":{"0":"post-161957","1":"post","2":"type-post","3":"status-publish","4":"format-standard","5":"has-post-thumbnail","7":"category-saint-etienne","8":"tag-actu","9":"tag-actualites","10":"tag-auvergne-rhone-alpes","11":"tag-eu","12":"tag-europe","13":"tag-fr","14":"tag-france","15":"tag-le-jaouen","16":"tag-loire","17":"tag-news","18":"tag-politique","19":"tag-republique-francaise","20":"tag-saint-etienne"},"share_on_mastodon":{"url":"https:\/\/pubeurope.com\/@fr\/114650276397720017","error":""},"_links":{"self":[{"href":"https:\/\/www.europesays.com\/fr\/wp-json\/wp\/v2\/posts\/161957","targetHints":{"allow":["GET"]}}],"collection":[{"href":"https:\/\/www.europesays.com\/fr\/wp-json\/wp\/v2\/posts"}],"about":[{"href":"https:\/\/www.europesays.com\/fr\/wp-json\/wp\/v2\/types\/post"}],"author":[{"embeddable":true,"href":"https:\/\/www.europesays.com\/fr\/wp-json\/wp\/v2\/users\/2"}],"replies":[{"embeddable":true,"href":"https:\/\/www.europesays.com\/fr\/wp-json\/wp\/v2\/comments?post=161957"}],"version-history":[{"count":0,"href":"https:\/\/www.europesays.com\/fr\/wp-json\/wp\/v2\/posts\/161957\/revisions"}],"wp:featuredmedia":[{"embeddable":true,"href":"https:\/\/www.europesays.com\/fr\/wp-json\/wp\/v2\/media\/161958"}],"wp:attachment":[{"href":"https:\/\/www.europesays.com\/fr\/wp-json\/wp\/v2\/media?parent=161957"}],"wp:term":[{"taxonomy":"category","embeddable":true,"href":"https:\/\/www.europesays.com\/fr\/wp-json\/wp\/v2\/categories?post=161957"},{"taxonomy":"post_tag","embeddable":true,"href":"https:\/\/www.europesays.com\/fr\/wp-json\/wp\/v2\/tags?post=161957"}],"curies":[{"name":"wp","href":"https:\/\/api.w.org\/{rel}","templated":true}]}}