{"id":161969,"date":"2025-06-08T23:18:09","date_gmt":"2025-06-08T23:18:09","guid":{"rendered":"https:\/\/www.europesays.com\/fr\/161969\/"},"modified":"2025-06-08T23:18:09","modified_gmt":"2025-06-08T23:18:09","slug":"previsions-du-lundi-9-juin-2025","status":"publish","type":"post","link":"https:\/\/www.europesays.com\/fr\/161969\/","title":{"rendered":"pr\u00e9visions du lundi 9 juin 2025"},"content":{"rendered":"<p>Un splendide soleil brillera sur Montpellier, o\u00f9 la journ\u00e9e s&rsquo;annoncera des plus agr\u00e9ables. Les maximales iront jusqu&rsquo;\u00e0 27\u00b0C tandis que les minimales seront de 16\u00b0C. Dans la matin\u00e9e, les temp\u00e9ratures seront de 22\u00b0C. Un vent de nord-est soufflera l\u00e9g\u00e8rement, avec 4 km\/h. Les temp\u00e9ratures vont conna\u00eetre une augmentation de plusieurs degr\u00e9s au cours de l&rsquo;apr\u00e8s-midi. Les valeurs iront de 26 \u00e0 27\u00b0C. La ville profitera de quelques \u00e9claircies le soir. On passera de lundi \u00e0 mardi par une nuit claire.<\/p>\n<p>Un bel ensoleillement est attendu demain \u00e0 Montpellier. Une m\u00e9t\u00e9o plus chaude est pr\u00e9vue \u00e9tant donn\u00e9 que le mercure va enregistrer une hausse. Les temp\u00e9ratures seront comprises entre 18 et 27\u00b0C. Un vent de sud-ouest rafra\u00eechira sensiblement l&rsquo;atmosph\u00e8re. Il fera 24\u00b0C en moyenne le matin. Les valeurs afficheront entre 26\u00b0C et 27\u00b0C dans l&rsquo;apr\u00e8s-midi. Les temp\u00e9ratures tourneront autour des 23\u00b0C dans la soir\u00e9e.<\/p>\n<p>Peu de changements au fil des jours. Le temps sera ensoleill\u00e9 avec des temp\u00e9ratures d&rsquo;environ 24\u00b0C.<\/p>\n<p><\/p>\n","protected":false},"excerpt":{"rendered":"Un splendide soleil brillera sur Montpellier, o\u00f9 la journ\u00e9e s&rsquo;annoncera des plus agr\u00e9ables. Les maximales iront jusqu&rsquo;\u00e0 27\u00b0C&hellip;\n","protected":false},"author":2,"featured_media":161970,"comment_status":"","ping_status":"","sticky":false,"template":"","format":"standard","meta":{"footnotes":""},"categories":[9599],"tags":[1111,11,1777,674,1011,27,7089,2681,2208,12,2680,2119,25],"class_list":{"0":"post-161969","1":"post","2":"type-post","3":"status-publish","4":"format-standard","5":"has-post-thumbnail","7":"category-montpellier","8":"tag-actu","9":"tag-actualites","10":"tag-eu","11":"tag-europe","12":"tag-fr","13":"tag-france","14":"tag-herault","15":"tag-languedoc-roussillon","16":"tag-montpellier","17":"tag-news","18":"tag-occitanie","19":"tag-previsions-meteo","20":"tag-republique-francaise"},"share_on_mastodon":{"url":"https:\/\/pubeurope.com\/@fr\/114650303912705777","error":""},"_links":{"self":[{"href":"https:\/\/www.europesays.com\/fr\/wp-json\/wp\/v2\/posts\/161969","targetHints":{"allow":["GET"]}}],"collection":[{"href":"https:\/\/www.europesays.com\/fr\/wp-json\/wp\/v2\/posts"}],"about":[{"href":"https:\/\/www.europesays.com\/fr\/wp-json\/wp\/v2\/types\/post"}],"author":[{"embeddable":true,"href":"https:\/\/www.europesays.com\/fr\/wp-json\/wp\/v2\/users\/2"}],"replies":[{"embeddable":true,"href":"https:\/\/www.europesays.com\/fr\/wp-json\/wp\/v2\/comments?post=161969"}],"version-history":[{"count":0,"href":"https:\/\/www.europesays.com\/fr\/wp-json\/wp\/v2\/posts\/161969\/revisions"}],"wp:featuredmedia":[{"embeddable":true,"href":"https:\/\/www.europesays.com\/fr\/wp-json\/wp\/v2\/media\/161970"}],"wp:attachment":[{"href":"https:\/\/www.europesays.com\/fr\/wp-json\/wp\/v2\/media?parent=161969"}],"wp:term":[{"taxonomy":"category","embeddable":true,"href":"https:\/\/www.europesays.com\/fr\/wp-json\/wp\/v2\/categories?post=161969"},{"taxonomy":"post_tag","embeddable":true,"href":"https:\/\/www.europesays.com\/fr\/wp-json\/wp\/v2\/tags?post=161969"}],"curies":[{"name":"wp","href":"https:\/\/api.w.org\/{rel}","templated":true}]}}