{"id":16197,"date":"2025-04-11T00:46:17","date_gmt":"2025-04-11T00:46:17","guid":{"rendered":"https:\/\/www.europesays.com\/fr\/16197\/"},"modified":"2025-04-11T00:46:17","modified_gmt":"2025-04-11T00:46:17","slug":"le-chantier-de-loeuvre-monumentale-est-lance","status":"publish","type":"post","link":"https:\/\/www.europesays.com\/fr\/16197\/","title":{"rendered":"le chantier de l\u2019\u0153uvre monumentale est lanc\u00e9"},"content":{"rendered":"<p>\u00ab\u00a0Mais qu\u2019est-ce que c\u2019est ce nouveau chantier\u00a0? \u00c7a a l\u2019air bien imposant\u00a0!\u00a0\u00bb<\/p>\n<p>Depuis ce lundi 7\u00a0avril, sur la place Bellecour, dans le 2e  arrondissement de Lyon, l\u2019installation d\u2019une zone de travaux grillag\u00e9e suscite l\u2019interrogation des badauds. Des plaques de b\u00e9ton ont \u00e9t\u00e9 pos\u00e9es au sol et les tractopelles sont d\u00e9j\u00e0 \u00e0 l\u2019\u0153uvre. Mais en effet, rien n\u2019indique de quoi il s\u2019agit.<\/p>\n<p>Pourtant, lors de sa pr\u00e9sentation par <a href=\"https:\/\/www.leprogres.fr\/p\/gregory-doucet\" target=\"_blank\" rel=\"noopener\">Gr\u00e9gory Doucet<\/a>, maire \u00e9cologiste de Lyon, cette future installation a fait couler beaucoup d\u2019encre et d\u00e9lier bien des langues. Certains esp\u00e9raient de la v\u00e9g\u00e9talisation pour faire baisser la temp\u00e9rature sur la place Bellecour. L\u2019\u0153uvre monumentale, imagin\u00e9e par l\u2019artiste peintre Romain Froquet et con\u00e7ue par Tristan Architecture et AIA Life Designers, n\u2019en poss\u00e8de pas. Mais si le pari est r\u00e9ussi et gr\u00e2ce \u00e0 ses 1\u00a0500 m 2 de drap\u00e9s, elle devrait apporter de l\u2019ombre et faire baisser la temp\u00e9rature de 4\u00a0\u00b0C.<\/p>\n<p><strong>&gt;&gt;\u00a0<\/strong><a href=\"https:\/\/www.leprogres.fr\/environnement\/2025\/02\/24\/de-l-herbe-plutot-que-des-arbres-la-reflexion-se-poursuit-sur-la-place-bellecour\" target=\"_blank\" rel=\"noopener\"><strong>De l\u2019herbe plut\u00f4t que des arbres\u00a0? La r\u00e9flexion se poursuit sur la place&#8230;<\/strong><\/a><\/p>\n","protected":false},"excerpt":{"rendered":"\u00ab\u00a0Mais qu\u2019est-ce que c\u2019est ce nouveau chantier\u00a0? \u00c7a a l\u2019air bien imposant\u00a0!\u00a0\u00bb Depuis ce lundi 7\u00a0avril, sur la&hellip;\n","protected":false},"author":2,"featured_media":16198,"comment_status":"","ping_status":"","sticky":false,"template":"","format":"standard","meta":{"footnotes":""},"categories":[1889],"tags":[1111,11,2430,6698,2757,436,1777,674,107,1011,27,3539,2428,2756,12,316,5140,25,2429,4604,3151],"class_list":{"0":"post-16197","1":"post","2":"type-post","3":"status-publish","4":"format-standard","5":"has-post-thumbnail","7":"category-lyon","8":"tag-actu","9":"tag-actualites","10":"tag-auvergne-rhone-alpes","11":"tag-canicule","12":"tag-edition-lyon-villeurbanne","13":"tag-environnement","14":"tag-eu","15":"tag-europe","16":"tag-fil-info","17":"tag-fr","18":"tag-france","19":"tag-les-ecologistes","20":"tag-lyon","21":"tag-lyon-bassin","22":"tag-news","23":"tag-politique","24":"tag-rechauffement-climatique","25":"tag-republique-francaise","26":"tag-rhone","27":"tag-selection-abonne","28":"tag-selection-de-la-redaction-69"},"share_on_mastodon":{"url":"https:\/\/pubeurope.com\/@fr\/114316573580741337","error":""},"_links":{"self":[{"href":"https:\/\/www.europesays.com\/fr\/wp-json\/wp\/v2\/posts\/16197","targetHints":{"allow":["GET"]}}],"collection":[{"href":"https:\/\/www.europesays.com\/fr\/wp-json\/wp\/v2\/posts"}],"about":[{"href":"https:\/\/www.europesays.com\/fr\/wp-json\/wp\/v2\/types\/post"}],"author":[{"embeddable":true,"href":"https:\/\/www.europesays.com\/fr\/wp-json\/wp\/v2\/users\/2"}],"replies":[{"embeddable":true,"href":"https:\/\/www.europesays.com\/fr\/wp-json\/wp\/v2\/comments?post=16197"}],"version-history":[{"count":0,"href":"https:\/\/www.europesays.com\/fr\/wp-json\/wp\/v2\/posts\/16197\/revisions"}],"wp:featuredmedia":[{"embeddable":true,"href":"https:\/\/www.europesays.com\/fr\/wp-json\/wp\/v2\/media\/16198"}],"wp:attachment":[{"href":"https:\/\/www.europesays.com\/fr\/wp-json\/wp\/v2\/media?parent=16197"}],"wp:term":[{"taxonomy":"category","embeddable":true,"href":"https:\/\/www.europesays.com\/fr\/wp-json\/wp\/v2\/categories?post=16197"},{"taxonomy":"post_tag","embeddable":true,"href":"https:\/\/www.europesays.com\/fr\/wp-json\/wp\/v2\/tags?post=16197"}],"curies":[{"name":"wp","href":"https:\/\/api.w.org\/{rel}","templated":true}]}}