{"id":161977,"date":"2025-06-08T23:29:09","date_gmt":"2025-06-08T23:29:09","guid":{"rendered":"https:\/\/www.europesays.com\/fr\/161977\/"},"modified":"2025-06-08T23:29:09","modified_gmt":"2025-06-08T23:29:09","slug":"previsions-du-lundi-9-juin-2025-3","status":"publish","type":"post","link":"https:\/\/www.europesays.com\/fr\/161977\/","title":{"rendered":"pr\u00e9visions du lundi 9 juin 2025"},"content":{"rendered":"<p>Strasbourg va vivre une magnifique journ\u00e9e tr\u00e8s ensoleill\u00e9e. Les valeurs seront comprises entre 8 et 22\u00b0C. Les temp\u00e9ratures tourneront autour des 17\u00b0C dans la matin\u00e9e. Une modeste brise de sud-ouest sera ressentie par les habitants. Le temps va se r\u00e9chauffer l&rsquo;apr\u00e8s-midi avec une augmentation de quelques degr\u00e9s. Les valeurs s&rsquo;\u00e9chelonneront de 21 \u00e0 22\u00b0C. Durant la nuit de lundi \u00e0 mardi, le ciel sera limpide.<\/p>\n<p>Demain, les Strasbourgeois vont pouvoir b\u00e9n\u00e9ficier d&rsquo;un soleil radieux. C&rsquo;est une hausse de quelques degr\u00e9s que vont conna\u00eetre les temp\u00e9ratures. Ces valeurs afficheront entre 11 et 25\u00b0C. Le matin, un vent de sud-ouest rafra\u00eechira l\u00e9g\u00e8rement l&rsquo;atmosph\u00e8re. Une m\u00e9t\u00e9o plus chaude est pr\u00e9vue demain apr\u00e8s-midi \u00e9tant donn\u00e9 que les temp\u00e9ratures vont enregistrer une augmentation. Les valeurs seront de 23\u00b0C au minimum et de 25\u00b0C au plus haut. Un petit vent de nord-ouest soufflera au cours de la soir\u00e9e.<\/p>\n<p>Peu d&rsquo;\u00e9volutions au fil des jours. On s&rsquo;attend \u00e0 des journ\u00e9es ensoleill\u00e9es, avec des temp\u00e9ratures dans les 21\u00b0C en moyenne.<\/p>\n<p><\/p>\n","protected":false},"excerpt":{"rendered":"Strasbourg va vivre une magnifique journ\u00e9e tr\u00e8s ensoleill\u00e9e. Les valeurs seront comprises entre 8 et 22\u00b0C. Les temp\u00e9ratures&hellip;\n","protected":false},"author":2,"featured_media":161978,"comment_status":"","ping_status":"","sticky":false,"template":"","format":"standard","meta":{"footnotes":""},"categories":[2820],"tags":[1111,11,2389,2649,1777,674,1011,27,775,12,2119,25,640],"class_list":{"0":"post-161977","1":"post","2":"type-post","3":"status-publish","4":"format-standard","5":"has-post-thumbnail","7":"category-strasbourg","8":"tag-actu","9":"tag-actualites","10":"tag-alsace","11":"tag-bas-rhin","12":"tag-eu","13":"tag-europe","14":"tag-fr","15":"tag-france","16":"tag-grand-est","17":"tag-news","18":"tag-previsions-meteo","19":"tag-republique-francaise","20":"tag-strasbourg"},"share_on_mastodon":{"url":"https:\/\/pubeurope.com\/@fr\/114650347279447758","error":""},"_links":{"self":[{"href":"https:\/\/www.europesays.com\/fr\/wp-json\/wp\/v2\/posts\/161977","targetHints":{"allow":["GET"]}}],"collection":[{"href":"https:\/\/www.europesays.com\/fr\/wp-json\/wp\/v2\/posts"}],"about":[{"href":"https:\/\/www.europesays.com\/fr\/wp-json\/wp\/v2\/types\/post"}],"author":[{"embeddable":true,"href":"https:\/\/www.europesays.com\/fr\/wp-json\/wp\/v2\/users\/2"}],"replies":[{"embeddable":true,"href":"https:\/\/www.europesays.com\/fr\/wp-json\/wp\/v2\/comments?post=161977"}],"version-history":[{"count":0,"href":"https:\/\/www.europesays.com\/fr\/wp-json\/wp\/v2\/posts\/161977\/revisions"}],"wp:featuredmedia":[{"embeddable":true,"href":"https:\/\/www.europesays.com\/fr\/wp-json\/wp\/v2\/media\/161978"}],"wp:attachment":[{"href":"https:\/\/www.europesays.com\/fr\/wp-json\/wp\/v2\/media?parent=161977"}],"wp:term":[{"taxonomy":"category","embeddable":true,"href":"https:\/\/www.europesays.com\/fr\/wp-json\/wp\/v2\/categories?post=161977"},{"taxonomy":"post_tag","embeddable":true,"href":"https:\/\/www.europesays.com\/fr\/wp-json\/wp\/v2\/tags?post=161977"}],"curies":[{"name":"wp","href":"https:\/\/api.w.org\/{rel}","templated":true}]}}