{"id":161979,"date":"2025-06-08T23:30:09","date_gmt":"2025-06-08T23:30:09","guid":{"rendered":"https:\/\/www.europesays.com\/fr\/161979\/"},"modified":"2025-06-08T23:30:09","modified_gmt":"2025-06-08T23:30:09","slug":"previsions-du-lundi-9-juin-2025-4","status":"publish","type":"post","link":"https:\/\/www.europesays.com\/fr\/161979\/","title":{"rendered":"pr\u00e9visions du lundi 9 juin 2025"},"content":{"rendered":"<p>Il fera 22\u00b0C en moyenne \u00e0 Nice aujourd&rsquo;hui. Le ciel va quelque peu se d\u00e9gager dans la matin\u00e9e avec des \u00e9claircies. Le mercure affichera 22\u00b0C en moyenne. Un vent de sud-est rafra\u00eechira un peu l&rsquo;atmosph\u00e8re. Cet apr\u00e8s-midi sera synonyme de beau soleil. On pr\u00e9voit des valeurs avoisinant 24\u00b0C. Il va faire environ 22\u00b0C, le soir. On s&rsquo;attend \u00e0 une nuit claire entre lundi et mardi.<\/p>\n<p>C&rsquo;est un soleil magnifique qui va briller demain sur Nice. C&rsquo;est une hausse de quelques degr\u00e9s que vont conna\u00eetre les temp\u00e9ratures. Ces valeurs seront comprises entre 20 et 25\u00b0C. Les valeurs tourneront autour des 24\u00b0C dans la matin\u00e9e. Un vent de sud-est soufflera doucement. Les temp\u00e9ratures iront de 23 \u00e0 25\u00b0C sur l&rsquo;ensemble de l&rsquo;apr\u00e8s-midi. Les valeurs afficheront entre 21 et 22\u00b0C pendant la soir\u00e9e. Une l\u00e9g\u00e8re brise de nord soufflera.<\/p>\n<p>Pour les jours suivants, le temps ne bougera pas. Il va faire un temps relativement ensoleill\u00e9 avec des temp\u00e9ratures autour de 24\u00b0C.<\/p>\n<p><\/p>\n","protected":false},"excerpt":{"rendered":"Il fera 22\u00b0C en moyenne \u00e0 Nice aujourd&rsquo;hui. Le ciel va quelque peu se d\u00e9gager dans la matin\u00e9e&hellip;\n","protected":false},"author":2,"featured_media":161980,"comment_status":"","ping_status":"","sticky":false,"template":"","format":"standard","meta":{"footnotes":""},"categories":[2819],"tags":[1111,11,2898,1777,674,1011,27,12,2401,883,2119,882,25],"class_list":{"0":"post-161979","1":"post","2":"type-post","3":"status-publish","4":"format-standard","5":"has-post-thumbnail","7":"category-nice","8":"tag-actu","9":"tag-actualites","10":"tag-alpes-maritimes","11":"tag-eu","12":"tag-europe","13":"tag-fr","14":"tag-france","15":"tag-news","16":"tag-nice","17":"tag-paca","18":"tag-previsions-meteo","19":"tag-provence-alpes-cote-dazur","20":"tag-republique-francaise"},"share_on_mastodon":{"url":"https:\/\/pubeurope.com\/@fr\/114650351110825686","error":""},"_links":{"self":[{"href":"https:\/\/www.europesays.com\/fr\/wp-json\/wp\/v2\/posts\/161979","targetHints":{"allow":["GET"]}}],"collection":[{"href":"https:\/\/www.europesays.com\/fr\/wp-json\/wp\/v2\/posts"}],"about":[{"href":"https:\/\/www.europesays.com\/fr\/wp-json\/wp\/v2\/types\/post"}],"author":[{"embeddable":true,"href":"https:\/\/www.europesays.com\/fr\/wp-json\/wp\/v2\/users\/2"}],"replies":[{"embeddable":true,"href":"https:\/\/www.europesays.com\/fr\/wp-json\/wp\/v2\/comments?post=161979"}],"version-history":[{"count":0,"href":"https:\/\/www.europesays.com\/fr\/wp-json\/wp\/v2\/posts\/161979\/revisions"}],"wp:featuredmedia":[{"embeddable":true,"href":"https:\/\/www.europesays.com\/fr\/wp-json\/wp\/v2\/media\/161980"}],"wp:attachment":[{"href":"https:\/\/www.europesays.com\/fr\/wp-json\/wp\/v2\/media?parent=161979"}],"wp:term":[{"taxonomy":"category","embeddable":true,"href":"https:\/\/www.europesays.com\/fr\/wp-json\/wp\/v2\/categories?post=161979"},{"taxonomy":"post_tag","embeddable":true,"href":"https:\/\/www.europesays.com\/fr\/wp-json\/wp\/v2\/tags?post=161979"}],"curies":[{"name":"wp","href":"https:\/\/api.w.org\/{rel}","templated":true}]}}