{"id":161987,"date":"2025-06-08T23:35:10","date_gmt":"2025-06-08T23:35:10","guid":{"rendered":"https:\/\/www.europesays.com\/fr\/161987\/"},"modified":"2025-06-08T23:35:10","modified_gmt":"2025-06-08T23:35:10","slug":"previsions-du-lundi-9-juin-2025-6","status":"publish","type":"post","link":"https:\/\/www.europesays.com\/fr\/161987\/","title":{"rendered":"pr\u00e9visions du lundi 9 juin 2025"},"content":{"rendered":"<p>Un magnifique soleil brillera sur Bordeaux, o\u00f9 la journ\u00e9e sera des plus plaisantes. Les temp\u00e9ratures afficheront entre 11 et 28\u00b0C. Une modeste brise de nord-est sera ressentie par les habitants. L&rsquo;apr\u00e8s-midi, c&rsquo;est une hausse de plusieurs degr\u00e9s que vont conna\u00eetre les temp\u00e9ratures. Les valeurs seront de 26\u00b0C au minimum et de 28\u00b0C au plus haut. Le passage de lundi \u00e0 mardi s&rsquo;effectuera sous un ciel limpide.<\/p>\n<p>Un bel ensoleillement est attendu demain \u00e0 Bordeaux. Un temps plus chaud est \u00e0 pr\u00e9voir \u00e9tant donn\u00e9 que les temp\u00e9ratures vont enregistrer une augmentation. Les grosses chaleurs sont pr\u00e9sentes. Avec des temp\u00e9ratures comprises entre 15 et 32\u00b0C. Les valeurs s&rsquo;\u00e9chelonneront entre 15 et 32\u00b0C. Un vent de nord-est rafra\u00eechira l\u00e9g\u00e8rement l&rsquo;atmosph\u00e8re. Les temp\u00e9ratures vont conna\u00eetre une hausse de plusieurs degr\u00e9s dans l&rsquo;apr\u00e8s-midi. Les valeurs \u00e9volueront entre 30 et 32\u2009\u00b0C.<\/p>\n<p>Les jours se succ\u00e8dent mais ne se ressemblent pas. Le temps sera variable les prochains jours. La m\u00e9t\u00e9o sera pluvieuse mercredi mais elle conna\u00eetra une am\u00e9lioration jeudi.<\/p>\n<p><\/p>\n","protected":false},"excerpt":{"rendered":"Un magnifique soleil brillera sur Bordeaux, o\u00f9 la journ\u00e9e sera des plus plaisantes. Les temp\u00e9ratures afficheront entre 11&hellip;\n","protected":false},"author":2,"featured_media":161988,"comment_status":"","ping_status":"","sticky":false,"template":"","format":"standard","meta":{"footnotes":""},"categories":[2817],"tags":[1111,11,3177,1997,1777,674,1011,27,2905,12,2219,2119,25],"class_list":{"0":"post-161987","1":"post","2":"type-post","3":"status-publish","4":"format-standard","5":"has-post-thumbnail","7":"category-bordeaux","8":"tag-actu","9":"tag-actualites","10":"tag-aquitaine","11":"tag-bordeaux","12":"tag-eu","13":"tag-europe","14":"tag-fr","15":"tag-france","16":"tag-gironde","17":"tag-news","18":"tag-nouvelle-aquitaine","19":"tag-previsions-meteo","20":"tag-republique-francaise"},"share_on_mastodon":{"url":"https:\/\/pubeurope.com\/@fr\/114650370758865530","error":""},"_links":{"self":[{"href":"https:\/\/www.europesays.com\/fr\/wp-json\/wp\/v2\/posts\/161987","targetHints":{"allow":["GET"]}}],"collection":[{"href":"https:\/\/www.europesays.com\/fr\/wp-json\/wp\/v2\/posts"}],"about":[{"href":"https:\/\/www.europesays.com\/fr\/wp-json\/wp\/v2\/types\/post"}],"author":[{"embeddable":true,"href":"https:\/\/www.europesays.com\/fr\/wp-json\/wp\/v2\/users\/2"}],"replies":[{"embeddable":true,"href":"https:\/\/www.europesays.com\/fr\/wp-json\/wp\/v2\/comments?post=161987"}],"version-history":[{"count":0,"href":"https:\/\/www.europesays.com\/fr\/wp-json\/wp\/v2\/posts\/161987\/revisions"}],"wp:featuredmedia":[{"embeddable":true,"href":"https:\/\/www.europesays.com\/fr\/wp-json\/wp\/v2\/media\/161988"}],"wp:attachment":[{"href":"https:\/\/www.europesays.com\/fr\/wp-json\/wp\/v2\/media?parent=161987"}],"wp:term":[{"taxonomy":"category","embeddable":true,"href":"https:\/\/www.europesays.com\/fr\/wp-json\/wp\/v2\/categories?post=161987"},{"taxonomy":"post_tag","embeddable":true,"href":"https:\/\/www.europesays.com\/fr\/wp-json\/wp\/v2\/tags?post=161987"}],"curies":[{"name":"wp","href":"https:\/\/api.w.org\/{rel}","templated":true}]}}