{"id":161993,"date":"2025-06-08T23:38:09","date_gmt":"2025-06-08T23:38:09","guid":{"rendered":"https:\/\/www.europesays.com\/fr\/161993\/"},"modified":"2025-06-08T23:38:09","modified_gmt":"2025-06-08T23:38:09","slug":"previsions-du-lundi-9-juin-2025-7","status":"publish","type":"post","link":"https:\/\/www.europesays.com\/fr\/161993\/","title":{"rendered":"pr\u00e9visions du lundi 9 juin 2025"},"content":{"rendered":"<p>Toulouse aura le plaisir de pouvoir profiter d&rsquo;une belle journ\u00e9e ensoleill\u00e9e. Les temp\u00e9ratures afficheront entre 13 et 27\u00b0C. Le matin, le thermom\u00e8tre affichera 20\u00b0C en moyenne. Un vent de nord-ouest rafra\u00eechira quelque peu l&rsquo;atmosph\u00e8re. Les temp\u00e9ratures vont grimper pendant l&rsquo;apr\u00e8s-midi de plusieurs degr\u00e9s. Les valeurs seront comprises entre 25\u00b0C et 27\u00b0C. Un ciel clair est \u00e0 pr\u00e9voir dans la nuit entre lundi et mardi.<\/p>\n<p>Un bel ensoleillement est pr\u00e9vu demain \u00e0 Toulouse. Une m\u00e9t\u00e9o plus chaude est attendue \u00e9tant donn\u00e9 que les temp\u00e9ratures vont enregistrer une hausse. Les valeurs maximums pr\u00e9vues sont importantes, avec 31\u00b0C. Les valeurs s&rsquo;\u00e9chelonneront entre 15 et 31\u00b0C. Une modeste brise de nord-est sera ressentie par les habitants. L&rsquo;air ambiant va se r\u00e9chauffer demain apr\u00e8s-midi avec une augmentation de plusieurs degr\u00e9s. Les fortes chaleurs sont install\u00e9es. Avec des temp\u00e9ratures comprises entre 29 et 31\u00b0C.<\/p>\n<p>Peu d&rsquo;\u00e9volutions pour la suite. Une m\u00e9t\u00e9o ensoleill\u00e9e, pour des temp\u00e9ratures de 25\u00b0C en moyenne, est pr\u00e9vue.<\/p>\n<p><\/p>\n","protected":false},"excerpt":{"rendered":"Toulouse aura le plaisir de pouvoir profiter d&rsquo;une belle journ\u00e9e ensoleill\u00e9e. Les temp\u00e9ratures afficheront entre 13 et 27\u00b0C.&hellip;\n","protected":false},"author":2,"featured_media":161994,"comment_status":"","ping_status":"","sticky":false,"template":"","format":"standard","meta":{"footnotes":""},"categories":[2816],"tags":[1111,11,1777,674,1011,27,2722,2721,12,2680,2119,25,2312],"class_list":{"0":"post-161993","1":"post","2":"type-post","3":"status-publish","4":"format-standard","5":"has-post-thumbnail","7":"category-toulouse","8":"tag-actu","9":"tag-actualites","10":"tag-eu","11":"tag-europe","12":"tag-fr","13":"tag-france","14":"tag-haute-garonne","15":"tag-midi-pyrenees","16":"tag-news","17":"tag-occitanie","18":"tag-previsions-meteo","19":"tag-republique-francaise","20":"tag-toulouse"},"share_on_mastodon":{"url":"https:\/\/pubeurope.com\/@fr\/114650382532404523","error":""},"_links":{"self":[{"href":"https:\/\/www.europesays.com\/fr\/wp-json\/wp\/v2\/posts\/161993","targetHints":{"allow":["GET"]}}],"collection":[{"href":"https:\/\/www.europesays.com\/fr\/wp-json\/wp\/v2\/posts"}],"about":[{"href":"https:\/\/www.europesays.com\/fr\/wp-json\/wp\/v2\/types\/post"}],"author":[{"embeddable":true,"href":"https:\/\/www.europesays.com\/fr\/wp-json\/wp\/v2\/users\/2"}],"replies":[{"embeddable":true,"href":"https:\/\/www.europesays.com\/fr\/wp-json\/wp\/v2\/comments?post=161993"}],"version-history":[{"count":0,"href":"https:\/\/www.europesays.com\/fr\/wp-json\/wp\/v2\/posts\/161993\/revisions"}],"wp:featuredmedia":[{"embeddable":true,"href":"https:\/\/www.europesays.com\/fr\/wp-json\/wp\/v2\/media\/161994"}],"wp:attachment":[{"href":"https:\/\/www.europesays.com\/fr\/wp-json\/wp\/v2\/media?parent=161993"}],"wp:term":[{"taxonomy":"category","embeddable":true,"href":"https:\/\/www.europesays.com\/fr\/wp-json\/wp\/v2\/categories?post=161993"},{"taxonomy":"post_tag","embeddable":true,"href":"https:\/\/www.europesays.com\/fr\/wp-json\/wp\/v2\/tags?post=161993"}],"curies":[{"name":"wp","href":"https:\/\/api.w.org\/{rel}","templated":true}]}}