{"id":161995,"date":"2025-06-08T23:40:10","date_gmt":"2025-06-08T23:40:10","guid":{"rendered":"https:\/\/www.europesays.com\/fr\/161995\/"},"modified":"2025-06-08T23:40:10","modified_gmt":"2025-06-08T23:40:10","slug":"previsions-du-lundi-9-juin-2025-8","status":"publish","type":"post","link":"https:\/\/www.europesays.com\/fr\/161995\/","title":{"rendered":"pr\u00e9visions du lundi 9 juin 2025"},"content":{"rendered":"<p>Aujourd&rsquo;hui, les valeurs seront comprises entre 9 et 21\u00b0C \u00e0 Lille. Malheureusement, il va y avoir encore des nuages le matin. Des pluies \u00e9parses sont attendues. Le thermom\u00e8tre affichera 17\u00b0C en moyenne. Un vent de sud-ouest soufflera l\u00e9g\u00e8rement, avec 14 km\/h. Le soleil sera dominant, la garantie d&rsquo;un magnifique apr\u00e8s-midi ! Les temp\u00e9ratures s&rsquo;\u00e9chelonneront entre 19\u00b0C et 21\u00b0C. Une nuit claire vous attendra entre lundi et mardi.<\/p>\n<p>La grisaille ne se disperse toujours pas, il y aura encore des nuages demain. C&rsquo;est une hausse de quelques degr\u00e9s que vont conna\u00eetre les temp\u00e9ratures dans la ville de Lille. Il va faire 17\u00b0C en moyenne. Une petite brise d&rsquo;ouest sera ressentie par les habitants. Un ciel voil\u00e9 avec une apparition de petits nuages est pr\u00e9vu dans la matin\u00e9e. On observera la pr\u00e9sence persistante de nuages demain apr\u00e8s-midi. Des pluies \u00e9parses vont tomber. Les maximales iront jusqu&rsquo;\u00e0 21\u00b0C tandis que les minimales seront de 20\u00b0C. Toujours de la grisaille demain soir. Les nuages vont s&rsquo;attarder. Des pluies \u00e9parses vont tomber sur la ville. Il fera environ 18\u00b0C.<\/p>\n<p>La m\u00e9t\u00e9o des journ\u00e9es qui suivent va s&rsquo;am\u00e9liorer. Comptez sur 21\u00b0C en moyenne qui accompagneront des journ\u00e9es ensoleill\u00e9es.<\/p>\n<p><\/p>\n","protected":false},"excerpt":{"rendered":"Aujourd&rsquo;hui, les valeurs seront comprises entre 9 et 21\u00b0C \u00e0 Lille. Malheureusement, il va y avoir encore des&hellip;\n","protected":false},"author":2,"featured_media":161996,"comment_status":"","ping_status":"","sticky":false,"template":"","format":"standard","meta":{"footnotes":""},"categories":[2815],"tags":[1111,11,1777,674,1011,27,811,1307,12,1308,1309,2119,25],"class_list":{"0":"post-161995","1":"post","2":"type-post","3":"status-publish","4":"format-standard","5":"has-post-thumbnail","7":"category-lille","8":"tag-actu","9":"tag-actualites","10":"tag-eu","11":"tag-europe","12":"tag-fr","13":"tag-france","14":"tag-hauts-de-france","15":"tag-lille","16":"tag-news","17":"tag-nord","18":"tag-nord-pas-de-calais","19":"tag-previsions-meteo","20":"tag-republique-francaise"},"share_on_mastodon":{"url":"https:\/\/pubeurope.com\/@fr\/114650390417712743","error":""},"_links":{"self":[{"href":"https:\/\/www.europesays.com\/fr\/wp-json\/wp\/v2\/posts\/161995","targetHints":{"allow":["GET"]}}],"collection":[{"href":"https:\/\/www.europesays.com\/fr\/wp-json\/wp\/v2\/posts"}],"about":[{"href":"https:\/\/www.europesays.com\/fr\/wp-json\/wp\/v2\/types\/post"}],"author":[{"embeddable":true,"href":"https:\/\/www.europesays.com\/fr\/wp-json\/wp\/v2\/users\/2"}],"replies":[{"embeddable":true,"href":"https:\/\/www.europesays.com\/fr\/wp-json\/wp\/v2\/comments?post=161995"}],"version-history":[{"count":0,"href":"https:\/\/www.europesays.com\/fr\/wp-json\/wp\/v2\/posts\/161995\/revisions"}],"wp:featuredmedia":[{"embeddable":true,"href":"https:\/\/www.europesays.com\/fr\/wp-json\/wp\/v2\/media\/161996"}],"wp:attachment":[{"href":"https:\/\/www.europesays.com\/fr\/wp-json\/wp\/v2\/media?parent=161995"}],"wp:term":[{"taxonomy":"category","embeddable":true,"href":"https:\/\/www.europesays.com\/fr\/wp-json\/wp\/v2\/categories?post=161995"},{"taxonomy":"post_tag","embeddable":true,"href":"https:\/\/www.europesays.com\/fr\/wp-json\/wp\/v2\/tags?post=161995"}],"curies":[{"name":"wp","href":"https:\/\/api.w.org\/{rel}","templated":true}]}}