{"id":161999,"date":"2025-06-08T23:42:09","date_gmt":"2025-06-08T23:42:09","guid":{"rendered":"https:\/\/www.europesays.com\/fr\/161999\/"},"modified":"2025-06-08T23:42:09","modified_gmt":"2025-06-08T23:42:09","slug":"previsions-du-lundi-9-juin-2025-9","status":"publish","type":"post","link":"https:\/\/www.europesays.com\/fr\/161999\/","title":{"rendered":"pr\u00e9visions du lundi 9 juin 2025"},"content":{"rendered":"<p>Marseille aura la chance de pouvoir profiter d&rsquo;une superbe journ\u00e9e ensoleill\u00e9e. Les maximales iront jusqu&rsquo;\u00e0 27\u00b0C tandis que les minimales seront de 18\u00b0C. Il fera 23\u00b0C en moyenne le matin. Un l\u00e9ger vent de nord-ouest soufflera. Une m\u00e9t\u00e9o plus chaude est \u00e0 pr\u00e9voir l&rsquo;apr\u00e8s-midi puisque les temp\u00e9ratures vont enregistrer une hausse. Les valeurs afficheront entre 26 et 27\u00b0C. Le soir, le mercure affichera 24\u00b0C en moyenne. Durant la nuit de lundi \u00e0 mardi, le ciel sera clair.<\/p>\n<p>C&rsquo;est un soleil radieux qui va briller demain sur Marseille. Les valeurs seront comprises entre 20 et 26\u00b0C. Un vent de sud-ouest rafra\u00eechira sensiblement l&rsquo;atmosph\u00e8re. Les temp\u00e9ratures seront de 25\u00b0C au plus bas et de 26\u00b0C au plus haut l&rsquo;apr\u00e8s-midi.<\/p>\n<p>Les jours suivants s&rsquo;annoncent similaires. Des temp\u00e9ratures dans les 24\u00b0C accompagneront un ciel ensoleill\u00e9.<\/p>\n<p><\/p>\n","protected":false},"excerpt":{"rendered":"Marseille aura la chance de pouvoir profiter d&rsquo;une superbe journ\u00e9e ensoleill\u00e9e. Les maximales iront jusqu&rsquo;\u00e0 27\u00b0C tandis que&hellip;\n","protected":false},"author":2,"featured_media":162000,"comment_status":"","ping_status":"","sticky":false,"template":"","format":"standard","meta":{"footnotes":""},"categories":[2814],"tags":[1111,11,885,1777,674,1011,27,884,12,883,2119,882,25],"class_list":{"0":"post-161999","1":"post","2":"type-post","3":"status-publish","4":"format-standard","5":"has-post-thumbnail","7":"category-marseille","8":"tag-actu","9":"tag-actualites","10":"tag-bouches-du-rhone","11":"tag-eu","12":"tag-europe","13":"tag-fr","14":"tag-france","15":"tag-marseille","16":"tag-news","17":"tag-paca","18":"tag-previsions-meteo","19":"tag-provence-alpes-cote-dazur","20":"tag-republique-francaise"},"share_on_mastodon":{"url":"https:\/\/pubeurope.com\/@fr\/114650398251438068","error":""},"_links":{"self":[{"href":"https:\/\/www.europesays.com\/fr\/wp-json\/wp\/v2\/posts\/161999","targetHints":{"allow":["GET"]}}],"collection":[{"href":"https:\/\/www.europesays.com\/fr\/wp-json\/wp\/v2\/posts"}],"about":[{"href":"https:\/\/www.europesays.com\/fr\/wp-json\/wp\/v2\/types\/post"}],"author":[{"embeddable":true,"href":"https:\/\/www.europesays.com\/fr\/wp-json\/wp\/v2\/users\/2"}],"replies":[{"embeddable":true,"href":"https:\/\/www.europesays.com\/fr\/wp-json\/wp\/v2\/comments?post=161999"}],"version-history":[{"count":0,"href":"https:\/\/www.europesays.com\/fr\/wp-json\/wp\/v2\/posts\/161999\/revisions"}],"wp:featuredmedia":[{"embeddable":true,"href":"https:\/\/www.europesays.com\/fr\/wp-json\/wp\/v2\/media\/162000"}],"wp:attachment":[{"href":"https:\/\/www.europesays.com\/fr\/wp-json\/wp\/v2\/media?parent=161999"}],"wp:term":[{"taxonomy":"category","embeddable":true,"href":"https:\/\/www.europesays.com\/fr\/wp-json\/wp\/v2\/categories?post=161999"},{"taxonomy":"post_tag","embeddable":true,"href":"https:\/\/www.europesays.com\/fr\/wp-json\/wp\/v2\/tags?post=161999"}],"curies":[{"name":"wp","href":"https:\/\/api.w.org\/{rel}","templated":true}]}}