{"id":162009,"date":"2025-06-08T23:49:28","date_gmt":"2025-06-08T23:49:28","guid":{"rendered":"https:\/\/www.europesays.com\/fr\/162009\/"},"modified":"2025-06-08T23:49:28","modified_gmt":"2025-06-08T23:49:28","slug":"quinte-quinte-du-lundi-9-juin-a-compiegne-el-pequenio-veut-sa-revanche","status":"publish","type":"post","link":"https:\/\/www.europesays.com\/fr\/162009\/","title":{"rendered":"Quint\u00e9+: Quint\u00e9+ du lundi 9 juin \u00e0 Compi\u00e8gne : El Pequenio veut sa revanche"},"content":{"rendered":"<p><strong>Les partants du Quint\u00e9+ de ce lundi 9 juin.<\/strong><strong style=\"float: left;margin-left: 2%;\">PRIX BENJAMIN BOUTIN<\/strong><strong style=\"float: right;margin-right: 2%;\">LUNDI 09 JUIN<\/strong><br \/>COMPIEGNE &#8211; 1800 METRES &#8211; \u00a0<img decoding=\"async\" alt=\"picto_galop\" class=\"img2\" src=\"https:\/\/www.europesays.com\/fr\/wp-content\/uploads\/2025\/04\/galop.svg.svg+xml\"\/>D\u00c9PART : 15H15<\/p>\n<tr class=\"row1\" style=\"border: thin solid #020338; width: 50%; padding: 5px; background-color: #020338; color: #FFFFFF; text-align: left; line-height: 15px;\">N\u00b0\u00a0CHEVALCORDE\u00a0JOCKEYPOIDS\u00a0ENTRA\u00ceNEURVALEURGAINS<\/tr>\n<tr class=\"row2\" style=\"text-align: left; background-color: #FFFFFF; line-height: 15px;\">\n<td class=\"col1\" style=\"text-align: center; width: 65px;font-weight: bold;\">1<\/td>\n<td class=\"col2\"><a href=\"https:\/\/www.equidia.fr\/chevaux\/ziggy-star?horse_uuid=4062543c-36db-441d-a890-0728b5cbb8c8\" target=\"_blank\" rel=\"noopener\">ZIGGY STAR<\/a><\/td>\n<td class=\"col3\" style=\"text-align: center;\">15<\/td>\n<td class=\"col4\">D.PROVOST<\/td>\n<td class=\"col5\">59.0 kg<\/td>\n<td class=\"col6\">M.CESANDRI (S)<\/td>\n<td class=\"col7\" style=\"text-align: center;\">39.5<\/td>\n<td class=\"col8\" style=\"text-align: right;\">48400 \u20ac<\/td>\n<\/tr>\n<tr class=\"row3\" style=\"text-align: left; background-color: rgb(218, 218, 226); line-height: 15px;\">\n<td class=\"col1\" style=\"text-align: center; width: 65px;font-weight: bold;\">2<\/td>\n<td class=\"col2\"><a href=\"https:\/\/www.equidia.fr\/chevaux\/vegetale?horse_uuid=9ff904f8-3dc1-4faa-b93c-d4801956f98e\" target=\"_blank\" rel=\"noopener\">VEGETALE<\/a><\/td>\n<td class=\"col3\" style=\"text-align: center;\">16<\/td>\n<td class=\"col4\">M.GUYON<\/td>\n<td class=\"col5\">56.5 kg<\/td>\n<td class=\"col6\">Y.BARBEROT (S)<\/td>\n<td class=\"col7\" style=\"text-align: center;\">37.0<\/td>\n<td class=\"col8\" style=\"text-align: right;\">24750 \u20ac<\/td>\n<\/tr>\n<tr class=\"row2\" style=\"text-align: left; background-color: #FFFFFF; line-height: 15px;\">\n<td class=\"col1\" style=\"text-align: center; width: 65px;font-weight: bold;\">3<\/td>\n<td class=\"col2\"><a href=\"https:\/\/www.equidia.fr\/chevaux\/sakhaline?horse_uuid=0dbfc886-9690-429a-bb3c-316ef7260995\" target=\"_blank\" rel=\"noopener\">SAKHALINE<\/a><\/td>\n<td class=\"col3\" style=\"text-align: center;\">13<\/td>\n<td class=\"col4\">C.LECOEUVRE<\/td>\n<td class=\"col5\">56.5 kg<\/td>\n<td class=\"col6\">L.GADBIN (S)<\/td>\n<td class=\"col7\" style=\"text-align: center;\">37.0<\/td>\n<td class=\"col8\" style=\"text-align: right;\">17500 \u20ac<\/td>\n<\/tr>\n<tr class=\"row3\" style=\"text-align: left; background-color: rgb(218, 218, 226); line-height: 15px;\">\n<td class=\"col1\" style=\"text-align: center; width: 65px;font-weight: bold;\">4<\/td>\n<td class=\"col2\"><a href=\"https:\/\/www.equidia.fr\/chevaux\/mino-galeste?horse_uuid=ee8d1656-1838-479a-af27-32a5c411d302\" target=\"_blank\" rel=\"noopener\">MINO GALESTE<\/a><\/td>\n<td class=\"col3\" style=\"text-align: center;\">4<\/td>\n<td class=\"col4\">C.SOUMILLON<\/td>\n<td class=\"col5\">56.0 kg<\/td>\n<td class=\"col6\">H.GHABRI<\/td>\n<td class=\"col7\" style=\"text-align: center;\">36.5<\/td>\n<td class=\"col8\" style=\"text-align: right;\">41950 \u20ac<\/td>\n<\/tr>\n<tr class=\"row2\" style=\"text-align: left; background-color: #FFFFFF; line-height: 15px;\">\n<td class=\"col1\" style=\"text-align: center; width: 65px;font-weight: bold;\">5<\/td>\n<td class=\"col2\"><a href=\"https:\/\/www.equidia.fr\/chevaux\/city-town?horse_uuid=573c25e3-25b3-46a1-83c1-69685846643a\" target=\"_blank\" rel=\"noopener\">CITY TOWN<\/a><\/td>\n<td class=\"col3\" style=\"text-align: center;\">7<\/td>\n<td class=\"col4\">M.BARZALONA<\/td>\n<td class=\"col5\">56.0 kg<\/td>\n<td class=\"col6\">A.SCHUTZ (S)<\/td>\n<td class=\"col7\" style=\"text-align: center;\">36.5<\/td>\n<td class=\"col8\" style=\"text-align: right;\">19750 \u20ac<\/td>\n<\/tr>\n<tr class=\"row3\" style=\"text-align: left; background-color: rgb(218, 218, 226); line-height: 15px;\">\n<td class=\"col1\" style=\"text-align: center; width: 65px;font-weight: bold;\">6<\/td>\n<td class=\"col2\"><a href=\"https:\/\/www.equidia.fr\/chevaux\/acto?horse_uuid=439c5596-85cf-4bdd-abe5-b798166a2c2d\" target=\"_blank\" rel=\"noopener\">ACTO<\/a><\/td>\n<td class=\"col3\" style=\"text-align: center;\">9<\/td>\n<td class=\"col4\">T.PICCONE<\/td>\n<td class=\"col5\">56.0 kg<\/td>\n<td class=\"col6\">F.CHAPPET (S)<\/td>\n<td class=\"col7\" style=\"text-align: center;\">36.5<\/td>\n<td class=\"col8\" style=\"text-align: right;\">16400 \u20ac<\/td>\n<\/tr>\n<tr class=\"row2\" style=\"text-align: left; background-color: #FFFFFF; line-height: 15px;\">\n<td class=\"col1\" style=\"text-align: center; width: 65px;font-weight: bold;\">7<\/td>\n<td class=\"col2\"><a href=\"https:\/\/www.equidia.fr\/chevaux\/el-pequenio?horse_uuid=7c6a55d5-c2aa-4bb1-a6d0-5e353b202f05\" target=\"_blank\" rel=\"noopener\">EL PEQUENIO<\/a><\/td>\n<td class=\"col3\" style=\"text-align: center;\">6<\/td>\n<td class=\"col4\">S.PASQUIER<\/td>\n<td class=\"col5\">55.5 kg<\/td>\n<td class=\"col6\">CLEMENT &amp; HERMANS (S)<\/td>\n<td class=\"col7\" style=\"text-align: center;\">36.0<\/td>\n<td class=\"col8\" style=\"text-align: right;\">44900 \u20ac<\/td>\n<\/tr>\n<tr class=\"row3\" style=\"text-align: left; background-color: rgb(218, 218, 226); line-height: 15px;\">\n<td class=\"col1\" style=\"text-align: center; width: 65px;font-weight: bold;\">8<\/td>\n<td class=\"col2\"><a href=\"https:\/\/www.equidia.fr\/chevaux\/seona?horse_uuid=a28a5fbd-0a8b-402a-b2f0-6fce59f8738d\" target=\"_blank\" rel=\"noopener\">SEONA<\/a><\/td>\n<td class=\"col3\" style=\"text-align: center;\">3<\/td>\n<td class=\"col4\">C.DEMURO<\/td>\n<td class=\"col5\">55.5 kg<\/td>\n<td class=\"col6\">FR.MONFORT (S)<\/td>\n<td class=\"col7\" style=\"text-align: center;\">36.0<\/td>\n<td class=\"col8\" style=\"text-align: right;\">28550 \u20ac<\/td>\n<\/tr>\n<tr class=\"row2\" style=\"text-align: left; background-color: #FFFFFF; line-height: 15px;\">\n<td class=\"col1\" style=\"text-align: center; width: 65px;font-weight: bold;\">9<\/td>\n<td class=\"col2\"><a href=\"https:\/\/www.equidia.fr\/chevaux\/rue-ernestine?horse_uuid=64f3cb93-6bb4-40aa-a7ec-12c016677f62\" target=\"_blank\" rel=\"noopener\">RUE ERNESTINE<\/a><\/td>\n<td class=\"col3\" style=\"text-align: center;\">10<\/td>\n<td class=\"col4\">T.BACHELOT<\/td>\n<td class=\"col5\">55.5 kg<\/td>\n<td class=\"col6\">L.GADBIN (S)<\/td>\n<td class=\"col7\" style=\"text-align: center;\">36.0<\/td>\n<td class=\"col8\" style=\"text-align: right;\">25450 \u20ac<\/td>\n<\/tr>\n<tr class=\"row3\" style=\"text-align: left; background-color: rgb(218, 218, 226); line-height: 15px;\">\n<td class=\"col1\" style=\"text-align: center; width: 65px;font-weight: bold;\">10<\/td>\n<td class=\"col2\"><a href=\"https:\/\/www.equidia.fr\/chevaux\/luffy?horse_uuid=11602aaa-4753-483d-88ce-35ee17cef51f\" target=\"_blank\" rel=\"noopener\">LUFFY<\/a><\/td>\n<td class=\"col3\" style=\"text-align: center;\">12<\/td>\n<td class=\"col4\">H.LEBOUC<\/td>\n<td class=\"col5\">55.5 kg<\/td>\n<td class=\"col6\">J.BOISNARD (S)<\/td>\n<td class=\"col7\" style=\"text-align: center;\">36.0<\/td>\n<td class=\"col8\" style=\"text-align: right;\">20850 \u20ac<\/td>\n<\/tr>\n<tr class=\"row2\" style=\"text-align: left; background-color: #FFFFFF; line-height: 15px;\">\n<td class=\"col1\" style=\"text-align: center; width: 65px;font-weight: bold;\">11<\/td>\n<td class=\"col2\"><a href=\"https:\/\/www.equidia.fr\/chevaux\/isperia?horse_uuid=ee6da6d4-c815-471d-92a1-5b925e597717\" target=\"_blank\" rel=\"noopener\">ISPERIA<\/a><\/td>\n<td class=\"col3\" style=\"text-align: center;\">5<\/td>\n<td class=\"col4\">J.MOUTARD<\/td>\n<td class=\"col5\">55.5 kg<\/td>\n<td class=\"col6\">X.BLANCHET (S)<\/td>\n<td class=\"col7\" style=\"text-align: center;\">36.0<\/td>\n<td class=\"col8\" style=\"text-align: right;\">10750 \u20ac<\/td>\n<\/tr>\n<tr class=\"row3\" style=\"text-align: left; background-color: rgb(218, 218, 226); line-height: 15px;\">\n<td class=\"col1\" style=\"text-align: center; width: 65px;font-weight: bold;\">12<\/td>\n<td class=\"col2\"><a href=\"https:\/\/www.equidia.fr\/chevaux\/dschingis-zandee?horse_uuid=6cba10e0-817d-4158-8dcf-284a8570330b\" target=\"_blank\" rel=\"noopener\">DSCHINGIS ZANDEE<\/a><\/td>\n<td class=\"col3\" style=\"text-align: center;\">1<\/td>\n<td class=\"col4\">H.JOURNIAC<\/td>\n<td class=\"col5\">55.0 kg<\/td>\n<td class=\"col6\">M.BRASME (S)<\/td>\n<td class=\"col7\" style=\"text-align: center;\">35.5<\/td>\n<td class=\"col8\" style=\"text-align: right;\">41500 \u20ac<\/td>\n<\/tr>\n<tr class=\"row2\" style=\"text-align: left; background-color: #FFFFFF; line-height: 15px;\">\n<td class=\"col1\" style=\"text-align: center; width: 65px;font-weight: bold;\">13<\/td>\n<td class=\"col2\"><a href=\"https:\/\/www.equidia.fr\/chevaux\/sangre-de-drago?horse_uuid=7c32c987-4fd4-4b73-b6d4-5cd1db54d791\" target=\"_blank\" rel=\"noopener\">SANGRE DE DRAGO<\/a><\/td>\n<td class=\"col3\" style=\"text-align: center;\">8<\/td>\n<td class=\"col4\">A.LEMAITRE<\/td>\n<td class=\"col5\">54.5 kg<\/td>\n<td class=\"col6\">N.PERRET (S)<\/td>\n<td class=\"col7\" style=\"text-align: center;\">35.0<\/td>\n<td class=\"col8\" style=\"text-align: right;\">22550 \u20ac<\/td>\n<\/tr>\n<tr class=\"row3\" style=\"text-align: left; background-color: rgb(218, 218, 226); line-height: 15px;\">\n<td class=\"col1\" style=\"text-align: center; width: 65px;font-weight: bold;\">14<\/td>\n<td class=\"col2\"><a href=\"https:\/\/www.equidia.fr\/chevaux\/kohana-3?horse_uuid=b1dcf4c7-b7c5-4142-9738-1ff6ed0c19b6\" target=\"_blank\" rel=\"noopener\">KOHANA<\/a><\/td>\n<td class=\"col3\" style=\"text-align: center;\">2<\/td>\n<td class=\"col4\">A.POUCHIN<\/td>\n<td class=\"col5\">54.5 kg<\/td>\n<td class=\"col6\">A.FABRE (S)<\/td>\n<td class=\"col7\" style=\"text-align: center;\">35.0<\/td>\n<td class=\"col8\" style=\"text-align: right;\">14500 \u20ac<\/td>\n<\/tr>\n<tr class=\"row2\" style=\"text-align: left; background-color: #FFFFFF; line-height: 15px;\">\n<td class=\"col1\" style=\"text-align: center; width: 65px;font-weight: bold;\">15<\/td>\n<td class=\"col2\"><a href=\"https:\/\/www.equidia.fr\/chevaux\/ride-on?horse_uuid=91f286d8-e9e6-4640-a56a-b1fda1d0eb48\" target=\"_blank\" rel=\"noopener\">RIDE ON<\/a><\/td>\n<td class=\"col3\" style=\"text-align: center;\">11<\/td>\n<td class=\"col4\">M.VELON<\/td>\n<td class=\"col5\">53.5 kg<\/td>\n<td class=\"col6\">F.BELLEMERE<\/td>\n<td class=\"col7\" style=\"text-align: center;\">34.0<\/td>\n<td class=\"col8\" style=\"text-align: right;\">6400 \u20ac<\/td>\n<\/tr>\n<tr class=\"row3\" style=\"text-align: left; background-color: rgb(218, 218, 226); line-height: 15px;\">\n<td class=\"col1\" style=\"text-align: center; width: 65px;font-weight: bold;\">16<\/td>\n<td class=\"col2\"><a href=\"https:\/\/www.equidia.fr\/chevaux\/orangerie?horse_uuid=c2387856-c00c-4172-abbf-1d993b231507\" target=\"_blank\" rel=\"noopener\">ORANGERIE<\/a><\/td>\n<td class=\"col3\" style=\"text-align: center;\">14<\/td>\n<td class=\"col4\">R.MANGIONE<\/td>\n<td class=\"col5\">53.5 kg<\/td>\n<td class=\"col6\">M.GUARNIERI<\/td>\n<td class=\"col7\" style=\"text-align: center;\">34.0<\/td>\n<td class=\"col8\" style=\"text-align: right;\">5900 \u20ac<\/td>\n<\/tr>\n<p><strong>Les forces en pr\u00e9sence<\/strong><\/p>\n<p style=\"text-align: justify;\">S\u00e9rieux et exp\u00e9riment\u00e9, <a href=\"https:\/\/www.equidia.fr\/chevaux\/el-pequenio?horse_uuid=7c6a55d5-c2aa-4bb1-a6d0-5e353b202f05\" target=\"_blank\" rel=\"noopener\">EL PEQUENIO (7)<\/a> vient d&rsquo;\u00e9chouer du plus mince des \u00e9carts dans une \u00e9preuve similaire \u00e0 ParisLongchamp. Les 200 m\u00e8tres suppl\u00e9mentaires ne vont pas le d\u00e9ranger. Il ne sera encore pas loin du compte. Irr\u00e9prochable, <a href=\"https:\/\/www.equidia.fr\/chevaux\/mino-galeste?horse_uuid=ee8d1656-1838-479a-af27-32a5c411d302\" target=\"_blank\" rel=\"noopener\">MINO GALESTE (4)<\/a> compte d\u00e9j\u00e0 deux victoires cette saison et peut encore repousser ses limites. <a href=\"https:\/\/www.equidia.fr\/chevaux\/acto?horse_uuid=439c5596-85cf-4bdd-abe5-b798166a2c2d\" target=\"_blank\" rel=\"noopener\">ACTO (6)<\/a> nous a bien plu dans un r\u00e9cent Quint\u00e9+ \u00e0 ParisLongchamp, il peut cette fois jouer les premiers r\u00f4les. Titulaire de trois succ\u00e8s au cours de ses quatre derni\u00e8res apparitions, <a href=\"https:\/\/www.equidia.fr\/chevaux\/dschingis-zandee?horse_uuid=6cba10e0-817d-4158-8dcf-284a8570330b\" target=\"_blank\" rel=\"noopener\">DSCHINGIS ZANDEE (12)<\/a> peut mettre \u00e0 profit sa pointe de vitesse pour franchir un nouveau palier. L&rsquo;entourage de <a href=\"https:\/\/www.equidia.fr\/chevaux\/city-town?horse_uuid=573c25e3-25b3-46a1-83c1-69685846643a\" target=\"_blank\" rel=\"noopener\">CITY TOWN (5)<\/a> tente un pari en la pr\u00e9sentant sur une distance plus longue. Cela peut passer, \u00e0 notre sens ! <a href=\"https:\/\/www.equidia.fr\/chevaux\/seona?horse_uuid=a28a5fbd-0a8b-402a-b2f0-6fce59f8738d\" target=\"_blank\" rel=\"noopener\">SEONA (8)<\/a>, munie pour la premi\u00e8re fois d&rsquo;oeill\u00e8res australiennes, <a href=\"https:\/\/www.equidia.fr\/chevaux\/kohana-3?horse_uuid=b1dcf4c7-b7c5-4142-9738-1ff6ed0c19b6\" target=\"_blank\" rel=\"noopener\">KOHANA (14)<\/a>, comp\u00e9titive en bas de tableau, et <a href=\"https:\/\/www.equidia.fr\/chevaux\/ziggy-star?horse_uuid=4062543c-36db-441d-a890-0728b5cbb8c8\" target=\"_blank\" rel=\"noopener\">ZIGGY STAR (1)<\/a>, euphorique mais lourdement p\u00e9nalis\u00e9, sont plus \u00e0 voir pour les places.<\/p>\n<p><strong>Le prono de MICHEL PROD HOMME<\/strong><\/p>\n<tr cellpadding=\"0\" cellspacing=\"10\" class=\"row5\" style=\"text-align: left; background-color: #FFFFFF; font-size: 130%;\">\n<td style=\"text-align: center;\">7<\/td>\n<td style=\"text-align: center;\">4<\/td>\n<td style=\"text-align: center;\">6<\/td>\n<td style=\"text-align: center;\">12<\/td>\n<td style=\"text-align: center;\">5<\/td>\n<td style=\"text-align: center;\">8<\/td>\n<td style=\"text-align: center;\">14<\/td>\n<td style=\"text-align: center;\">1<\/td>\n<\/tr>\n<tr class=\"row6\" style=\"text-align: center; background-color: #FFFFFF; column-width: 6rem;\">\n<td class=\"col7\"><img decoding=\"async\" alt=\"casaque_EL PEQUENIO\" class=\"cas\" src=\"https:\/\/www.europesays.com\/fr\/wp-content\/uploads\/2025\/06\/20250609-r1c3p7-png.png\" style=\" width: 70%;\"\/><\/p>\n<p class=\"col10\" style=\"font-size: x-small; line-height: 11px;;\">EL PEQUENIO<\/p>\n<\/td>\n<td class=\"col4\"><img decoding=\"async\" alt=\"casaque_MINO GALESTE\" class=\"cas\" src=\"https:\/\/www.europesays.com\/fr\/wp-content\/uploads\/2025\/06\/20250609-r1c3p4-png.png\" style=\" width: 70%;\"\/><\/p>\n<p class=\"col10\" style=\"font-size: x-small; line-height: 11px;;\">MINO GALESTE<\/p>\n<\/td>\n<td class=\"col6\"><img decoding=\"async\" alt=\"casaque_ACTO\" class=\"cas\" src=\"https:\/\/www.europesays.com\/fr\/wp-content\/uploads\/2025\/06\/20250609-r1c3p6-png.png\" style=\" width: 70%;\"\/><\/p>\n<p class=\"col10\" style=\"font-size: x-small; line-height: 11px;;\">ACTO<\/p>\n<\/td>\n<td class=\"col12\"><img decoding=\"async\" alt=\"casaque_DSCHINGIS ZANDEE\" class=\"cas\" src=\"https:\/\/www.europesays.com\/fr\/wp-content\/uploads\/2025\/06\/20250609-r1c3p12-png.png\" style=\" width: 70%;\"\/><\/p>\n<p class=\"col10\" style=\"font-size: x-small; line-height: 11px;;\">DSCHINGIS ZANDEE<\/p>\n<\/td>\n<td class=\"col5\"><img decoding=\"async\" alt=\"casaque_CITY TOWN\" class=\"cas\" src=\"https:\/\/www.europesays.com\/fr\/wp-content\/uploads\/2025\/06\/20250609-r1c3p5-png.png\" style=\" width: 70%;\"\/><\/p>\n<p class=\"col10\" style=\"font-size: x-small; line-height: 11px;;\">CITY TOWN<\/p>\n<\/td>\n<td class=\"col8\"><img decoding=\"async\" alt=\"casaque_SEONA\" class=\"cas\" src=\"https:\/\/www.europesays.com\/fr\/wp-content\/uploads\/2025\/06\/20250609-r1c3p8-png.png\" style=\" width: 70%;\"\/><\/p>\n<p class=\"col10\" style=\"font-size: x-small; line-height: 11px;;\">SEONA<\/p>\n<\/td>\n<td class=\"col14\"><img decoding=\"async\" alt=\"casaque_KOHANA\" class=\"cas\" src=\"https:\/\/www.europesays.com\/fr\/wp-content\/uploads\/2025\/06\/20250609-r1c3p14-png.png\" style=\" width: 70%;\"\/><\/p>\n<p class=\"col10\" style=\"font-size: x-small; line-height: 11px;;\">KOHANA<\/p>\n<\/td>\n<td class=\"col1\"><img decoding=\"async\" alt=\"casaque_ZIGGY STAR\" class=\"cas\" src=\"https:\/\/www.europesays.com\/fr\/wp-content\/uploads\/2025\/06\/20250609-r1c3p1-png.png\" style=\" width: 70%;\"\/><\/p>\n<p class=\"col10\" style=\"font-size: x-small; line-height: 11px;;\">ZIGGY STAR<\/p>\n<\/td>\n<\/tr>\n<p><a href=\"https:\/\/servedby.revive-adserver.net\/ck.php?n=a3265498&amp;cb=1234\" target=\"_blank\" rel=\"noopener\"><img decoding=\"async\" alt=\"\" border=\"0\" src=\"https:\/\/www.europesays.com\/fr\/wp-content\/uploads\/2025\/06\/1749426560_982_avw\"\/><\/a><\/p>\n<p><strong>Les partants en d\u00e9tail (par M. PROD HOMME) et l&rsquo;avis des pros (par M. PROD HOMME)<\/strong><\/p>\n<p id=\"ch_ZIGGY STAR\" style=\"margin-bottom: 1%;\"><a href=\"https:\/\/www.equidia.fr\/chevaux\/ziggy-star?horse_uuid=4062543c-36db-441d-a890-0728b5cbb8c8\" target=\"_blank\" rel=\"noopener\">1 &#8211; \u00a0<img decoding=\"async\" alt=\"casaque_ZIGGY STAR\" src=\"https:\/\/www.europesays.com\/fr\/wp-content\/uploads\/2025\/06\/1749426560_509_20250609-r1c3p1-png.png\" style=\"width: 4.5%; margin :0; vertical-align : middle;\"\/>\u00a0\u00a0ZIGGY STAR<\/a><\/p>\n<p style=\"text-align: justify;\">Ce sera une premi\u00e8re \u00e0 Compi\u00e8gne pour ce poulain \u00e0 l&rsquo;aise \u00e0 droite comme \u00e0 gauche. Il accumule treize livres de p\u00e9nalit\u00e9 apr\u00e8s deux victoires (la derni\u00e8re dans un Quint\u00e9+), \u00e9volue sur sa distance plafond et a tir\u00e9 le 15 \u00e0 la corde. Maintenant, rien ne remplace la forme ! A ne pas n\u00e9gliger.<\/p>\n<p><strong>Maxime Cesandri, entra\u00eeneur : <\/strong><\/p>\n<p style=\"text-align: justify;\">\u00ab Ziggy Star (1) est en pleine forme. Maintenant, il a \u00e9t\u00e9 p\u00e9nalis\u00e9 de quatre kilos apr\u00e8s son dernier succ\u00e8s sur l&rsquo;hippodrome de ParisLongchamp, dans un Quint\u00e9+. Sa t\u00e2che se complique d\u00e9sormais, d&rsquo;autant qu&rsquo;il a h\u00e9rit\u00e9 du num\u00e9ro 15 dans les stalles de d\u00e9part. Mais j&rsquo;esp\u00e8re me tromper ! \u00bb<\/p>\n<p id=\"ch_VEGETALE\" style=\"margin-bottom: 1%;\"><a href=\"https:\/\/www.equidia.fr\/chevaux\/vegetale?horse_uuid=9ff904f8-3dc1-4faa-b93c-d4801956f98e\" target=\"_blank\" rel=\"noopener\">2 &#8211; \u00a0<img decoding=\"async\" alt=\"casaque_VEGETALE\" src=\"https:\/\/www.europesays.com\/fr\/wp-content\/uploads\/2025\/06\/20250609-r1c3p2-png.png\" style=\"width: 4.5%; margin :0; vertical-align : middle;\"\/>\u00a0\u00a0VEGETALE<\/a><\/p>\n<p style=\"text-align: justify;\">Cette pouliche de belle naissance pose un point d&rsquo;interrogation. Aguerrie sur le sable, elle a essuy\u00e9 un radical \u00e9chec pour son premier essai sur le gazon, dans un Quint\u00e9+. Yann Barberot n&rsquo;insisterait certes pas sa raison. Mais notons qu&rsquo;elle a tir\u00e9 le 16 \u00e0 la corde. Pas d&#8217;emballement.<\/p>\n<p><strong>L&rsquo;avis du reporter : <\/strong><\/p>\n<p style=\"text-align: justify;\">\u00ab Apr\u00e8s avoir effectu\u00e9 une rentr\u00e9e correcte \u00e0 Chantilly dans une Classe 1, V\u00e9g\u00e9tale (2) n&rsquo;a pu se mettre en \u00e9vidence sur l&rsquo;hippodrome de ParisLongchamp \u00e0 l&rsquo;occasion de sa premi\u00e8re sortie dans un Quint\u00e9+. Ce n&rsquo;est pas forc\u00e9ment \u00e9vident de la situer, mais son entra\u00eeneur Yann Barberot retente \u00e0 ce niveau. Donc, il faut peut-\u00eatre la racheter. \u00bb<\/p>\n<p id=\"ch_SAKHALINE\" style=\"margin-bottom: 1%;\"><a href=\"https:\/\/www.equidia.fr\/chevaux\/sakhaline?horse_uuid=0dbfc886-9690-429a-bb3c-316ef7260995\" target=\"_blank\" rel=\"noopener\">3 &#8211; \u00a0<img decoding=\"async\" alt=\"casaque_SAKHALINE\" src=\"https:\/\/www.europesays.com\/fr\/wp-content\/uploads\/2025\/06\/20250609-r1c3p3-png.png\" style=\"width: 4.5%; margin :0; vertical-align : middle;\"\/>\u00a0\u00a0SAKHALINE<\/a><\/p>\n<p style=\"text-align: justify;\">Il s&rsquo;est impos\u00e9 dans un handicap au Lion-d&rsquo;Angers pour sa rentr\u00e9e, pour son premier essai \u00e0 main gauche. Il a ensuite jou\u00e9 de malchance \u00e0 Saint-Cloud. Il ne va disputer que sa sixi\u00e8me course et peut manquer d&rsquo;exp\u00e9rience dans un peloton aussi fourni. Tout bon ou tout mauvais.<\/p>\n<p><strong>Ludovic Gadbin, entra\u00eeneur : <\/strong><\/p>\n<p style=\"text-align: justify;\">\u00ab Sakhaline (3) avait gagn\u00e9 plaisamment un handicap pour sa rentr\u00e9e au Lion-d&rsquo;Angers, puis il a jou\u00e9 de malchance \u00e0 Saint-Cloud. Je pense que cela lui a cout\u00e9 la troisi\u00e8me place. Il est peut-\u00eatre encore un petit peu tendre et il peut manquer d&rsquo;exp\u00e9rience dans ce genre de course, mais il va \u00eatre int\u00e9ressant \u00e0 voir. Je pense qu&rsquo;il peut \u00eatre comp\u00e9titif \u00e0 cette valeur-l\u00e0. \u00bb<\/p>\n<p id=\"ch_MINO GALESTE\" style=\"margin-bottom: 1%;\"><a href=\"https:\/\/www.equidia.fr\/chevaux\/mino-galeste?horse_uuid=ee8d1656-1838-479a-af27-32a5c411d302\" target=\"_blank\" rel=\"noopener\">4 &#8211; \u00a0<img decoding=\"async\" alt=\"casaque_MINO GALESTE\" src=\"https:\/\/www.europesays.com\/fr\/wp-content\/uploads\/2025\/06\/1749426561_423_20250609-r1c3p4-png.png\" style=\"width: 4.5%; margin :0; vertical-align : middle;\"\/>\u00a0\u00a0MINO GALESTE<\/a><\/p>\n<p style=\"text-align: justify;\">Ce poulain a fait ses preuves \u00e0 droite comme \u00e0 gauche. Apr\u00e8s un accessit d&rsquo;honneur pour son premier Quint\u00e9+, sur la fibr\u00e9e cantilienne, il vient de gagner un handicap \u00e0 ParisLongchamp. Cela lui vaut six nouvelles livres de p\u00e9nalit\u00e9. Mais il a encore une marge de progression. On garde.<\/p>\n<p><strong>Hedi Ghabri, entra\u00eeneur : <\/strong><\/p>\n<p style=\"text-align: justify;\">\u00ab Mino Galeste (4) a \u00e9t\u00e9 p\u00e9nalis\u00e9 de trois kilos apr\u00e8s sa victoire dans un handicap \u00e0 ParisLongchamp. C&rsquo;est logiquement plus difficile. Mais, vu son \u00e9tat de forme, je pense qu&rsquo;il est encore capable de s&rsquo;illustrer. Il revient sur une distance un peu plus longue, mais cela va parfaitement lui convenir. \u00bb<\/p>\n<p id=\"ch_CITY TOWN\" style=\"margin-bottom: 1%;\"><a href=\"https:\/\/www.equidia.fr\/chevaux\/city-town?horse_uuid=573c25e3-25b3-46a1-83c1-69685846643a\" target=\"_blank\" rel=\"noopener\">5 &#8211; \u00a0<img decoding=\"async\" alt=\"casaque_CITY TOWN\" src=\"https:\/\/www.europesays.com\/fr\/wp-content\/uploads\/2025\/06\/1749426561_863_20250609-r1c3p5-png.png\" style=\"width: 4.5%; margin :0; vertical-align : middle;\"\/>\u00a0\u00a0CITY TOWN<\/a><\/p>\n<p style=\"text-align: justify;\">Confirm\u00e9e sur le sable, elle a trac\u00e9 une fin de course satisfaisante pour son premier essai sur le gazon, dans un Quint\u00e9+, sur 1400 m\u00e8tres. Son entourage tente un essai sur cette distance plus longue. Notons qu&rsquo;elle est associ\u00e9e pour la premi\u00e8re fois \u00e0 Micka\u00ebl Barzalona. On s&rsquo;en m\u00e9fie.<\/p>\n<p><strong>Andreas Schutz, entra\u00eeneur : <\/strong><\/p>\n<p style=\"text-align: justify;\">\u00ab City Town (5) s&rsquo;est bien comport\u00e9e derni\u00e8rement sur l&rsquo;hippodrome de ParisLongchamp. Vu sa fin de course, nous voulons essayer sur une distance plus longue et nous la ferons monter un peu comme l&rsquo;autre jour, en patientant, pour qu&rsquo;elle puisse venir finir. Elle est en bonne forme. J&rsquo;esp\u00e8re qu&rsquo;elle sera comp\u00e9titive. \u00bb<\/p>\n<p id=\"ch_ACTO\" style=\"margin-bottom: 1%;\"><a href=\"https:\/\/www.equidia.fr\/chevaux\/acto?horse_uuid=439c5596-85cf-4bdd-abe5-b798166a2c2d\" target=\"_blank\" rel=\"noopener\">6 &#8211; \u00a0<img decoding=\"async\" alt=\"casaque_ACTO\" src=\"https:\/\/www.europesays.com\/fr\/wp-content\/uploads\/2025\/06\/1749426561_247_20250609-r1c3p6-png.png\" style=\"width: 4.5%; margin :0; vertical-align : middle;\"\/>\u00a0\u00a0ACTO<\/a><\/p>\n<p style=\"text-align: justify;\">Apr\u00e8s un d\u00e9but de carri\u00e8re satisfaisant, il n&rsquo;a pu se distinguer lors de ses deux premi\u00e8res tentatives dans cette cat\u00e9gorie, tout en tra\u00e7ant des fins de course int\u00e9ressantes. Son habile entra\u00eeneur n&rsquo;insisterait pas sans raison et la distance plus longue peut l&rsquo;avantager. A reprendre.<\/p>\n<p><strong>L&rsquo;avis du reporter : <\/strong><\/p>\n<p style=\"text-align: justify;\">\u00ab Les deux sorties d&rsquo;Acto (6) \u00e0 ce niveau sont int\u00e9ressantes. Il semble perfectible et peut afficher des progr\u00e8s dans cette cat\u00e9gorie. Baiss\u00e9 d&rsquo;une livre sur sa derni\u00e8re course, il convient de s&rsquo;en m\u00e9fier. \u00bb<\/p>\n<p id=\"ch_EL PEQUENIO\" style=\"margin-bottom: 1%;\"><a href=\"https:\/\/www.equidia.fr\/chevaux\/el-pequenio?horse_uuid=7c6a55d5-c2aa-4bb1-a6d0-5e353b202f05\" target=\"_blank\" rel=\"noopener\">7 &#8211; \u00a0<img decoding=\"async\" alt=\"casaque_EL PEQUENIO\" src=\"https:\/\/www.europesays.com\/fr\/wp-content\/uploads\/2025\/06\/1749426561_233_20250609-r1c3p7-png.png\" style=\"width: 4.5%; margin :0; vertical-align : middle;\"\/>\u00a0\u00a0EL PEQUENIO<\/a><\/p>\n<p style=\"text-align: justify;\">Il a d\u00e9j\u00e0 pas mal couru, bien le plus souvent, mais ne compte qu&rsquo;une seule tentative corde \u00e0 gauche (3e). Il vient de montrer la pointure \u00e0 ce niveau, ne s&rsquo;inclinant que d&rsquo;un nez \u00e0 ParisLongchamp. La distance plus longue ne va pas le perturber. Avant le coup, tous les feux sont au vert.<\/p>\n<p><strong>Nicolas Cl\u00e9ment, entra\u00eeneur : <\/strong><\/p>\n<p style=\"text-align: justify;\">\u00ab Nous sommes contents d&rsquo;El Pequenio (7). Il a montr\u00e9 l&rsquo;autre jour \u00e0 ParisLongchamp qu&rsquo;il avait ce niveau-l\u00e0. On esp\u00e8re que les 200 m\u00e8tres de plus ne vont pas le d\u00e9ranger et qu&rsquo;il va pouvoir confirmer. Il court depuis un petit moment, mais il semble avoir gard\u00e9 de la fra\u00eecheur et nous avons eu une bonne pr\u00e9paration pour ce Quint\u00e9+. Tout se pr\u00e9sente pour le mieux. \u00bb<\/p>\n<p id=\"ch_SEONA\" style=\"margin-bottom: 1%;\"><a href=\"https:\/\/www.equidia.fr\/chevaux\/seona?horse_uuid=a28a5fbd-0a8b-402a-b2f0-6fce59f8738d\" target=\"_blank\" rel=\"noopener\">8 &#8211; \u00a0<img decoding=\"async\" alt=\"casaque_SEONA\" src=\"https:\/\/www.europesays.com\/fr\/wp-content\/uploads\/2025\/06\/1749426562_263_20250609-r1c3p8-png.png\" style=\"width: 4.5%; margin :0; vertical-align : middle;\"\/>\u00a0\u00a0SEONA<\/a><\/p>\n<p style=\"text-align: justify;\">Elle est r\u00e9guli\u00e8re, confirm\u00e9e corde \u00e0 gauche et s&rsquo;est class\u00e9e pour son premier essai dans un Quint\u00e9+, \u00e0 ParisLongchamp. Elle \u00e9tait en chaleur derni\u00e8rement (6e). Elle sera munie pour la premi\u00e8re fois d&rsquo;\u0153ill\u00e8res australiennes et le terrain qui s&rsquo;assouplit est un plus pour elle. Chance r\u00e9guli\u00e8re.<\/p>\n<p><strong>Fran\u00e7ois Monfort, entra\u00eeneur : <\/strong><\/p>\n<p style=\"text-align: justify;\">\u00ab Il ne faut pas tenir compte de la derni\u00e8re course de Seona (8), elle \u00e9tait en chaleur. Elle sera munie d&rsquo;\u0153ill\u00e8res australiennes, car lorsqu&rsquo;elle avait termin\u00e9 quatri\u00e8me d&rsquo;un Quint\u00e9+ \u00e0 ParisLongchamp, je ne l&rsquo;avais pas trouv\u00e9e \u00e0 son travail. La distance va lui convenir et j&rsquo;esp\u00e8re qu&rsquo;il va continuer de pleuvoir, car elle affectionne le terrain tr\u00e8s souple. Nous n&rsquo;avons pas de marge de manoeuvre. Mais elle a prouv\u00e9 qu&rsquo;elle \u00e9tait comp\u00e9titive. \u00bb<\/p>\n<p id=\"ch_RUE ERNESTINE\" style=\"margin-bottom: 1%;\"><a href=\"https:\/\/www.equidia.fr\/chevaux\/rue-ernestine?horse_uuid=64f3cb93-6bb4-40aa-a7ec-12c016677f62\" target=\"_blank\" rel=\"noopener\">9 &#8211; \u00a0<img decoding=\"async\" alt=\"casaque_RUE ERNESTINE\" src=\"https:\/\/www.europesays.com\/fr\/wp-content\/uploads\/2025\/06\/20250609-r1c3p9-png.png\" style=\"width: 4.5%; margin :0; vertical-align : middle;\"\/>\u00a0\u00a0RUE ERNESTINE<\/a><\/p>\n<p style=\"text-align: justify;\">A l&rsquo;aise dans toutes les conditions et aguerrie en province, elle s&rsquo;est bien comport\u00e9e pour son premier essai dans les Quint\u00e9+, sur 1600 m\u00e8tres (5e). L&rsquo;allongement de la distance ne devrait pas la d\u00e9ranger et Th\u00e9o Bachelot la conna\u00eet bien. Un accessit est dans ses cordes.<\/p>\n<p><strong>Ludovic Gadbin, entra\u00eeneur : <\/strong><\/p>\n<p style=\"text-align: justify;\">\u00ab Rue Ernestine (9) a prouv\u00e9 l&rsquo;autre jour \u00e0 ParisLongchamp qu&rsquo;elle \u00e9tait comp\u00e9titive \u00e0 cette valeur-l\u00e0 dans les Quint\u00e9+. Elle est rest\u00e9e en forme et je pense que l&rsquo;allongement de la distance devrait l&rsquo;aider dans sa t\u00e2che. J&rsquo;attends une confirmation de sa part. \u00bb<\/p>\n<p id=\"ch_LUFFY\" style=\"margin-bottom: 1%;\"><a href=\"https:\/\/www.equidia.fr\/chevaux\/luffy?horse_uuid=11602aaa-4753-483d-88ce-35ee17cef51f\" target=\"_blank\" rel=\"noopener\">10 &#8211; \u00a0<img decoding=\"async\" alt=\"casaque_LUFFY\" src=\"https:\/\/www.europesays.com\/fr\/wp-content\/uploads\/2025\/06\/20250609-r1c3p10-png.png\" style=\"width: 4.5%; margin :0; vertical-align : middle;\"\/>\u00a0\u00a0LUFFY<\/a><\/p>\n<p style=\"text-align: justify;\">Il vient d&rsquo;ouvrir son palmar\u00e8s au Mans, corde \u00e0 gauche donc, \u00e0 sa quatri\u00e8me tentative. Il va disputer son premier handicap, sur une distance plus longue sans doute limite pour ses aptitudes. Il faut voir \u00e9galement s&rsquo;il peut \u00eatre comp\u00e9titif \u00e0 cette valeur. Possible mais pas s\u00fbr.<\/p>\n<p><strong>Jo\u00ebl Boisnard, entra\u00eeneur : <\/strong><\/p>\n<p style=\"text-align: justify;\">\u00ab Luffy (10) vient de gagner son maiden au Mans sur 1600 m\u00e8tres. J&rsquo;ai un doute sur la distance, qui peut \u00eatre un peu longue pour ses aptitudes. Mais je n&rsquo;ai pas le choix des engagements. Le cheval est en forme et je pense qu&rsquo;il est pris \u00e0 sa juste valeur. Il passe un test \u00e0 ce niveau. J&rsquo;esp\u00e8re qu&rsquo;il va pouvoir prendre une place. \u00bb<\/p>\n<p id=\"ch_ISPERIA\" style=\"margin-bottom: 1%;\"><a href=\"https:\/\/www.equidia.fr\/chevaux\/isperia?horse_uuid=ee6da6d4-c815-471d-92a1-5b925e597717\" target=\"_blank\" rel=\"noopener\">11 &#8211; \u00a0<img decoding=\"async\" alt=\"casaque_ISPERIA\" src=\"https:\/\/www.europesays.com\/fr\/wp-content\/uploads\/2025\/06\/20250609-r1c3p11-png.png\" style=\"width: 4.5%; margin :0; vertical-align : middle;\"\/>\u00a0\u00a0ISPERIA<\/a><\/p>\n<p style=\"text-align: justify;\">Elle a fait ses armes en province et \u00e9volue sur la bonne voie. Il faut voir si elle peut \u00eatre comp\u00e9titive \u00e0 cette valeur pour son premier handicap. Elle redescend nettement en distance (de 2300 \u00e0 1800 m\u00e8tres) et a enregistr\u00e9 son seul \u00e9chec pour son premier essai corde \u00e0 gauche. Pas \u00e9vident.<\/p>\n<p><strong>Xavier Blanchet, entra\u00eeneur : <\/strong><\/p>\n<p style=\"text-align: justify;\">\u00ab Isperia (11) va disputer son premier Quint\u00e9+. Il faut voir comment elle va se d\u00e9brouiller dans une \u00e9preuve avec autant de partants et sur une distance plus courte. Au-del\u00e0 de \u00e7a, je peux vous dire que la pouliche est en forme et que son bon num\u00e9ro dans les stalles de d\u00e9part sera un avantage. \u00bb<\/p>\n<p id=\"ch_DSCHINGIS ZANDEE\" style=\"margin-bottom: 1%;\"><a href=\"https:\/\/www.equidia.fr\/chevaux\/dschingis-zandee?horse_uuid=6cba10e0-817d-4158-8dcf-284a8570330b\" target=\"_blank\" rel=\"noopener\">12 &#8211; \u00a0<img decoding=\"async\" alt=\"casaque_DSCHINGIS ZANDEE\" src=\"https:\/\/www.europesays.com\/fr\/wp-content\/uploads\/2025\/06\/1749426563_582_20250609-r1c3p12-png.png\" style=\"width: 4.5%; margin :0; vertical-align : middle;\"\/>\u00a0\u00a0DSCHINGIS ZANDEE<\/a><\/p>\n<p style=\"text-align: justify;\">Elle se r\u00e9v\u00e8le pleinement cette saison et vient d&rsquo;encha\u00eener deux handicaps, le dernier sur le gazon apr\u00e8s avoir brill\u00e9 sur le sable. Elle s&rsquo;attaque maintenant \u00e0 son premier Quint\u00e9+, \u00e0 une valeur pass\u00e9e de 28 \u00e0 35,5 en deux courses ! Redoutable finisseuse, elle peut tirer son \u00e9pingle du jeu.<\/p>\n<p><strong>Mathieu Brasme, entra\u00eeneur : <\/strong><\/p>\n<p style=\"text-align: justify;\">\u00ab Dschingis Zandee (12) est une pouliche qui nous a fait plaisir lors de ses deux derni\u00e8res sorties. Maintenant, elle a pris 7,5 kilos sur l&rsquo;\u00e9chelle des valeurs. Elle monte de cat\u00e9gorie et je ne sais pas si elle va pouvoir acc\u00e9l\u00e9rer de la m\u00eame mani\u00e8re dans un lot comme \u00e7a. En tout cas, j&rsquo;esp\u00e8re que oui. Cette course aura valeur de test \u00e0 ce niveau. Elle repousse ses limites depuis le d\u00e9but de l&rsquo;ann\u00e9e et on ne sait pas quand cela va s&rsquo;arr\u00eater. \u00bb<\/p>\n<p id=\"ch_SANGRE DE DRAGO\" style=\"margin-bottom: 1%;\"><a href=\"https:\/\/www.equidia.fr\/chevaux\/sangre-de-drago?horse_uuid=7c32c987-4fd4-4b73-b6d4-5cd1db54d791\" target=\"_blank\" rel=\"noopener\">13 &#8211; \u00a0<img decoding=\"async\" alt=\"casaque_SANGRE DE DRAGO\" src=\"https:\/\/www.europesays.com\/fr\/wp-content\/uploads\/2025\/06\/20250609-r1c3p13-png.png\" style=\"width: 4.5%; margin :0; vertical-align : middle;\"\/>\u00a0\u00a0SANGRE DE DRAGO<\/a><\/p>\n<p style=\"text-align: justify;\">Elle va d\u00e9couvrir Compi\u00e8gne, mais se produit le plus souvent corde \u00e0 gauche. Elle a \u00e9t\u00e9 acquise apr\u00e8s sa troisi\u00e8me place dans une \u00e9preuve \u00e0 r\u00e9clamer fin avril et n&rsquo;a pu se distinguer dans un handicap pour son premier essai sous ses nouvelles couleurs. Elle n&rsquo;a qu&rsquo;une chance secondaire.<\/p>\n<p><strong>L&rsquo;avis du reporter : <\/strong><\/p>\n<p style=\"text-align: justify;\">\u00ab Sangre de Drago (13) a rejoint les boxes de Nicolas Perret apr\u00e8s sa troisi\u00e8me place dans une \u00e9preuve \u00e0 r\u00e9clamer sur l&rsquo;hippodrome de ParisLongchamp. Il a depuis couru un handicap \u00e0 Lyon-Parilly en se classant sixi\u00e8me et ne semble pas avoir beaucoup de marge de man\u0153uvre. Le retenir ou non reste une affaire d&rsquo;impression. \u00bb<\/p>\n<p id=\"ch_KOHANA\" style=\"margin-bottom: 1%;\"><a href=\"https:\/\/www.equidia.fr\/chevaux\/kohana-3?horse_uuid=b1dcf4c7-b7c5-4142-9738-1ff6ed0c19b6\" target=\"_blank\" rel=\"noopener\">14 &#8211; \u00a0<img decoding=\"async\" alt=\"casaque_KOHANA\" src=\"https:\/\/www.europesays.com\/fr\/wp-content\/uploads\/2025\/06\/1749426564_13_20250609-r1c3p14-png.png\" style=\"width: 4.5%; margin :0; vertical-align : middle;\"\/>\u00a0\u00a0KOHANA<\/a><\/p>\n<p style=\"text-align: justify;\">Cette pouliche entra\u00een\u00e9e par Andr\u00e9 Fabre court toujours apr\u00e8s un premier succ\u00e8s. Elle avait \u00e9chou\u00e9 pour son premier essai dans cette cat\u00e9gorie mi-mars, sur le sable, et a depuis fait ses armes sur le gazon. Abaiss\u00e9e de deux livres par rapport \u00e0 son premier Quint\u00e9+, elle peut se placer.<\/p>\n<p><strong>Alexis Pouchin, jockey : <\/strong><\/p>\n<p style=\"text-align: justify;\">\u00ab Kohana (14) vient de se classer troisi\u00e8me d&rsquo;un handicap sur l&rsquo;hippodrome de Lyon-Parilly. Elle est en forme et nous avons h\u00e9rit\u00e9 d&rsquo;un num\u00e9ro favorable dans les stalles de d\u00e9part. Elle a le droit de prendre une bonne place. \u00bb<\/p>\n<p id=\"ch_RIDE ON\" style=\"margin-bottom: 1%;\"><a href=\"https:\/\/www.equidia.fr\/chevaux\/ride-on?horse_uuid=91f286d8-e9e6-4640-a56a-b1fda1d0eb48\" target=\"_blank\" rel=\"noopener\">15 &#8211; \u00a0<img decoding=\"async\" alt=\"casaque_RIDE ON\" src=\"https:\/\/www.europesays.com\/fr\/wp-content\/uploads\/2025\/06\/20250609-r1c3p15-png.png\" style=\"width: 4.5%; margin :0; vertical-align : middle;\"\/>\u00a0\u00a0RIDE ON<\/a><\/p>\n<p style=\"text-align: justify;\">Peu exp\u00e9riment\u00e9, il ne s&rsquo;est pas si mal comport\u00e9 pour sa premi\u00e8re apparition dans cette cat\u00e9gorie, \u00e0 ParisLongchamp, et a bien conclu dans la foul\u00e9e dans un handicap de province, apr\u00e8s avoir \u00e9t\u00e9 bouscul\u00e9 au d\u00e9part. Son mentor l&rsquo;estime capable de se r\u00e9v\u00e9ler \u00e0 ce niveau. Pour une cote.<\/p>\n<p><strong>Florian Bellemere, entra\u00eeneur : <\/strong><\/p>\n<p style=\"text-align: justify;\">\u00ab A Nancy, Ride On (15) s&rsquo;est fait un peu \u00ab\u00a0scratcher\u00a0\u00bb en sortant des stalles. Nous avons donc d\u00fb subir la course en queue de peloton, mais il a fait une tr\u00e8s belle ligne droite. Il courait bien l&rsquo;avant-derni\u00e8re fois dans le Quint\u00e9+ \u00e0 ParisLongchamp, car il sortait juste de probl\u00e8mes de pieds. Il s&rsquo;endurcit et \u00e9volue dans le bon sens. J&rsquo;ai toujours dit que c&rsquo;\u00e9tait un cheval pour ce genre de course. Je pense qu&rsquo;il peut prendre une place en fin de combinaison. Le poids peut faire la diff\u00e9rence. \u00bb<\/p>\n<p id=\"ch_ORANGERIE\" style=\"margin-bottom: 1%;\"><a href=\"https:\/\/www.equidia.fr\/chevaux\/orangerie?horse_uuid=c2387856-c00c-4172-abbf-1d993b231507\" target=\"_blank\" rel=\"noopener\">16 &#8211; \u00a0<img decoding=\"async\" alt=\"casaque_ORANGERIE\" src=\"https:\/\/www.europesays.com\/fr\/wp-content\/uploads\/2025\/06\/20250609-r1c3p16-png.png\" style=\"width: 4.5%; margin :0; vertical-align : middle;\"\/>\u00a0\u00a0ORANGERIE<\/a><\/p>\n<p style=\"text-align: justify;\">Non Partante.<\/p>\n<p><strong>Les favoris de la presse<\/strong><\/p>\n<p class=\"synthese\"><strong>SYNTH\u00c8SE \u00a0\u00a0\u00a0\u00a07\u00a0\u00a0&#8211;\u00a0\u00a09\u00a0\u00a0&#8211;\u00a0\u00a06\u00a0\u00a0&#8211;\u00a0\u00a010\u00a0\u00a0&#8211;\u00a0\u00a08\u00a0\u00a0&#8211;\u00a0\u00a014\u00a0\u00a0&#8211;\u00a0\u00a02\u00a0\u00a0&#8211;\u00a0\u00a05<\/strong><\/p>\n<p><a href=\"https:\/\/servedby.revive-adserver.net\/ck.php?n=aa10a822&amp;cb=1234\" target=\"_blank\" rel=\"noopener\"><img decoding=\"async\" alt=\"\" border=\"0\" src=\"https:\/\/www.europesays.com\/fr\/wp-content\/uploads\/2025\/06\/1749426565_985_avw\"\/><\/a><\/p>\n<p><strong>Les stats du jour<\/strong><\/p>\n<p><img decoding=\"async\" src=\"https:\/\/www.europesays.com\/fr\/wp-content\/uploads\/2025\/06\/0609_stats-web_2025-jpg\"\/><\/p>\n<p><strong>Nos \u00e9missions de pronos<\/strong><a href=\"https:\/\/www.equidia.fr\/emissions\/3-mn-q-2023\" target=\"_blank\" rel=\"noopener\"><img decoding=\"async\" alt=\"3min-pronos\" class=\"img_prono\" src=\"https:\/\/www.europesays.com\/fr\/wp-content\/uploads\/2025\/04\/vignette-article-3min-pronos-jpg-1.jpeg\"\/><\/a>3 mn PRONOS du 09\/06<br \/>(Disponible dimanche 08 juin 2025, \u00e0 partir de 17h55)<a href=\"https:\/\/www.equidia.fr\/emissions\/ticket-gagnant-2023\" target=\"_blank\" rel=\"noopener\"><img decoding=\"async\" alt=\"ticket-gagnant\" class=\"img_prono\" src=\"https:\/\/www.europesays.com\/fr\/wp-content\/uploads\/2025\/04\/vignette-article-ticket-gagnant-jpg-1.jpeg\"\/><\/a>TICKET GAGNANT du 09\/06<br \/>(Disponible dimanche 08 juin 2025, \u00e0 partir de 18h00)<\/p>\n","protected":false},"excerpt":{"rendered":"Les partants du Quint\u00e9+ de ce lundi 9 juin.PRIX BENJAMIN BOUTINLUNDI 09 JUINCOMPIEGNE &#8211; 1800 METRES &#8211; \u00a0D\u00c9PART&hellip;\n","protected":false},"author":2,"featured_media":162010,"comment_status":"","ping_status":"","sticky":false,"template":"","format":"standard","meta":{"footnotes":""},"categories":[1888],"tags":[11,1777,674,1011,27,3014,12,626,3016,1821,3015,25],"class_list":{"0":"post-162009","1":"post","2":"type-post","3":"status-publish","4":"format-standard","5":"has-post-thumbnail","7":"category-paris","8":"tag-actualites","9":"tag-eu","10":"tag-europe","11":"tag-fr","12":"tag-france","13":"tag-galop","14":"tag-news","15":"tag-paris","16":"tag-plat","17":"tag-pronostics","18":"tag-qrcode","19":"tag-republique-francaise"},"share_on_mastodon":{"url":"https:\/\/pubeurope.com\/@fr\/114650426572678989","error":""},"_links":{"self":[{"href":"https:\/\/www.europesays.com\/fr\/wp-json\/wp\/v2\/posts\/162009","targetHints":{"allow":["GET"]}}],"collection":[{"href":"https:\/\/www.europesays.com\/fr\/wp-json\/wp\/v2\/posts"}],"about":[{"href":"https:\/\/www.europesays.com\/fr\/wp-json\/wp\/v2\/types\/post"}],"author":[{"embeddable":true,"href":"https:\/\/www.europesays.com\/fr\/wp-json\/wp\/v2\/users\/2"}],"replies":[{"embeddable":true,"href":"https:\/\/www.europesays.com\/fr\/wp-json\/wp\/v2\/comments?post=162009"}],"version-history":[{"count":0,"href":"https:\/\/www.europesays.com\/fr\/wp-json\/wp\/v2\/posts\/162009\/revisions"}],"wp:featuredmedia":[{"embeddable":true,"href":"https:\/\/www.europesays.com\/fr\/wp-json\/wp\/v2\/media\/162010"}],"wp:attachment":[{"href":"https:\/\/www.europesays.com\/fr\/wp-json\/wp\/v2\/media?parent=162009"}],"wp:term":[{"taxonomy":"category","embeddable":true,"href":"https:\/\/www.europesays.com\/fr\/wp-json\/wp\/v2\/categories?post=162009"},{"taxonomy":"post_tag","embeddable":true,"href":"https:\/\/www.europesays.com\/fr\/wp-json\/wp\/v2\/tags?post=162009"}],"curies":[{"name":"wp","href":"https:\/\/api.w.org\/{rel}","templated":true}]}}