{"id":162019,"date":"2025-06-08T23:54:24","date_gmt":"2025-06-08T23:54:24","guid":{"rendered":"https:\/\/www.europesays.com\/fr\/162019\/"},"modified":"2025-06-08T23:54:24","modified_gmt":"2025-06-08T23:54:24","slug":"la-france-lallemagne-et-le-royaume-uni-se-disent-consternes-par-les-pertes-civiles-a-gaza","status":"publish","type":"post","link":"https:\/\/www.europesays.com\/fr\/162019\/","title":{"rendered":"La France, l&rsquo;Allemagne et le Royaume-Uni se disent \u00ab constern\u00e9s \u00bb par les pertes civiles \u00e0 Gaza"},"content":{"rendered":"<p style=\"text-align:justify;\">AA \/ Londres &#8211; Istanbul \/ Zuhal Demirci et Fatma Zehra Solmaz<\/p>\n<p style=\"text-align:justify;\">La France, l&rsquo;Allemagne et le Royaume-Uni, collectivement connus sous l&rsquo;appellation E3, ont appel\u00e9, vendredi, \u00e0 un retour imm\u00e9diat au cessez-le-feu \u00e0 Gaza, exhortant Isra\u00ebl \u00e0 respecter pleinement le droit international et \u00e0 permettre un acc\u00e8s imm\u00e9diat \u00e0 l&rsquo;aide humanitaire.<\/p>\n<p style=\"text-align:justify;\">\u00ab La reprise des frappes isra\u00e9liennes \u00e0 Gaza marque un recul dramatique pour la population de Gaza, les otages, leurs familles et l&rsquo;ensemble de la r\u00e9gion \u00bb, indique une d\u00e9claration commune des trois pays.<\/p>\n<p style=\"text-align:justify;\">Et d\u2019ajouter : \u00ab Nous sommes constern\u00e9s par les pertes civiles et appelons d&rsquo;urgence \u00e0 un retour imm\u00e9diat au cessez-le-feu \u00bb.<\/p>\n<p style=\"text-align:justify;\">Toutes les parties ont \u00e9t\u00e9 invit\u00e9es \u00e0 reprendre les n\u00e9gociations afin d&rsquo;assurer la mise en \u0153uvre int\u00e9grale et la permanence du cessez-le-feu, qui devrait \u00e9galement inclure la lib\u00e9ration des prisonniers isra\u00e9liens.<\/p>\n<p style=\"text-align:justify;\">La d\u00e9claration souligne que tous les Isra\u00e9liens et Palestiniens ont droit \u00e0 la paix et \u00e0 la s\u00e9curit\u00e9, et que le conflit ne peut \u00eatre r\u00e9solu par des moyens militaires.<\/p>\n<p style=\"text-align:justify;\">\u00ab La reprise des combats ne fera qu&rsquo;entra\u00eener la mort de nouveaux civils palestiniens et d&rsquo;otages isra\u00e9liens \u00bb, indique la d\u00e9claration.<\/p>\n<p style=\"text-align:justify;\">\u00ab Nous appelons Isra\u00ebl \u00e0 r\u00e9tablir l&rsquo;acc\u00e8s humanitaire, y compris l&rsquo;eau et l&rsquo;\u00e9lectricit\u00e9, et \u00e0 garantir l&rsquo;acc\u00e8s aux soins m\u00e9dicaux et aux \u00e9vacuations m\u00e9dicales temporaires conform\u00e9ment au droit humanitaire international \u00bb, est-il ajout\u00e9.<\/p>\n<p style=\"text-align:justify;\">La d\u00e9claration souligne \u00e9galement qu&rsquo;une enqu\u00eate compl\u00e8te doit \u00eatre men\u00e9e sur ce qui s&rsquo;est pass\u00e9 lors de l&rsquo;attaque isra\u00e9lienne contre le b\u00e2timent de l&rsquo;ONU.<\/p>\n<p style=\"text-align:justify;\">Les trois pays se sont d\u00e9clar\u00e9s \u00ab profond\u00e9ment choqu\u00e9s \u00bb par l&rsquo;attaque isra\u00e9lienne contre la maison d&rsquo;h\u00f4tes du Bureau des Nations unies pour les services d&rsquo;appui aux projets (UNOPS) dans le centre de Gaza, o\u00f9 un employ\u00e9 a \u00e9t\u00e9 tu\u00e9 et plusieurs autres bless\u00e9s, notant qu&rsquo;il y avait des citoyens europ\u00e9ens parmi les victimes.<\/p>\n<p style=\"text-align:justify;\">\u00ab Le personnel de l&rsquo;ONU et ses locaux devraient \u00eatre prot\u00e9g\u00e9s et ne jamais \u00eatre une cible. Une enqu\u00eate approfondie doit \u00eatre men\u00e9e sur ce qui s&rsquo;est pass\u00e9. Un cessez-le-feu durable est la seule voie cr\u00e9dible vers une paix durable, une solution \u00e0 deux \u00c9tats et la reconstruction de Gaza \u00bb, indique la d\u00e9claration.<\/p>\n<p style=\"text-align:justify;\">Plus de 700 Palestiniens ont \u00e9t\u00e9 tu\u00e9s et plus de 1 000 autres bless\u00e9s par une campagne a\u00e9rienne surprise d&rsquo;Isra\u00ebl sur Gaza depuis mardi, faisant voler en \u00e9clats un accord de cessez-le-feu et d&rsquo;\u00e9change de prisonniers entr\u00e9 en vigueur en janvier.<\/p>\n<p style=\"text-align:justify;\">Cette escalade repr\u00e9sente la plus grave violation de l&rsquo;accord de cessez-le-feu, qu&rsquo;Isra\u00ebl s&rsquo;est refus\u00e9 \u00e0 appliquer int\u00e9gralement, en particulier la deuxi\u00e8me phase qui \u00e9tait cens\u00e9e commencer apr\u00e8s la fin de la premi\u00e8re, au d\u00e9but du mois de mars.<\/p>\n<p style=\"text-align:justify;\">Depuis le d\u00e9but de la guerre isra\u00e9lienne contre la Bande de Gaza, le 7 octobre 2023, le bilan des victimes palestiniennes s&rsquo;\u00e9l\u00e8ve \u00e0 pr\u00e8s de 50 000 morts, tandis que le nombre de bless\u00e9s atteint 113 213, selon des sources officielles.<\/p>\n<p style=\"text-align:justify;\">En novembre dernier, la Cour p\u00e9nale internationale (CPI) a d\u00e9livr\u00e9 des mandats d&rsquo;arr\u00eat \u00e0 l&rsquo;encontre du Premier ministre isra\u00e9lien, Benyamin Netanyahu et de son ancien ministre de la d\u00e9fense, Yoav Gallant, pour crimes de guerre et crimes contre l&rsquo;humanit\u00e9 perp\u00e9tr\u00e9s dans la Bande de Gaza.<\/p>\n<p style=\"text-align:justify;\">Isra\u00ebl est \u00e9galement poursuivi pour \u00ab crime de g\u00e9nocide \u00bb devant la Cour internationale de justice (CIJ) en raison de la guerre contre l&rsquo;enclave palestinienne.<\/p>\n<p style=\"text-align:justify;\">*Traduit de l\u2019Anglais par Mourad Belhaj<\/p>\n<p>                            &#13;<br \/>\n                                <a href=\"https:\/\/www.aa.com.tr\/fr\/p\/abonnement\/1001\" target=\"_blank\" style=\"font-size:12px; color:#444; text-decoration:none;\" rel=\"nofollow noopener\">&#13;<br \/>\n                                    Seulement une partie des d\u00e9p\u00eaches, que l&rsquo;Agence Anadolu diffuse \u00e0 ses abonn\u00e9s via le Syst\u00e8me de Diffusion interne (HAS), est diffus\u00e9e sur le site de l&rsquo;AA, de mani\u00e8re r\u00e9sum\u00e9e. <b style=\"color:#1897F7\">Contactez-nous s&rsquo;il vous pla\u00eet pour vous abonner.<\/b>&#13;<br \/>\n                                <\/a>&#13;<\/p>\n","protected":false},"excerpt":{"rendered":"AA \/ Londres &#8211; Istanbul \/ Zuhal Demirci et Fatma Zehra Solmaz La France, l&rsquo;Allemagne et le Royaume-Uni,&hellip;\n","protected":false},"author":2,"featured_media":162020,"comment_status":"","ping_status":"","sticky":false,"template":"","format":"standard","meta":{"footnotes":""},"categories":[1588],"tags":[11,672,1785,4628,1777,674,27,3819,12,473,1853,1851,1850,1852],"class_list":{"0":"post-162019","1":"post","2":"type-post","3":"status-publish","4":"format-standard","5":"has-post-thumbnail","7":"category-royaume-uni","8":"tag-actualites","9":"tag-allemagne","10":"tag-anadolu-ajansi","11":"tag-bande-de-gaza","12":"tag-eu","13":"tag-europe","14":"tag-france","15":"tag-isral","16":"tag-news","17":"tag-royaume-uni","18":"tag-royaume-uni-de-grande-bretagne-et-dirlande-du-nord","19":"tag-uk","20":"tag-united-kingdom","21":"tag-united-kingdom-of-great-britain-and-northern-ireland"},"share_on_mastodon":{"url":"https:\/\/pubeurope.com\/@fr\/114650445615453587","error":""},"_links":{"self":[{"href":"https:\/\/www.europesays.com\/fr\/wp-json\/wp\/v2\/posts\/162019","targetHints":{"allow":["GET"]}}],"collection":[{"href":"https:\/\/www.europesays.com\/fr\/wp-json\/wp\/v2\/posts"}],"about":[{"href":"https:\/\/www.europesays.com\/fr\/wp-json\/wp\/v2\/types\/post"}],"author":[{"embeddable":true,"href":"https:\/\/www.europesays.com\/fr\/wp-json\/wp\/v2\/users\/2"}],"replies":[{"embeddable":true,"href":"https:\/\/www.europesays.com\/fr\/wp-json\/wp\/v2\/comments?post=162019"}],"version-history":[{"count":0,"href":"https:\/\/www.europesays.com\/fr\/wp-json\/wp\/v2\/posts\/162019\/revisions"}],"wp:featuredmedia":[{"embeddable":true,"href":"https:\/\/www.europesays.com\/fr\/wp-json\/wp\/v2\/media\/162020"}],"wp:attachment":[{"href":"https:\/\/www.europesays.com\/fr\/wp-json\/wp\/v2\/media?parent=162019"}],"wp:term":[{"taxonomy":"category","embeddable":true,"href":"https:\/\/www.europesays.com\/fr\/wp-json\/wp\/v2\/categories?post=162019"},{"taxonomy":"post_tag","embeddable":true,"href":"https:\/\/www.europesays.com\/fr\/wp-json\/wp\/v2\/tags?post=162019"}],"curies":[{"name":"wp","href":"https:\/\/api.w.org\/{rel}","templated":true}]}}