{"id":162024,"date":"2025-06-08T23:57:26","date_gmt":"2025-06-08T23:57:26","guid":{"rendered":"https:\/\/www.europesays.com\/fr\/162024\/"},"modified":"2025-06-08T23:57:26","modified_gmt":"2025-06-08T23:57:26","slug":"jai-mis-9-mois-pour-la-faire-naitre-il-a-eu-9-mois-pour-la-tuer-muriel-dotta-emue-en-evoquant-la-disparition-de-sa-fille-salome-garnesson-100e-feminicide-de-lannee-2019","status":"publish","type":"post","link":"https:\/\/www.europesays.com\/fr\/162024\/","title":{"rendered":"\u00ab\u00a0J\u2019ai mis 9 mois pour la faire na\u00eetre, il a eu 9 mois pour la tuer\u00a0\u00bb : Muriel Dotta \u00e9mue en \u00e9voquant la disparition de sa fille Salom\u00e9 Garnesson, 100e f\u00e9minicide de l\u2019ann\u00e9e 2019"},"content":{"rendered":"<p>Ce dimanche 8 juin 2025, le Portrait de la semaine de Sept \u00e0 huit \u00e9tait consacr\u00e9 \u00e0 Muriel Dotta, la m\u00e8re de Salom\u00e9 Garnesson, consid\u00e9r\u00e9e comme la 100e f\u00e9minicide de l\u2019ann\u00e9e 2019. Face \u00e0 Audrey Crespo-Mara, elle est revenue sur le calvaire v\u00e9cu par sa fille. <\/p>\n<p>Il a eu la peine maximale. En 2023, 96 femmes ont \u00e9t\u00e9 victimes de f\u00e9minicide conjugal en France, selon le dernier bilan du minist\u00e8re de l\u2019Int\u00e9rieur. Les chiffres de 2024 seront connus en fin d\u2019ann\u00e9e. En 2022, <a href=\"https:\/\/www.voici.fr\/news-people\/jarry-scandalise-par-un-enieme-feminicide-il-interpelle-sa-communaute-706472\" target=\"_blank\" rel=\"noopener\">elles \u00e9taient 118 \u00e0 \u00eatre assassin\u00e9es par un compagnon<\/a> ou un ex-compagnon. En 2019, le pays a \u00e9t\u00e9 pris par l\u2019\u00e9motion en apprenant la disparition de Salom\u00e9 Garnesson, <strong>consid\u00e9r\u00e9e comme la 100e f\u00e9minicide de l\u2019ann\u00e9e 2019.<\/strong> Son corps meurtri par les coups de son compagnon, Amin Mimouni, avait \u00e9t\u00e9 retrouv\u00e9 sous un tas de d\u00e9tritus, en ao\u00fbt 2019, \u00e0 Cagnes-sur-Mer.<\/p>\n<p>La famille de Salom\u00e9 Garnesson a attendu jusqu\u2019en mars 2019 pour le proc\u00e8s de leur fille. \u00c0 l\u2019ouverture du proc\u00e8s, l\u2019homme de 29 ans avait reconnu les faits, apr\u00e8s les avoir toujours ni\u00e9s et ce, malgr\u00e9 les nombreuses preuves accablantes. <strong>Amin Mimouni a \u00e9t\u00e9 condamn\u00e9 \u00e0 la r\u00e9clusion criminelle \u00e0 perp\u00e9tuit\u00e9<\/strong>, avec une p\u00e9riode de s\u00fbret\u00e9 de 22 ans.\u00a0\u00bb Il n\u2019a jamais exprim\u00e9 aucune empathie pour la victime\u00a0\u00bb, avait r\u00e9agi l\u2019avocat g\u00e9n\u00e9ral, lors de sa r\u00e9quisition. Le condamn\u00e9 a \u00e9galement \u00e9cop\u00e9 <a href=\"https:\/\/www.voici.fr\/news-people\/jean-jacques-goldman-cette-decision-radicale-prise-apres-le-feminicide-de-sirima-interprete-de-la-bas-710033\" target=\"_blank\" rel=\"noopener\">d\u2019une p\u00e9riode d\u2019in\u00e9ligibilit\u00e9<\/a> d\u2019une dur\u00e9e de 10 ans et d\u2019une interdiction de d\u00e9tenir ou de porter une arme pendant quinze ans.<\/p>\n<p>                                                                        Muriel Dotta : se battre pour la m\u00e9moire de sa fille<\/p>\n<p>Ce dimanche 8 juin 2025, le Portrait de la semaine de Sept \u00e0 huit \u00e9tait consacr\u00e9 \u00e0 Muriel Dotta, la m\u00e8re de Salom\u00e9 Garnesson. Face \u00e0 <a href=\"https:\/\/www.voici.fr\/bios-people\/audrey-crespo-mara\" data-link-people=\"2e76122f-994c-4899-87ea-b83a5e7b96ea\" target=\"_blank\" rel=\"noopener\">Audrey Crespo-Mara<\/a>, elle s\u2019est confi\u00e9e sur la rencontre entre sa fille et Amin Mimouni. <strong>\u00ab\u00a0Je le trouve tr\u00e8s imbu de lui-m\u00eame<\/strong>, assez macho. Je me rends compte qu\u2019il est tr\u00e8s jaloux. Il ne voulait pas que Salom\u00e9 soit regard\u00e9e par un homme. \u00c7a me choque\u00a0\u00bb, s\u2019est-elle souvenue. En raison de cette relation, <strong>Salom\u00e9 Garnesson a repens\u00e9 tous ses projets professionnels<\/strong>. \u00ab\u00a0Elle \u00e9tait \u00e9tudiante, elle a d\u00e9cid\u00e9 de quitter la facult\u00e9. Elle ne voyait plus ses amies, et son style vestimentaire a chang\u00e9\u2026\u00a0\u00bb, a-t-elle compl\u00e9t\u00e9.<\/p>\n<p>Plus de 5 ans apr\u00e8s le drame, la douleur est tout aussi profonde pour Muriel Dotta. L\u2019emprise d\u2019Amin Mimouni envers Salom\u00e9 Garnesson est tr\u00e8s profonde. \u00c0 tel point que lorsqu\u2019elle d\u00e9cide de quitter son travail,<strong> son employeur a d\u00e9cid\u00e9 de pr\u00e9venir ses parents<\/strong>. En vain. \u00ab\u00a0Il y a eu plein d\u2019erreurs de la police\u00a0\u00bb, a regrett\u00e9 la m\u00e8re de famille en \u00e9voquant le jour de la disparition de Salom\u00e9. <strong>\u00ab\u00a0J\u2019ai mis 9 mois pour la faire na\u00eetre, il a eu 9 mois pour la tuer\u00a0\u00bb<\/strong>, a-t-elle l\u00e2ch\u00e9. Si la condamnation d\u2019Amin Mimouni ne permet pas de faire revenir Salom\u00e9 Garnesson, Muriel Dotta compte bien partager l\u2019histoire de sa fille pour lutter contre les f\u00e9minicides. <a href=\"https:\/\/www.voici.fr\/news-people\/video-muriel-robin-a-la-manifestation-contre-les-feminicides-elle-interpelle-emmanuel-macron-669431\" target=\"_blank\" rel=\"noopener\">Pourtant la \u00ab\u00a0grande cause\u00a0\u00bb des quinquennats<\/a> d\u2019Emmanuel Macron.<\/p>\n","protected":false},"excerpt":{"rendered":"Ce dimanche 8 juin 2025, le Portrait de la semaine de Sept \u00e0 huit \u00e9tait consacr\u00e9 \u00e0 Muriel&hellip;\n","protected":false},"author":2,"featured_media":162025,"comment_status":"","ping_status":"","sticky":false,"template":"","format":"standard","meta":{"footnotes":""},"categories":[1586],"tags":[11,9260,3348,1777,674,1779,118,1011,27,29450,12,25,25547,1364,1778,364],"class_list":{"0":"post-162024","1":"post","2":"type-post","3":"status-publish","4":"format-standard","5":"has-post-thumbnail","7":"category-europe","8":"tag-actualites","9":"tag-confidences","10":"tag-drame","11":"tag-eu","12":"tag-europe","13":"tag-european-union","14":"tag-faits-divers","15":"tag-fr","16":"tag-france","17":"tag-fu00e9minicide","18":"tag-news","19":"tag-republique-francaise","20":"tag-sept-u00e0-huit","21":"tag-tv","22":"tag-ue","23":"tag-union-europeenne"},"share_on_mastodon":{"url":"https:\/\/pubeurope.com\/@fr\/114650457291465510","error":""},"_links":{"self":[{"href":"https:\/\/www.europesays.com\/fr\/wp-json\/wp\/v2\/posts\/162024","targetHints":{"allow":["GET"]}}],"collection":[{"href":"https:\/\/www.europesays.com\/fr\/wp-json\/wp\/v2\/posts"}],"about":[{"href":"https:\/\/www.europesays.com\/fr\/wp-json\/wp\/v2\/types\/post"}],"author":[{"embeddable":true,"href":"https:\/\/www.europesays.com\/fr\/wp-json\/wp\/v2\/users\/2"}],"replies":[{"embeddable":true,"href":"https:\/\/www.europesays.com\/fr\/wp-json\/wp\/v2\/comments?post=162024"}],"version-history":[{"count":0,"href":"https:\/\/www.europesays.com\/fr\/wp-json\/wp\/v2\/posts\/162024\/revisions"}],"wp:featuredmedia":[{"embeddable":true,"href":"https:\/\/www.europesays.com\/fr\/wp-json\/wp\/v2\/media\/162025"}],"wp:attachment":[{"href":"https:\/\/www.europesays.com\/fr\/wp-json\/wp\/v2\/media?parent=162024"}],"wp:term":[{"taxonomy":"category","embeddable":true,"href":"https:\/\/www.europesays.com\/fr\/wp-json\/wp\/v2\/categories?post=162024"},{"taxonomy":"post_tag","embeddable":true,"href":"https:\/\/www.europesays.com\/fr\/wp-json\/wp\/v2\/tags?post=162024"}],"curies":[{"name":"wp","href":"https:\/\/api.w.org\/{rel}","templated":true}]}}