{"id":162030,"date":"2025-06-09T00:00:13","date_gmt":"2025-06-09T00:00:13","guid":{"rendered":"https:\/\/www.europesays.com\/fr\/162030\/"},"modified":"2025-06-09T00:00:13","modified_gmt":"2025-06-09T00:00:13","slug":"le-premier-ministre-du-vietnam-rencontre-le-roi-de-jordanie-a-nice","status":"publish","type":"post","link":"https:\/\/www.europesays.com\/fr\/162030\/","title":{"rendered":"le Premier ministre du Vietnam rencontre le roi de Jordanie \u00e0 Nice"},"content":{"rendered":"<p>&#13;<br \/>\n                        France : le Premier ministre du Vietnam rencontre le roi de Jordanie \u00e0 Nice&#13;\n                    <\/p>\n<p style=\"text-align:\">\u00c0 l&rsquo;occasion de sa participation \u00e0 la Troisi\u00e8me Conf\u00e9rence des Nations unies sur l&rsquo;Oc\u00e9an \u00e0 Nice (France), le 8 juin, le Premier ministre vietnamien Pham Minh Chinh a rencontr\u00e9 le roi de Jordanie, Abdallah II bin Al Hussein.<\/p>\n<p><a href=\"https:\/\/lecourrier.vn\/le-pm-pham-minh-chinh-au-forum-sur-leconomie-bleue-et-la-finance-a-monaco\/1284539.html\" title=\"Le PM Pham Minh Chinh au Forum sur l&#039;\u00e9conomie bleue et la finance \u00e0 Monaco\" target=\"_blank\" rel=\"noopener\">&gt;&gt; Le PM Pham Minh Chinh au Forum sur l&rsquo;\u00e9conomie bleue et la finance \u00e0 Monaco<\/a><\/p>\n<p><a href=\"https:\/\/lecourrier.vn\/le-pm-pham-minh-chinh-propose-de-renforcer-trois-axes-pour-proteger-locean\/1284544.html\" title=\"Le PM Pham Minh Chinh propose de renforcer trois axes pour prot\u00e9ger l&#039;oc\u00e9an\" target=\"_blank\" rel=\"noopener\">&gt;&gt; Le PM Pham Minh Chinh propose de renforcer trois axes pour prot\u00e9ger l&rsquo;oc\u00e9an<\/a><\/p>\n<p style=\"text-align:left\">Le Premier ministre Pham Minh Chinh\u00a0a affirm\u00e9 que le Vietnam attachait de l&rsquo;importance \u00e0 sa coop\u00e9ration multiforme avec la Jordanie. \u00c0 cette occasion, il a transmis au roi\u00a0de Jordanie les salutations et l&rsquo;invitation \u00e0 effectuer prochainement une visite au Vietnam de la part du secr\u00e9taire g\u00e9n\u00e9ral du Parti communiste du Vietnam (PCV), T\u00f4 L\u00e2m, du pr\u00e9sident de la R\u00e9publique, Luong Cuong, et du pr\u00e9sident de l&rsquo;Assembl\u00e9e nationale, Tr\u00e2n Thanh M\u00e2n.<\/p>\n<tr>\n<td class=\"pic\"><img decoding=\"async\" class=\"lazyload\" src=\"https:\/\/www.europesays.com\/fr\/wp-content\/uploads\/2025\/06\/054157-img5320-174940833156170500565.webp.webp\" alt=\"\"\/><\/td>\n<\/tr>\n<tr>\n<td class=\"caption\">Le Premier ministre vietnamien Pham Minh Chinh (gauche) et le roi de Jordanie, Abdallah II bin Al Hussein. <\/td>\n<\/tr>\n<tr align=\"right\">\n<td class=\"author\">Photo : VNA\/CVN<\/td>\n<\/tr>\n<p style=\"text-align:left\">Le roi de Jordanie a exprim\u00e9 son admiration pour les progr\u00e8s remarquables du Vietnam en mati\u00e8re de d\u00e9veloppement socio-\u00e9conomique.<\/p>\n<p style=\"text-align:left\">Les deux parties ont convenu de renforcer les \u00e9changes de d\u00e9l\u00e9gations \u00e0 tous les niveaux, en particulier au plus haut niveau, afin de renforcer la confiance politique, ainsi que d\u2019envisager des n\u00e9gociations en vue de la signature d\u2019accords dans les domaines du commerce, de l\u2019investissement et d&rsquo;autres secteurs.<\/p>\n<p style=\"text-align:left\">Le Premier ministre Pham Minh Chinh a propos\u00e9 l\u2019\u00e9tablissement rapide de m\u00e9canismes de coop\u00e9ration bilat\u00e9rale, y compris un m\u00e9canisme de consultation politique entre les minist\u00e8res des Affaires \u00e9trang\u00e8res. Il a sugg\u00e9r\u00e9 d&rsquo;\u00e9tudier la possibilit\u00e9 de conclure un accord d\u2019exemption de visa pour les titulaires de passeports diplomatiques et de service. Il a \u00e9galement affirm\u00e9 que le Vietnam \u00e9tait pr\u00eat \u00e0 coop\u00e9rer dans le domaine agricole pour soutenir la Jordanie en mati\u00e8re de s\u00e9curit\u00e9 alimentaire, ainsi que dans le domaine de la transformation num\u00e9rique.<\/p>\n<p style=\"text-align:left\"><b>Acc\u00e9l\u00e9rer les d\u00e9marches juridiques afin de signer plusieurs accords bilat\u00e9raux<\/b><\/p>\n<p style=\"text-align:left\">Le roi de Jordanie a salu\u00e9 ces propositions, exprimant le souhait de renforcer la coop\u00e9ration dans les domaines de la science et de la technologie, de la formation des ressources humaines, du d\u00e9minage, et du soutien \u00e0 la production de proth\u00e8ses.<\/p>\n<p style=\"text-align:left\">Les deux dirigeants ont convenu de charger les minist\u00e8res et organes comp\u00e9tents d\u2019acc\u00e9l\u00e9rer les d\u00e9marches juridiques afin de signer plusieurs accords bilat\u00e9raux lors de la prochaine visite du roi de Jordanie au Vietnam.<\/p>\n<p style=\"text-align:left\">\u00c0 cette occasion, ils ont \u00e9galement discut\u00e9 du renforcement de la coordination au sein des forums multilat\u00e9raux, ainsi que de questions r\u00e9gionales et internationales d\u2019int\u00e9r\u00eat commun. Le Vietnam a souhait\u00e9 que la Jordanie continue de soutenir la position de l\u2019ASEAN et du Vietnam sur le r\u00e8glement pacifique des diff\u00e9rends et la garantie de la s\u00e9curit\u00e9 et de la s\u00fbret\u00e9 maritimes en Mer Orientale, conform\u00e9ment au droit international.<\/p>\n<p style=\"text-align:right\"><b>VNA\/CVN<\/b><\/p>\n","protected":false},"excerpt":{"rendered":"&#13; France : le Premier ministre du Vietnam rencontre le roi de Jordanie \u00e0 Nice&#13; \u00c0 l&rsquo;occasion de&hellip;\n","protected":false},"author":2,"featured_media":162031,"comment_status":"","ping_status":"","sticky":false,"template":"","format":"standard","meta":{"footnotes":""},"categories":[4],"tags":[11,1011,27,29451,12,3446,3363,5486,25],"class_list":{"0":"post-162030","1":"post","2":"type-post","3":"status-publish","4":"format-standard","5":"has-post-thumbnail","7":"category-france","8":"tag-actualites","9":"tag-fr","10":"tag-france","11":"tag-le-roi-de-jordanie","12":"tag-news","13":"tag-pham-minh-chinh","14":"tag-premier-ministre","15":"tag-rencontre","16":"tag-republique-francaise"},"share_on_mastodon":{"url":"https:\/\/pubeurope.com\/@fr\/114650469274833036","error":""},"_links":{"self":[{"href":"https:\/\/www.europesays.com\/fr\/wp-json\/wp\/v2\/posts\/162030","targetHints":{"allow":["GET"]}}],"collection":[{"href":"https:\/\/www.europesays.com\/fr\/wp-json\/wp\/v2\/posts"}],"about":[{"href":"https:\/\/www.europesays.com\/fr\/wp-json\/wp\/v2\/types\/post"}],"author":[{"embeddable":true,"href":"https:\/\/www.europesays.com\/fr\/wp-json\/wp\/v2\/users\/2"}],"replies":[{"embeddable":true,"href":"https:\/\/www.europesays.com\/fr\/wp-json\/wp\/v2\/comments?post=162030"}],"version-history":[{"count":0,"href":"https:\/\/www.europesays.com\/fr\/wp-json\/wp\/v2\/posts\/162030\/revisions"}],"wp:featuredmedia":[{"embeddable":true,"href":"https:\/\/www.europesays.com\/fr\/wp-json\/wp\/v2\/media\/162031"}],"wp:attachment":[{"href":"https:\/\/www.europesays.com\/fr\/wp-json\/wp\/v2\/media?parent=162030"}],"wp:term":[{"taxonomy":"category","embeddable":true,"href":"https:\/\/www.europesays.com\/fr\/wp-json\/wp\/v2\/categories?post=162030"},{"taxonomy":"post_tag","embeddable":true,"href":"https:\/\/www.europesays.com\/fr\/wp-json\/wp\/v2\/tags?post=162030"}],"curies":[{"name":"wp","href":"https:\/\/api.w.org\/{rel}","templated":true}]}}