{"id":162054,"date":"2025-06-09T00:15:42","date_gmt":"2025-06-09T00:15:42","guid":{"rendered":"https:\/\/www.europesays.com\/fr\/162054\/"},"modified":"2025-06-09T00:15:42","modified_gmt":"2025-06-09T00:15:42","slug":"explications-sur-lhistoire-et-sa-fin-qui-etend-le-lore-spoilers","status":"publish","type":"post","link":"https:\/\/www.europesays.com\/fr\/162054\/","title":{"rendered":"explications sur l&rsquo;histoire et sa fin qui \u00e9tend le lore (SPOILERS)"},"content":{"rendered":"<p>Pr\u00e9sent\u00e9 au Festival d\u2019Annecy en m\u00eame temps que sa sortie sur Disney+, Predator Killer of Killers est le tout nouveau film au sein d\u2019une franchise revigor\u00e9e il y a peu avec Prey. Retour sur cette aventure simili-anthologique !<\/p>\n<p><strong>Predator Killer of Killers pourrait sembler \u00eatre une sortie venue de nulle part, et pourtant il s\u2019agit pour ainsi dire d\u2019un opus majeur de la franchise<\/strong>. D\u00e9but\u00e9e en 1987 avec <a href=\"https:\/\/linfotoutcourt.com\/critique-predator-arnold-schwarzenegger\/\" target=\"_blank\" rel=\"noreferrer noopener\">le cultissime premier film de McTiernan<\/a>, la saga aura \u00e9t\u00e9 beaucoup plus balbutiante qu\u2019<a href=\"https:\/\/linfotoutcourt.com\/critique-alien-romulus\/\" target=\"_blank\" rel=\"noreferrer noopener\">Alien<\/a> par exemple, malgr\u00e9 l\u2019aura ind\u00e9niable de son monstre principal. Le Yautja est ainsi revenu dans une suite se d\u00e9roulant \u00e0 Los Angeles, avant d\u2019implanter le secteur du JV ou des comics.<\/p>\n<p>Depuis, <strong>un fantasme \u00e9tait n\u00e9, celui de voir le fameux chasseur alien aux dreadlocks se friter \u00e0 d\u2019autres proies que des humains contemporains\u2026et \u00e0 des \u00e9poques diff\u00e9rentes<\/strong> ! Une envie qui a ainsi nourri le fameux reboot qu\u2019\u00e9tait <a href=\"https:\/\/www.youtube.com\/watch?v=DcuPy47vOJ8&amp;pp=ygUTcHJleSBiYW5kZSBhbm5vbmNlIA%3D%3D\" target=\"_blank\" rel=\"noreferrer noopener\">Prey<\/a>, pr\u00e9sentant un Predator d\u2019une caste plus ancienne affronter des Comanches au XVIIIe si\u00e8cle !<\/p>\n<p><img loading=\"lazy\" data-lazyloaded=\"1\" decoding=\"async\" width=\"700\" height=\"350\" src=\"https:\/\/www.europesays.com\/fr\/wp-content\/uploads\/2025\/06\/Predator-Killer-of-Killers-02.jpeg\" alt=\"Predator Killer of Killers : explications sur l'histoire et sa fin qui \u00e9tend le lore (SPOILERS)\" class=\"wp-image-229533\"  data-\/>\u00a920th Century Studios<br \/>\n\u00a9Hulu<\/p>\n<p>Un film hautement sympathique, dont le succ\u00e8s aura propuls\u00e9 son r\u00e9alisateur Dan Trachtenberg (<a href=\"https:\/\/linfotoutcourt.com\/critique-10-cloverfield-lane\/\" target=\"_blank\" rel=\"noreferrer noopener\">10 Cloverfield Lane<\/a>) comme le nouveau patron \u00e0 bord afin de d\u00e9velopper d\u2019autres films Predator. Et si on retrouvera en fin d\u2019ann\u00e9e <a href=\"https:\/\/www.youtube.com\/watch?v=O1EQe9qVbng&amp;pp=ygUkcHJlZGF0b3IgYmFkbGFuZHMgYmFuZGUgYW5ub25jZSB2b3N0\" target=\"_blank\" rel=\"noreferrer noopener\">Predator Badlands<\/a> (nouveau m\u00e9trage in\u00e9dit se d\u00e9roulant sur une plan\u00e8te \u00e9loign\u00e9e avec comme protagoniste un jeune Yautja), le voil\u00e0 \u00e0 r\u00e9aliser un film d\u2019animation s\u2019apparentant \u00e0 un gros d\u00e9lire geek !<\/p>\n<p>Jamais sans mon bouclier et mon \u00e9p\u00e9e<\/p>\n<p><strong>Predator Killer of Killers<\/strong> assure donc une structure quasi anthologique en pr\u00e9sentant 3 moyen-m\u00e9trages de 20 minutes chacun. <strong>Le premier (The Shield) se d\u00e9roule \u00e0 la fin du IX si\u00e8cle en Scandinavie<\/strong>, alors que la chef viking Ursa s\u2019appr\u00eate \u00e0 venger le meurtre de son p\u00e8re par un clan adverse. Pas de chance, la voil\u00e0 face \u00e0 un Uber Predator : le d\u00e9but d\u2019un affrontement brutal pour le meilleur segment du film !<\/p>\n<p>Et malgr\u00e9 que <strong>Predator Killer of Killers<\/strong> soit <strong>con\u00e7u sous Unreal Engine<\/strong> (le moteur de JV passe partout par excellence) dans un style visuel minimaliste (parfois \u00e9vocateur de <a href=\"https:\/\/linfotoutcourt.com\/critique-blue-eye-samurai-saison-1\/\" target=\"_blank\" rel=\"noreferrer noopener\">Blue Eye Samurai<\/a>), l\u2019animation a fi\u00e8re allure ! Port\u00e9e par une mise en sc\u00e8ne redoutable de clart\u00e9 et riche en badasserie, ce segment parvient \u00e0 instantan\u00e9ment donner de l\u2019\u00e9paisseur \u00e0 son h\u00e9ro\u00efne matriarcale, face \u00e0 un Yautja in\u00e9dit usant d\u2019un point cyborg \u00e0 ondes de choc !<\/p>\n<p><img loading=\"lazy\" data-lazyloaded=\"1\" decoding=\"async\" width=\"700\" height=\"350\" src=\"https:\/\/www.europesays.com\/fr\/wp-content\/uploads\/2025\/06\/Predator-Killer-of-Killers-03.jpeg\" alt=\"Predator Killer of Killers : explications sur l'histoire et sa fin qui \u00e9tend le lore (SPOILERS)\" class=\"wp-image-229534\"  data-\/>\u00a920th Century Studios<br \/>\n\u00a9Hulu<\/p>\n<p><strong>The Shield cependant se d\u00e9roule au Japon f\u00e9odal<\/strong>, dans un r\u00e9cit o\u00f9 2 fr\u00e8res se retrouvent pour s\u2019affronter lors des obs\u00e8ques de leur p\u00e8re (un daimyo tyrannique qui pr\u00f4nait la loi du plus fort)..avant qu\u2019un Predator agile comme une shinobi ne vienne afficher sa tronche de porte-bonheur ! Un segment central l\u00e0 encore p\u00eachu, orchestr\u00e9 de mani\u00e8re quasi muette, et o\u00f9 l\u2019affrontement face au monstre alien est avant tout un moyen de d\u00e9velopper la relation cathartique entre les 2 frangins\u2026 Le tout dans une style po\u00e9tique propice \u00e0 son cadre nippon.<\/p>\n<p>La balle, c\u2019est trop facile<\/p>\n<p>Mais patatra, le 3e segment (The Bullet) vient rompre le parfait \u00e9quilibre tenu jusqu\u2019ici de <strong>Predator Killer of Killers. Se d\u00e9roulant dans le ciel du Pacifique en pleine WW2<\/strong>, celui-ci se veut globalement d\u00e9nu\u00e9 de r\u00e9elle tension au profit d\u2019un fun assum\u00e9 et d\u2019une l\u00e9g\u00e8ret\u00e9 encapsul\u00e9e par la personnalit\u00e9 de son protagoniste (un m\u00e9cano hispanique se d\u00e9couvrant pilote professionnel dans le but de contrer un Yautja aux commandes de son vaisseau).<\/p>\n<p><img loading=\"lazy\" data-lazyloaded=\"1\" decoding=\"async\" width=\"700\" height=\"350\" src=\"https:\/\/www.europesays.com\/fr\/wp-content\/uploads\/2025\/06\/Predator-Killer-of-Killers-04.jpeg\" alt=\"Predator Killer of Killers : explications sur l'histoire et sa fin qui \u00e9tend le lore (SPOILERS)\" class=\"wp-image-229536\"  data-\/>\u00a920th Century Studios<br \/>\n\u00a9Hulu<\/p>\n<p>C\u2019est bien dommage, d\u2019autant que ce mini-r\u00e9cit nous montre le Predator d\u2019une mani\u00e8re in\u00e9dite. Heureusement, <strong>le film de Trachenteberg r\u00e9hausse son apparente dimension anthologique via un 4e segment r\u00e9unissant les 3 protagonistes<\/strong> : captur\u00e9s \u00e0 la suite de leur exploit, ces derniers ont \u00e9t\u00e9 cryog\u00e9nis\u00e9s en attendant d\u2019\u00eatre r\u00e9veill\u00e9s pour leur ultime combat, \u00e0 savoir un affrontement dans une ar\u00e8ne de gladiateurs !<\/p>\n<p>Predator Killer of Killers : extension express du lore<\/p>\n<p>Mettant de c\u00f4t\u00e9 la barri\u00e8re de la langue, ils vont r\u00e9ussir \u00e0 s\u2019allier (et utiliser pas mal de f\u00e2cheux deus ex machina malheureusement) pour s\u2019\u00e9chapper \u00e0 bord d\u2019un vaisseau. Les facilit\u00e9s narratives sont encore l\u00e0\u2026 mais il faut avouer que <strong>Predator Killer of Killers sait soigner sa mani\u00e8re de d\u00e9peindre la culture Yautja<\/strong>, jusque dans un ultime plan en suspens. Ursa s\u2019est sacrifi\u00e9e pour que ses 2 comp\u00e8res s\u2019\u00e9chappent, mais il faudra sans doute une suite pour d\u00e9couvrir leur destin.<\/p>\n<p><img loading=\"lazy\" data-lazyloaded=\"1\" decoding=\"async\" width=\"700\" height=\"350\" src=\"https:\/\/www.europesays.com\/fr\/wp-content\/uploads\/2025\/06\/Predator-Killer-of-Killers-05.jpg\" alt=\"Predator Killer of Killers : explications sur l'histoire et sa fin qui \u00e9tend le lore (SPOILERS)\" class=\"wp-image-229537\"  data-\/>\u00a920th Century Studios<br \/>\n\u00a9Hulu<\/p>\n<p><strong>Predator Killer of Killers<\/strong> ne s\u2019arr\u00eate pas l\u00e0 ceci dit, d\u00e9voilant <strong>une gigantesque salle de proies cryog\u00e9nis\u00e9es venues des confins de la galaxie<\/strong>. On peut d\u2019ailleurs voir que Naru (l\u2019am\u00e9rindienne de Prey jou\u00e9e par <a href=\"https:\/\/linfotoutcourt.com\/critique-novocaine\/\" target=\"_blank\" rel=\"noreferrer noopener\">Amber Midthunder<\/a>) a elle aussi \u00e9t\u00e9 captur\u00e9e et mise en stase en attendant le jour o\u00f9 elle devra \u00e0 nouveau sortir les armes.<\/p>\n<p><strong>Predator Killer of Killers laisse ainsi ouvert une infinit\u00e9 de possibles<\/strong> : est-ce que Dutch (Arnold Schwarzenegger) reviendra lui aussi si on suit la logique ? Est-ce que triompher face au Predator signe donc le m\u00eame destin funeste ? Des portes ouvertes qui laissent ainsi songeurs sur ce que la franchise nous r\u00e9serve dans le futur\u2026<\/p>\n<p>Predator Killer of Killers est disponible sur Disney+<\/p>\n","protected":false},"excerpt":{"rendered":"Pr\u00e9sent\u00e9 au Festival d\u2019Annecy en m\u00eame temps que sa sortie sur Disney+, Predator Killer of Killers est le&hellip;\n","protected":false},"author":2,"featured_media":162055,"comment_status":"","ping_status":"","sticky":false,"template":"","format":"standard","meta":{"footnotes":""},"categories":[1354],"tags":[3853,58,59,1346,1011,27,1360],"class_list":{"0":"post-162054","1":"post","2":"type-post","3":"status-publish","4":"format-standard","5":"has-post-thumbnail","7":"category-films","8":"tag-annecy","9":"tag-divertissement","10":"tag-entertainment","11":"tag-films","12":"tag-fr","13":"tag-france","14":"tag-movies"},"share_on_mastodon":{"url":"https:\/\/pubeurope.com\/@fr\/114650528315624110","error":""},"_links":{"self":[{"href":"https:\/\/www.europesays.com\/fr\/wp-json\/wp\/v2\/posts\/162054","targetHints":{"allow":["GET"]}}],"collection":[{"href":"https:\/\/www.europesays.com\/fr\/wp-json\/wp\/v2\/posts"}],"about":[{"href":"https:\/\/www.europesays.com\/fr\/wp-json\/wp\/v2\/types\/post"}],"author":[{"embeddable":true,"href":"https:\/\/www.europesays.com\/fr\/wp-json\/wp\/v2\/users\/2"}],"replies":[{"embeddable":true,"href":"https:\/\/www.europesays.com\/fr\/wp-json\/wp\/v2\/comments?post=162054"}],"version-history":[{"count":0,"href":"https:\/\/www.europesays.com\/fr\/wp-json\/wp\/v2\/posts\/162054\/revisions"}],"wp:featuredmedia":[{"embeddable":true,"href":"https:\/\/www.europesays.com\/fr\/wp-json\/wp\/v2\/media\/162055"}],"wp:attachment":[{"href":"https:\/\/www.europesays.com\/fr\/wp-json\/wp\/v2\/media?parent=162054"}],"wp:term":[{"taxonomy":"category","embeddable":true,"href":"https:\/\/www.europesays.com\/fr\/wp-json\/wp\/v2\/categories?post=162054"},{"taxonomy":"post_tag","embeddable":true,"href":"https:\/\/www.europesays.com\/fr\/wp-json\/wp\/v2\/tags?post=162054"}],"curies":[{"name":"wp","href":"https:\/\/api.w.org\/{rel}","templated":true}]}}