{"id":162062,"date":"2025-06-09T00:20:10","date_gmt":"2025-06-09T00:20:10","guid":{"rendered":"https:\/\/www.europesays.com\/fr\/162062\/"},"modified":"2025-06-09T00:20:10","modified_gmt":"2025-06-09T00:20:10","slug":"larmee-allemande-equipe-23-a400m-dune-technologie-laser-de-defense-active","status":"publish","type":"post","link":"https:\/\/www.europesays.com\/fr\/162062\/","title":{"rendered":"L\u2019arm\u00e9e allemande \u00e9quipe 23 A400M d\u2019une technologie laser de d\u00e9fense active &#8211;"},"content":{"rendered":"<p><strong>Transporter des troupes, ravitailler en plein vol, \u00e9vacuer des bless\u00e9s :<\/strong> l\u2019A400M est un avion multit\u00e2che. Depuis plusieurs ann\u00e9es, il constitue l\u2019\u00e9pine dorsale des op\u00e9rations a\u00e9riennes de la Bundeswehr. Mais ces missions s\u2019accompagnent de risques croissants, notamment face \u00e0 des missiles sol-air \u00e9quip\u00e9s de t\u00eates chercheuses infrarouges. Pour y r\u00e9pondre, <strong>l\u2019Allemagne \u00e9quipe d\u00e9sormais 23 de ses A400M d\u2019un syst\u00e8me de d\u00e9fense optique de nouvelle g\u00e9n\u00e9ration : le DIRCM.<\/strong><\/p>\n<p><strong>Qu\u2019est-ce que le DIRCM et pourquoi le d\u00e9ployer ?<\/strong><\/p>\n<p>DIRCM est l\u2019acronyme de <strong>Directed Infrared Counter Measures<\/strong>. Il s\u2019agit d\u2019un syst\u00e8me de d\u00e9fense actif con\u00e7u pour perturber les missiles ennemis qui se dirigent vers une cible en suivant sa signature thermique. Concr\u00e8tement, <strong>le DIRCM d\u00e9tecte l\u2019approche d\u2019un missile et dirige un faisceau laser vers celui-ci afin de brouiller son capteur infrarouge.<\/strong><\/p>\n<p>Ce type de menace est fr\u00e9quent dans les zones de conflit. Un simple missile portable (appel\u00e9 MANPADS), souvent disponible sur le march\u00e9 noir, peut suffire \u00e0 abattre un appareil de transport non prot\u00e9g\u00e9. Avec le DIRCM, <strong>les A400M gagnent une protection autonome et automatis\u00e9e<\/strong>, fonctionnant en temps r\u00e9el sans intervention humaine.<\/p>\n<p><strong>Une int\u00e9gration pr\u00e9vue jusqu\u2019en 2032<\/strong><\/p>\n<p>Le contrat sign\u00e9 entre Airbus et l\u2019agence d\u2019armement allemande BAAINBw pr\u00e9voit l\u2019installation du DIRCM sur 23 appareils utilis\u00e9s pour des op\u00e9rations tactiques. Ces avions r\u00e9alisent des missions dans des contextes instables : <strong>\u00e9vacuations m\u00e9dicales, d\u00e9ploiements en zones de guerre, ou encore largages en milieu hostile.<\/strong><\/p>\n<p>Le syst\u00e8me sera fourni par <strong>Elbit Systems<\/strong>, entreprise isra\u00e9lienne sp\u00e9cialis\u00e9e dans l\u2019\u00e9lectronique de d\u00e9fense. L\u2019int\u00e9gration sera assur\u00e9e sur les sites Airbus de <strong>Manching (Allemagne), Getafe et S\u00e9ville (Espagne)<\/strong>, lors des p\u00e9riodes de maintenance r\u00e9guli\u00e8res. Ce choix permet de limiter les indisponibilit\u00e9s op\u00e9rationnelles.<\/p>\n<p><strong>La certification du syst\u00e8me est pr\u00e9vue pour l\u2019\u00e9t\u00e9 2025.<\/strong> Les installations s\u2019\u00e9taleront ensuite jusqu\u2019en 2032.<\/p>\n<p><strong>Une architecture d\u00e9fensive int\u00e9gr\u00e9e et modulaire<\/strong><\/p>\n<p>Les A400M ne sont pas tous destin\u00e9s aux m\u00eames missions. Ceux affect\u00e9s \u00e0 la logistique intercontinentale (transport de mat\u00e9riel lourd, v\u00e9hicules blind\u00e9s, ou h\u00e9licopt\u00e8res) ne seront pas \u00e9quip\u00e9s du DIRCM. Ce dernier cible exclusivement <strong>les appareils expos\u00e9s aux menaces sol-air lors d\u2019op\u00e9rations proches du terrain.<\/strong><\/p>\n<p>Cela signifie que <strong>l\u2019architecture d\u00e9fensive est d\u00e9sormais adapt\u00e9e au profil de mission.<\/strong> C\u2019est un pas important dans la conception modulaire des a\u00e9ronefs militaires : chaque composant devient optionnel selon l\u2019usage r\u00e9el.<\/p>\n<p><strong>Une technologie laser active, automatis\u00e9e et pr\u00e9cise<\/strong><\/p>\n<p>Le DIRCM repose sur une combinaison de capteurs infrarouges, de syst\u00e8mes de suivi optique et d\u2019un laser \u00e0 haute fr\u00e9quence. <strong>Le faisceau est dirig\u00e9 avec une grande pr\u00e9cision vers l\u2019ogive du missile<\/strong>, ce qui provoque une d\u00e9sorientation de son syst\u00e8me de guidage thermique.<\/p>\n<p>Contrairement aux leurres thermiques passifs (comme les fameuses \u201cflares\u201d), cette technologie <strong>agit activement et sp\u00e9cifiquement sur le missile identifi\u00e9<\/strong>, sans se contenter de distraire l\u2019ensemble des menaces environnantes.<\/p>\n<p><strong>Le laser utilis\u00e9 est inoffensif pour l\u2019\u00e9quipage et le mat\u00e9riel alli\u00e9.<\/strong> Il est calibr\u00e9 pour agir uniquement \u00e0 distance et sur des capteurs thermiques sensibles.<\/p>\n<p><strong>Pourquoi cela concerne aussi les sciences appliqu\u00e9es au lyc\u00e9e<\/strong><\/p>\n<p>La mise en \u0153uvre du DIRCM est un excellent exemple de <strong>physique appliqu\u00e9e et d\u2019ing\u00e9nierie avanc\u00e9e.<\/strong> On y retrouve plusieurs disciplines crois\u00e9es :<\/p>\n<ul>\n<li><strong>L\u2019optique et l\u2019infrarouge<\/strong> : d\u00e9tection, focalisation, absorption thermique.<\/li>\n<li><strong>La robotique et la cin\u00e9matique<\/strong> : orientation dynamique du faisceau.<\/li>\n<li><strong>L\u2019\u00e9lectronique de puissance<\/strong> : alimentation du syst\u00e8me dans un environnement a\u00e9rien contraint.<\/li>\n<li><strong>L\u2019automatique et l\u2019intelligence embarqu\u00e9e<\/strong> : r\u00e9action instantan\u00e9e sans intervention humaine.<\/li>\n<\/ul>\n<p>Comprendre ces syst\u00e8mes permet aux \u00e9l\u00e8ves de sp\u00e9cialit\u00e9 sciences de <strong>relier la th\u00e9orie des cours \u00e0 des applications concr\u00e8tes et strat\u00e9giques.<\/strong> C\u2019est une occasion unique d\u2019explorer les liens entre d\u00e9fense, innovation et physique moderne.<\/p>\n<p><strong>Un futur standard pour les missions \u00e0 risque<\/strong><\/p>\n<p>En int\u00e9grant le DIRCM, <strong>l\u2019A400M franchit une \u00e9tape dans la protection active de ses \u00e9quipages.<\/strong> Ce type de contre-mesure n\u2019\u00e9tait jusque-l\u00e0 r\u00e9serv\u00e9 qu\u2019aux avions de chasse ou aux h\u00e9licopt\u00e8res de combat. Son adaptation \u00e0 un avion de transport tactique montre <strong>l\u2019\u00e9volution des menaces sur le terrain et la r\u00e9ponse technologique apport\u00e9e par l\u2019industrie.<\/strong><\/p>\n<p>Les prochaines ann\u00e9es permettront de valider l\u2019efficacit\u00e9 du syst\u00e8me sur le terrain. <strong>Si les tests en vol sont concluants, cette technologie pourrait devenir un standard pour l\u2019ensemble des flottes militaires op\u00e9rant en zone de crise.<\/strong><\/p>\n","protected":false},"excerpt":{"rendered":"Transporter des troupes, ravitailler en plein vol, \u00e9vacuer des bless\u00e9s : l\u2019A400M est un avion multit\u00e2che. Depuis plusieurs&hellip;\n","protected":false},"author":2,"featured_media":162063,"comment_status":"","ping_status":"","sticky":false,"template":"","format":"standard","meta":{"footnotes":""},"categories":[6],"tags":[36,37,35,33,34,1011,27],"class_list":{"0":"post-162062","1":"post","2":"type-post","3":"status-publish","4":"format-standard","5":"has-post-thumbnail","7":"category-economie","8":"tag-airbus","9":"tag-avion","10":"tag-business","11":"tag-economie","12":"tag-economy","13":"tag-fr","14":"tag-france"},"share_on_mastodon":{"url":"https:\/\/pubeurope.com\/@fr\/114650547720755012","error":""},"_links":{"self":[{"href":"https:\/\/www.europesays.com\/fr\/wp-json\/wp\/v2\/posts\/162062","targetHints":{"allow":["GET"]}}],"collection":[{"href":"https:\/\/www.europesays.com\/fr\/wp-json\/wp\/v2\/posts"}],"about":[{"href":"https:\/\/www.europesays.com\/fr\/wp-json\/wp\/v2\/types\/post"}],"author":[{"embeddable":true,"href":"https:\/\/www.europesays.com\/fr\/wp-json\/wp\/v2\/users\/2"}],"replies":[{"embeddable":true,"href":"https:\/\/www.europesays.com\/fr\/wp-json\/wp\/v2\/comments?post=162062"}],"version-history":[{"count":0,"href":"https:\/\/www.europesays.com\/fr\/wp-json\/wp\/v2\/posts\/162062\/revisions"}],"wp:featuredmedia":[{"embeddable":true,"href":"https:\/\/www.europesays.com\/fr\/wp-json\/wp\/v2\/media\/162063"}],"wp:attachment":[{"href":"https:\/\/www.europesays.com\/fr\/wp-json\/wp\/v2\/media?parent=162062"}],"wp:term":[{"taxonomy":"category","embeddable":true,"href":"https:\/\/www.europesays.com\/fr\/wp-json\/wp\/v2\/categories?post=162062"},{"taxonomy":"post_tag","embeddable":true,"href":"https:\/\/www.europesays.com\/fr\/wp-json\/wp\/v2\/tags?post=162062"}],"curies":[{"name":"wp","href":"https:\/\/api.w.org\/{rel}","templated":true}]}}