{"id":162064,"date":"2025-06-09T00:21:09","date_gmt":"2025-06-09T00:21:09","guid":{"rendered":"https:\/\/www.europesays.com\/fr\/162064\/"},"modified":"2025-06-09T00:21:09","modified_gmt":"2025-06-09T00:21:09","slug":"javier-milei-traite-pedro-sanchez-de-voyou-pendant-sa-visite-a-madrid","status":"publish","type":"post","link":"https:\/\/www.europesays.com\/fr\/162064\/","title":{"rendered":"Javier Milei traite Pedro Sanchez de \u00abvoyou\u00bb pendant sa visite \u00e0 Madrid"},"content":{"rendered":"<p>\u00abSachez que je serai toujours \u00e0 vos c\u00f4t\u00e9s lorsqu\u2019il s\u2019agira de s\u2019opposer aux socialistes\u00bb, a \u00e9galement clam\u00e9 le pr\u00e9sident argentin, qui s\u2019est exprim\u00e9 dimanche soir lors du Forum \u00e9conomique de Madrid.<\/p>\n<p class=\"fig-paragraph\">Le pr\u00e9sident ultralib\u00e9ral argentin Javier Milei a renouvel\u00e9 dimanche ses critiques \u00e0 l&rsquo;encontre du premier ministre espagnol Pedro S\u00e1nchez, le qualifiant de \u00abvoyou\u00bb lors d&rsquo;une visite \u00e0 Madrid pour un forum \u00e9conomique. Les deux dirigeants s&rsquo;\u00e9taient affront\u00e9s l&rsquo;ann\u00e9e derni\u00e8re lorsque Javier Milei avait sugg\u00e9r\u00e9 que la\u00a0<a href=\"http:\/\/www.lefigaro.fr\/international\/espagne-apres-sa-femme-et-son-bras-droit-le-frere-de-pedro-sanchez-convoque-devant-la-justice-20250109\" data-fig-type=\"Article\" data-gtm-custom-categorie=\"navigation\" data-gtm-custom-action=\"crossclick\" data-gtm-custom-label=\"Contextuel\" data-gtm-event=\"customEventSPE\" data-fig-domain=\"LEFIGARO\" target=\"_blank\" rel=\"noopener\">femme de Pedro Sanchez \u00e9tait corrompue<\/a>, conduisant Madrid \u00e0 rappeler son ambassadeur de Buenos Aires.<\/p>\n<p class=\"fig-paragraph\">Javier Milei s&rsquo;est exprim\u00e9 dimanche soir lors du Forum \u00e9conomique de Madrid, un rassemblement libertaire. Alors que de la musique rock \u00e9tait diffus\u00e9e et que certains participants criaient des insultes \u00e0 l&rsquo;encontre de Pedro S\u00e1nchez,\u00a0<a href=\"http:\/\/www.lefigaro.fr\/flash-eco\/argentine-contre-l-avis-de-javier-milei-la-justice-autorise-la-vente-d-une-filiale-de-telefonica-20250607\" data-fig-type=\"NewsFlash\" data-gtm-custom-categorie=\"navigation\" data-gtm-custom-action=\"crossclick\" data-gtm-custom-label=\"Contextuel\" data-gtm-event=\"customEventSPE\" data-fig-domain=\"LEFIGARO\" target=\"_blank\" rel=\"noopener\">Javier Milei<\/a>\u00a0a fait des gestes \u00e9nergiques et s&rsquo;en est pris au dirigeant espagnol.<\/p>\n<p>\u00abNous avons besoin de vous\u00bb<\/p>\n<p class=\"fig-paragraph\">\u00abSi vous voulez aussi malmener le voyou local, je n&rsquo;y vois pas d&rsquo;inconv\u00e9nient\u00bb, a d\u00e9clar\u00e9 Javier Milei en faisant r\u00e9f\u00e9rence \u00e0 Pedro S\u00e1nchez. Plus tard, dans un discours ax\u00e9 sur la d\u00e9fense de ses politiques \u00e9conomiques, Javier Milei a r\u00e9pondu \u00e0 des membres du public criant \u00abNous avons besoin de vous ici\u00a0!\u00bb : \u00abSachez que je serai toujours \u00e0 vos c\u00f4t\u00e9s lorsqu&rsquo;il s&rsquo;agira de s&rsquo;opposer aux socialistes\u00bb.<\/p>\n<p class=\"fig-paragraph\">Ces commentaires interviennent quelques heures apr\u00e8s que des\u00a0<a href=\"http:\/\/www.lefigaro.fr\/international\/mafia-ou-democratie-a-madrid-une-grande-manifestation-contre-pedro-sanchez-accuse-de-corruption-20250608\" data-fig-type=\"NewsFlash\" data-gtm-custom-categorie=\"navigation\" data-gtm-custom-action=\"crossclick\" data-gtm-custom-label=\"Contextuel\" data-gtm-event=\"customEventSPE\" data-fig-domain=\"LEFIGARO\" target=\"_blank\" rel=\"noopener\">dizaines de milliers de personnes se sont rassembl\u00e9es \u00e0 Madrid<\/a>\u00a0lors d&rsquo;une manifestation organis\u00e9e par les partis d&rsquo;opposition, accusant le gouvernement de Pedro S\u00e1nchez de corruption.<\/p>\n<p class=\"fig-paragraph\">L&rsquo;\u00e9pouse de Pedro S\u00e1nchez, son fr\u00e8re et un ancien collaborateur de haut niveau font l&rsquo;objet d&rsquo;une enqu\u00eate dans le cadre d&rsquo;affaires de corruption distinctes. Pedro S\u00e1nchez a rejet\u00e9 ces enqu\u00eates comme faisant partie d&rsquo;une \u00abcampagne de diffamation\u00bb de la droite visant \u00e0 faire tomber son gouvernement. Javier Milei doit ensuite rallier Nice, o\u00f9 son agenda annonce une rencontre avec le pr\u00e9sident fran\u00e7ais Emmanuel Macron le lundi 9, en marge du\u00a0<a href=\"http:\/\/www.lefigaro.fr\/sciences\/a-nice-un-defile-de-bateaux-de-legende-en-prelude-au-sommet-sur-les-oceans-20250608\" data-fig-type=\"Article\" data-gtm-custom-categorie=\"navigation\" data-gtm-custom-action=\"crossclick\" data-gtm-custom-label=\"Contextuel\" data-gtm-event=\"customEventSPE\" data-fig-domain=\"LEFIGARO\" target=\"_blank\" rel=\"noopener\">sommet des oc\u00e9ans<\/a>.<\/p>\n","protected":false},"excerpt":{"rendered":"\u00abSachez que je serai toujours \u00e0 vos c\u00f4t\u00e9s lorsqu\u2019il s\u2019agira de s\u2019opposer aux socialistes\u00bb, a \u00e9galement clam\u00e9 le&hellip;\n","protected":false},"author":2,"featured_media":162065,"comment_status":"","ping_status":"","sticky":false,"template":"","format":"standard","meta":{"footnotes":""},"categories":[5],"tags":[259,11,260,1011,27,14,5924,9471,261,12,122,262,28],"class_list":{"0":"post-162064","1":"post","2":"type-post","3":"status-publish","4":"format-standard","5":"has-post-thumbnail","7":"category-international","8":"tag-actualite-internationale","9":"tag-actualites","10":"tag-affaires-etrangeres","11":"tag-fr","12":"tag-france","13":"tag-international","14":"tag-javier-milei","15":"tag-madrid","16":"tag-ministere-des-affaires-etrangeres","17":"tag-news","18":"tag-pedro-sanchez","19":"tag-politique-etrangere","20":"tag-world"},"share_on_mastodon":{"url":"https:\/\/pubeurope.com\/@fr\/114650551612443045","error":""},"_links":{"self":[{"href":"https:\/\/www.europesays.com\/fr\/wp-json\/wp\/v2\/posts\/162064","targetHints":{"allow":["GET"]}}],"collection":[{"href":"https:\/\/www.europesays.com\/fr\/wp-json\/wp\/v2\/posts"}],"about":[{"href":"https:\/\/www.europesays.com\/fr\/wp-json\/wp\/v2\/types\/post"}],"author":[{"embeddable":true,"href":"https:\/\/www.europesays.com\/fr\/wp-json\/wp\/v2\/users\/2"}],"replies":[{"embeddable":true,"href":"https:\/\/www.europesays.com\/fr\/wp-json\/wp\/v2\/comments?post=162064"}],"version-history":[{"count":0,"href":"https:\/\/www.europesays.com\/fr\/wp-json\/wp\/v2\/posts\/162064\/revisions"}],"wp:featuredmedia":[{"embeddable":true,"href":"https:\/\/www.europesays.com\/fr\/wp-json\/wp\/v2\/media\/162065"}],"wp:attachment":[{"href":"https:\/\/www.europesays.com\/fr\/wp-json\/wp\/v2\/media?parent=162064"}],"wp:term":[{"taxonomy":"category","embeddable":true,"href":"https:\/\/www.europesays.com\/fr\/wp-json\/wp\/v2\/categories?post=162064"},{"taxonomy":"post_tag","embeddable":true,"href":"https:\/\/www.europesays.com\/fr\/wp-json\/wp\/v2\/tags?post=162064"}],"curies":[{"name":"wp","href":"https:\/\/api.w.org\/{rel}","templated":true}]}}