{"id":162066,"date":"2025-06-09T00:22:12","date_gmt":"2025-06-09T00:22:12","guid":{"rendered":"https:\/\/www.europesays.com\/fr\/162066\/"},"modified":"2025-06-09T00:22:12","modified_gmt":"2025-06-09T00:22:12","slug":"scaer-joue-son-joker-et-remporte-la-partie-festive-en-images","status":"publish","type":"post","link":"https:\/\/www.europesays.com\/fr\/162066\/","title":{"rendered":"Sca\u00ebr joue son joker et remporte la partie festive [En images]"},"content":{"rendered":"<p>Au fil des \u00e9ditions, le Carnaval \u00e0 l\u2019Ouest a fait la r\u00e9putation de Sca\u00ebr qui a accueilli des milliers de spectateurs, ce dimanche apr\u00e8s-midi, 8 juin 2025, venus au-del\u00e0 du pays de Quimperl\u00e9 assister \u00e0 la longue et joyeuse procession des chars. Un chemin de joie de 1, 6 km boucl\u00e9 en plus de trois heures \u00e0 la plus grande satisfaction du public qui a fait le plein de souvenirs color\u00e9s sous une pluie de confettis.<\/p>\n","protected":false},"excerpt":{"rendered":"Au fil des \u00e9ditions, le Carnaval \u00e0 l\u2019Ouest a fait la r\u00e9putation de Sca\u00ebr qui a accueilli des&hellip;\n","protected":false},"author":2,"featured_media":162067,"comment_status":"","ping_status":"","sticky":false,"template":"","format":"standard","meta":{"footnotes":""},"categories":[4],"tags":[11,29453,765,1011,27,12,11878,25,29452],"class_list":{"0":"post-162066","1":"post","2":"type-post","3":"status-publish","4":"format-standard","5":"has-post-thumbnail","7":"category-france","8":"tag-actualites","9":"tag-carnaval-a-louest-scaer","10":"tag-en-continu","11":"tag-fr","12":"tag-france","13":"tag-news","14":"tag-quimperle","15":"tag-republique-francaise","16":"tag-scaer"},"share_on_mastodon":{"url":"https:\/\/pubeurope.com\/@fr\/114650555570844865","error":""},"_links":{"self":[{"href":"https:\/\/www.europesays.com\/fr\/wp-json\/wp\/v2\/posts\/162066","targetHints":{"allow":["GET"]}}],"collection":[{"href":"https:\/\/www.europesays.com\/fr\/wp-json\/wp\/v2\/posts"}],"about":[{"href":"https:\/\/www.europesays.com\/fr\/wp-json\/wp\/v2\/types\/post"}],"author":[{"embeddable":true,"href":"https:\/\/www.europesays.com\/fr\/wp-json\/wp\/v2\/users\/2"}],"replies":[{"embeddable":true,"href":"https:\/\/www.europesays.com\/fr\/wp-json\/wp\/v2\/comments?post=162066"}],"version-history":[{"count":0,"href":"https:\/\/www.europesays.com\/fr\/wp-json\/wp\/v2\/posts\/162066\/revisions"}],"wp:featuredmedia":[{"embeddable":true,"href":"https:\/\/www.europesays.com\/fr\/wp-json\/wp\/v2\/media\/162067"}],"wp:attachment":[{"href":"https:\/\/www.europesays.com\/fr\/wp-json\/wp\/v2\/media?parent=162066"}],"wp:term":[{"taxonomy":"category","embeddable":true,"href":"https:\/\/www.europesays.com\/fr\/wp-json\/wp\/v2\/categories?post=162066"},{"taxonomy":"post_tag","embeddable":true,"href":"https:\/\/www.europesays.com\/fr\/wp-json\/wp\/v2\/tags?post=162066"}],"curies":[{"name":"wp","href":"https:\/\/api.w.org\/{rel}","templated":true}]}}