{"id":162070,"date":"2025-06-09T00:24:45","date_gmt":"2025-06-09T00:24:45","guid":{"rendered":"https:\/\/www.europesays.com\/fr\/162070\/"},"modified":"2025-06-09T00:24:45","modified_gmt":"2025-06-09T00:24:45","slug":"un-recidiviste-pris-au-volant-sans-permis-ni-assurance-dans-le-quartier-bergson","status":"publish","type":"post","link":"https:\/\/www.europesays.com\/fr\/162070\/","title":{"rendered":"UN R\u00c9CIDIVISTE PRIS AU VOLANT SANS PERMIS NI ASSURANCE DANS LE QUARTIER BERGSON"},"content":{"rendered":"<p>                <a href=\"https:\/\/42info.fr\/gagnez-vos-airpods-pro\/\" target=\"_blank\" aria-label=\"Gagnez Airpod\" rel=\"nofollow noopener\"><img loading=\"lazy\" decoding=\"async\" src=\"https:\/\/www.europesays.com\/fr\/wp-content\/uploads\/2025\/05\/Gagnez-Airpod-scaled.jpg\" alt=\"\"   width=\"2560\" height=\"960\"\/><\/a><\/p>\n<p>L\u2019homme de 33 ans, d\u00e9j\u00e0 connu des services pour des infractions similaires, conduisait un v\u00e9hicule haut de gamme en situation totalement irr\u00e9guli\u00e8re.<\/p>\n<p>Un contr\u00f4le qui r\u00e9v\u00e8le de multiples infractions<\/p>\n<p>L\u2019interpellation s\u2019est d\u00e9roul\u00e9e lundi 2 juin vers 10h40 rue L\u00e9on-Leponce, dans le secteur de Bergson. Une \u00e9quipe du Groupe de s\u00e9curit\u00e9 de proximit\u00e9 effectuait des v\u00e9rifications de routine lorsqu\u2019elle a d\u00e9cid\u00e9 d\u2019intercepter le conducteur d\u2019une Mercedes GLC.<\/p>\n<p>Ce qui devait \u00eatre une simple v\u00e9rification administrative s\u2019est rapidement transform\u00e9 en interpellation. Les agents ont rapidement constat\u00e9 que l\u2019automobiliste ne poss\u00e9dait aucun permis de conduire valide et que son v\u00e9hicule circulait sans couverture d\u2019assurance.<\/p>\n<p>Un parcours marqu\u00e9 par la r\u00e9cidive<\/p>\n<p>L\u2019enqu\u00eate a r\u00e9v\u00e9l\u00e9 le pass\u00e9 judiciaire charg\u00e9 de cet homme r\u00e9sidant \u00e0 Saint-\u00c9tienne. Les forces de l\u2019ordre ont d\u00e9couvert qu\u2019il avait d\u00e9j\u00e0 \u00e9t\u00e9 appr\u00e9hend\u00e9 pour des manquements identiques au code de la route, une premi\u00e8re fois en 2021, puis de nouveau en 2023.<\/p>\n<p>Cette situation de r\u00e9cidive aggrave consid\u00e9rablement son cas et t\u00e9moigne d\u2019un m\u00e9pris persistant pour la r\u00e9glementation routi\u00e8re. Malgr\u00e9 les sanctions pr\u00e9c\u00e9dentes, l\u2019individu a continu\u00e9 \u00e0 prendre le volant en toute ill\u00e9galit\u00e9.<\/p>\n<p>Une proc\u00e9dure judiciaire imm\u00e9diate<\/p>\n<p>Face \u00e0 la gravit\u00e9 de la situation et aux ant\u00e9c\u00e9dents de l\u2019int\u00e9ress\u00e9, les forces de l\u2019ordre ont proc\u00e9d\u00e9 \u00e0 son placement en garde \u00e0 vue. Cette mesure a permis d\u2019approfondir l\u2019enqu\u00eate et de pr\u00e9parer sa pr\u00e9sentation devant l\u2019autorit\u00e9 judiciaire.<\/p>\n<p>L\u2019homme a \u00e9t\u00e9 d\u00e9f\u00e9r\u00e9 devant un magistrat qui devra statuer sur les suites \u00e0 donner \u00e0 cette nouvelle infraction. Les sanctions encourues pour conduite sans permis en r\u00e9cidive et d\u00e9faut d\u2019assurance peuvent \u00eatre particuli\u00e8rement lourdes.<\/p>\n<p>La saisie du v\u00e9hicule de luxe<\/p>\n<p>Conform\u00e9ment \u00e0 la proc\u00e9dure, la Mercedes GLC a fait l\u2019objet d\u2019une saisie par les services de police. Cette mesure, syst\u00e9matique dans ce type d\u2019affaires, vise \u00e0 emp\u00eacher la poursuite de l\u2019infraction et constitue \u00e9galement une sanction patrimoniale.<\/p>\n<p>La valeur importante de ce SUV allemand, qui repr\u00e9sente un investissement cons\u00e9quent, rend cette saisie d\u2019autant plus significative pour son propri\u00e9taire. Le v\u00e9hicule pourrait faire l\u2019objet d\u2019une confiscation d\u00e9finitive selon la d\u00e9cision du tribunal.<\/p>\n<p>Un quartier sous surveillance renforc\u00e9e<\/p>\n<p>Cette interpellation s\u2019inscrit dans le cadre des op\u00e9rations de s\u00e9curisation men\u00e9es r\u00e9guli\u00e8rement par les forces de l\u2019ordre dans le quartier de Bergson. Ces contr\u00f4les pr\u00e9ventifs visent \u00e0 lutter contre diverses formes de d\u00e9linquance et \u00e0 faire respecter la r\u00e9glementation.<\/p>\n<p>La pr\u00e9sence polici\u00e8re renforc\u00e9e dans ce secteur t\u00e9moigne de la volont\u00e9 des autorit\u00e9s de maintenir l\u2019ordre public et de sanctionner les comportements d\u00e9lictueux, qu\u2019ils concernent la s\u00e9curit\u00e9 routi\u00e8re ou d\u2019autres domaines.<\/p>\n<p>Des sanctions alourdies pour les r\u00e9cidivistes<\/p>\n<p>Cette affaire illustre les cons\u00e9quences de la r\u00e9cidive en mati\u00e8re d\u2019infractions routi\u00e8res. Les conducteurs sans permis qui persistent dans leur comportement s\u2019exposent \u00e0 des peines de plus en plus s\u00e9v\u00e8res, incluant amendes major\u00e9es, confiscation de v\u00e9hicule et peines d\u2019emprisonnement.<\/p>\n","protected":false},"excerpt":{"rendered":"L\u2019homme de 33 ans, d\u00e9j\u00e0 connu des services pour des infractions similaires, conduisait un v\u00e9hicule haut de gamme&hellip;\n","protected":false},"author":2,"featured_media":162071,"comment_status":"","ping_status":"","sticky":false,"template":"","format":"standard","meta":{"footnotes":""},"categories":[9653],"tags":[1111,11,2430,1777,674,118,1011,27,3367,12,25,4001],"class_list":{"0":"post-162070","1":"post","2":"type-post","3":"status-publish","4":"format-standard","5":"has-post-thumbnail","7":"category-saint-etienne","8":"tag-actu","9":"tag-actualites","10":"tag-auvergne-rhone-alpes","11":"tag-eu","12":"tag-europe","13":"tag-faits-divers","14":"tag-fr","15":"tag-france","16":"tag-loire","17":"tag-news","18":"tag-republique-francaise","19":"tag-saint-etienne"},"share_on_mastodon":{"url":"https:\/\/pubeurope.com\/@fr\/114650563641298441","error":""},"_links":{"self":[{"href":"https:\/\/www.europesays.com\/fr\/wp-json\/wp\/v2\/posts\/162070","targetHints":{"allow":["GET"]}}],"collection":[{"href":"https:\/\/www.europesays.com\/fr\/wp-json\/wp\/v2\/posts"}],"about":[{"href":"https:\/\/www.europesays.com\/fr\/wp-json\/wp\/v2\/types\/post"}],"author":[{"embeddable":true,"href":"https:\/\/www.europesays.com\/fr\/wp-json\/wp\/v2\/users\/2"}],"replies":[{"embeddable":true,"href":"https:\/\/www.europesays.com\/fr\/wp-json\/wp\/v2\/comments?post=162070"}],"version-history":[{"count":0,"href":"https:\/\/www.europesays.com\/fr\/wp-json\/wp\/v2\/posts\/162070\/revisions"}],"wp:featuredmedia":[{"embeddable":true,"href":"https:\/\/www.europesays.com\/fr\/wp-json\/wp\/v2\/media\/162071"}],"wp:attachment":[{"href":"https:\/\/www.europesays.com\/fr\/wp-json\/wp\/v2\/media?parent=162070"}],"wp:term":[{"taxonomy":"category","embeddable":true,"href":"https:\/\/www.europesays.com\/fr\/wp-json\/wp\/v2\/categories?post=162070"},{"taxonomy":"post_tag","embeddable":true,"href":"https:\/\/www.europesays.com\/fr\/wp-json\/wp\/v2\/tags?post=162070"}],"curies":[{"name":"wp","href":"https:\/\/api.w.org\/{rel}","templated":true}]}}