{"id":162072,"date":"2025-06-09T00:25:43","date_gmt":"2025-06-09T00:25:43","guid":{"rendered":"https:\/\/www.europesays.com\/fr\/162072\/"},"modified":"2025-06-09T00:25:43","modified_gmt":"2025-06-09T00:25:43","slug":"un-homme-interpelle-apres-une-agression-homophobe-a-saint-etienne","status":"publish","type":"post","link":"https:\/\/www.europesays.com\/fr\/162072\/","title":{"rendered":"un homme interpell\u00e9 apr\u00e8s une agression homophobe \u00e0 Saint-\u00c9tienne"},"content":{"rendered":"<p class=\"article-p mdl\">Samedi 7 juin, en marge de la marche des fiert\u00e9s LGBTQ+ <strong>de Saint-\u00c9tienne<\/strong> (Loire), <strong>un homme d&rsquo;une trentaine d&rsquo;ann\u00e9es a \u00e9t\u00e9 interpell\u00e9<\/strong>. Il est suspect\u00e9 d&rsquo;<strong>insultes <\/strong>et de <strong>violences homophobes<\/strong>.<\/p>\n<p class=\"article-p mdl\"><strong>Alcoolis\u00e9<\/strong>, cet homme s&rsquo;en est d&rsquo;abord pris \u00e0 des femmes participant \u00e0 la marche <strong>en les agressant sexuellement<\/strong>, a indiqu\u00e9 une source polici\u00e8re. Il a ensuite port\u00e9 <strong>des coups<\/strong> et fait usage d&rsquo;<strong>une bombe lacrymog\u00e8ne<\/strong> \u00e0 l&rsquo;encontre d&rsquo;un agent de s\u00e9curit\u00e9 et a tenu\u00a0<a class=\"link\" href=\"https:\/\/www.rtl.fr\/sport\/football\/ligue-1-trois-joueurs-sanctionnes-pour-leur-attitude-lors-de-la-journee-contre-l-homophobie-7900512499\" title=\"Ligue 1 : trois joueurs sanctionn\u00e9s pour leur attitude lors de la journ\u00e9e contre l&#039;homophobie\" target=\"_blank\" rel=\"noopener\">des propos homophobes<\/a>\u00a0envers l&rsquo;organisateur de l&rsquo;\u00e9v\u00e9nement.\u00a0<strong>Tous deux ont port\u00e9 plainte.<\/strong><\/p>\n<p class=\"article-p mdl\">Une troisi\u00e8me plainte \u00e9mane de <strong>policiers municipaux outrag\u00e9s et menac\u00e9s de mort<\/strong> lors de son interpellation, vers 21 heures, dans le centre-ville de<a class=\"link\" href=\"https:\/\/www.rtl.fr\/sport\/football\/saint-etienne-lyon-homme-interpelle-sanctions-ce-que-l-on-sait-apres-le-jet-de-projectile-sur-un-arbitre-7900496499\" target=\"_blank\" rel=\"noopener\"> Saint-\u00c9tienne<\/a>, a pr\u00e9cis\u00e9 une autre source polici\u00e8re. L&rsquo;enqu\u00eate pourra \u00eatre \u00e9largie \u00e0\u00a0<a class=\"link\" href=\"https:\/\/www.rtl.fr\/actu\/international\/proces-p-diddy-le-rappeur-aurait-menace-de-tuer-son-rival-kid-cudi-selon-une-ancienne-employee-7900510394\" target=\"_blank\" rel=\"noopener\">des faits d&rsquo;agression sexuelle<\/a>\u00a0si les jeunes femmes d\u00e9posent plainte \u00e0 leur tour.<\/p>\n<p class=\"article-p mdl\">Plac\u00e9 en garde \u00e0 vue dans le cadre d&rsquo;une<strong> enqu\u00eate ouverte pour \u00ab\u00a0insultes et violences \u00e0 caract\u00e8re homophobe\u00a0\u00bb<\/strong>, il ne s&rsquo;est \u00ab\u00a0pas montr\u00e9 coop\u00e9ratif avec la police nationale qui l&rsquo;a pris en charge, refusant de d\u00e9cliner son identit\u00e9 ainsi que le contr\u00f4le d&rsquo;alcool\u00e9mie qui lui \u00e9tait propos\u00e9\u00a0\u00bb, selon cette source polici\u00e8re.<\/p>\n<p>    La r\u00e9daction vous recommande<\/p>\n<p class=\"s-newsletter__title\">\n                L\u2019actualit\u00e9 par la r\u00e9daction de RTL dans votre bo\u00eete mail.\n            <\/p>\n<p class=\"s-newsletter__subtitle\">\n                Gr\u00e2ce \u00e0 votre compte RTL abonnez-vous \u00e0 la newsletter RTL info pour suivre toute l&rsquo;actualit\u00e9 au quotidien\n            <\/p>\n<p>\n                                    Lire la suite\n                                <\/p>\n","protected":false},"excerpt":{"rendered":"Samedi 7 juin, en marge de la marche des fiert\u00e9s LGBTQ+ de Saint-\u00c9tienne (Loire), un homme d&rsquo;une trentaine&hellip;\n","protected":false},"author":2,"featured_media":162073,"comment_status":"","ping_status":"","sticky":false,"template":"","format":"standard","meta":{"footnotes":""},"categories":[9653],"tags":[1111,11,1120,1267,2430,1777,674,107,1011,27,8717,303,1249,12,1072,25,4001],"class_list":{"0":"post-162072","1":"post","2":"type-post","3":"status-publish","4":"format-standard","5":"has-post-thumbnail","7":"category-saint-etienne","8":"tag-actu","9":"tag-actualites","10":"tag-agression","11":"tag-agression-sexuelle","12":"tag-auvergne-rhone-alpes","13":"tag-eu","14":"tag-europe","15":"tag-fil-info","16":"tag-fr","17":"tag-france","18":"tag-homophobie","19":"tag-justice","20":"tag-justice-francaise","21":"tag-news","22":"tag-police","23":"tag-republique-francaise","24":"tag-saint-etienne"},"share_on_mastodon":{"url":"https:\/\/pubeurope.com\/@fr\/114650567322691651","error":""},"_links":{"self":[{"href":"https:\/\/www.europesays.com\/fr\/wp-json\/wp\/v2\/posts\/162072","targetHints":{"allow":["GET"]}}],"collection":[{"href":"https:\/\/www.europesays.com\/fr\/wp-json\/wp\/v2\/posts"}],"about":[{"href":"https:\/\/www.europesays.com\/fr\/wp-json\/wp\/v2\/types\/post"}],"author":[{"embeddable":true,"href":"https:\/\/www.europesays.com\/fr\/wp-json\/wp\/v2\/users\/2"}],"replies":[{"embeddable":true,"href":"https:\/\/www.europesays.com\/fr\/wp-json\/wp\/v2\/comments?post=162072"}],"version-history":[{"count":0,"href":"https:\/\/www.europesays.com\/fr\/wp-json\/wp\/v2\/posts\/162072\/revisions"}],"wp:featuredmedia":[{"embeddable":true,"href":"https:\/\/www.europesays.com\/fr\/wp-json\/wp\/v2\/media\/162073"}],"wp:attachment":[{"href":"https:\/\/www.europesays.com\/fr\/wp-json\/wp\/v2\/media?parent=162072"}],"wp:term":[{"taxonomy":"category","embeddable":true,"href":"https:\/\/www.europesays.com\/fr\/wp-json\/wp\/v2\/categories?post=162072"},{"taxonomy":"post_tag","embeddable":true,"href":"https:\/\/www.europesays.com\/fr\/wp-json\/wp\/v2\/tags?post=162072"}],"curies":[{"name":"wp","href":"https:\/\/api.w.org\/{rel}","templated":true}]}}