{"id":162080,"date":"2025-06-09T00:32:17","date_gmt":"2025-06-09T00:32:17","guid":{"rendered":"https:\/\/www.europesays.com\/fr\/162080\/"},"modified":"2025-06-09T00:32:17","modified_gmt":"2025-06-09T00:32:17","slug":"primark-debarque-a-montpellier-et-recrute-plus-de-200-personnes","status":"publish","type":"post","link":"https:\/\/www.europesays.com\/fr\/162080\/","title":{"rendered":"Primark d\u00e9barque \u00e0 Montpellier et recrute plus de 200 personnes !"},"content":{"rendered":"<p><img decoding=\"async\" class=\"\" style=\"width:100%\" src=\"https:\/\/www.europesays.com\/fr\/wp-content\/uploads\/2025\/06\/primark1749109500466.jpg\" alt=\"Primark\"\/><\/p>\n<p>Cr\u00e9dit : DR\/ Photo d&rsquo;illustration<\/p>\n<p> <strong>Les recrutements, c\u2019est pour bient\u00f4t !<\/strong><\/p>\n<p>\u00a0<\/p>\n<p>Les sessions de recrutement commencent dans 10 petits jours, <strong>du 17 au 27 juin, tous les jours de 9h \u00e0 18h, m\u00eame le samedi <\/strong>(plut\u00f4t pratique pour ceux qui bossent en semaine). Elles se d\u00e9roulent <strong>\u00e0 Montpellier<\/strong> et sont organis\u00e9es en partenariat avec France Travail et d\u2019autres acteurs locaux de l\u2019emploi.<\/p>\n<p>Ce sera l\u2019occasion pour les candidats de rencontrer l\u2019\u00e9quipe manag\u00e9riale du futur magasin, qui lui, <strong>ouvrira dans le quartier d\u2019Odysseum \u00e0 l\u2019automne.<\/strong><\/p>\n<p>Chaque session comprendra :<\/p>\n<ul>\n<li><strong>une pr\u00e9sentation de la marque,<\/strong><\/li>\n<li><strong>un petit exercice collectif<\/strong>,<\/li>\n<li><strong>puis un entretien individuel avec un manager.<\/strong><\/li>\n<\/ul>\n<p>Pour participer, il suffit de s\u2019inscrire \u00e0 l\u2019avance et de choisir un cr\u00e9neau sur <a href=\"https:\/\/careers.primark.com\/fr\" rel=\"noopener\" target=\"_blank\">le site de Primark,<\/a> o\u00f9 toutes les infos pratiques sont disponibles.<\/p>\n<p>\u00a0<\/p>\n<p><strong>Quels postes sont \u00e0 saisir ?<\/strong><\/p>\n<p>\u00a0<\/p>\n<p>Primark recherche :<\/p>\n<ul>\n<li><strong>200 vendeurs polyvalents en CDI<\/strong>, \u00e0 25h ou 35h\/semaine,<\/li>\n<li><strong>8 visual merchandisers <\/strong>\u00e0 25h ou 35h\/semaine,<\/li>\n<li>Et <strong>des postes \u00e9tudiants \u00e0 8h\/semaine<\/strong>, parfaits pour se faire un petit compl\u00e9ment.<\/li>\n<\/ul>\n<p>\u00c0 noter :<strong> une journ\u00e9e de recrutement sp\u00e9cifique sera d\u00e9di\u00e9e aux personnes en situation de handicap<\/strong>, dans le cadre de l\u2019engagement de Primark pour plus d\u2019inclusion.<\/p>\n<p>\u00a0<\/p>\n<p><strong>Un mot sur Primark (pour les quelques personnes qui ne connaissent pas)<\/strong><\/p>\n<p>\u00a0<\/p>\n<p>Primark, c\u2019est cette marque de pr\u00eat-\u00e0-porter \u00e0 prix cass\u00e9s qui cartonne en Europe et aux \u00c9tats-Unis, avec plus de 80 000 collaborateurs dans 17 pays. <strong>En France, 28 magasins sont d\u00e9j\u00e0 ouverts&#8230; <\/strong>mais jusqu\u2019ici, aucun \u00e0 Montpellier ou aux alentours. Les plus motiv\u00e9s devaient aller jusqu\u2019\u00e0 Toulouse ou Marseille pour shopper leurs pi\u00e8ces pr\u00e9f\u00e9r\u00e9es. <strong>Le magasin sera aussi tr\u00e8s accessible depuis les autres villes de la r\u00e9gion<\/strong> (N\u00eemes, S\u00e8te, B\u00e9ziers, Narbonne, Perpignan&#8230;) car \u00e0 seulement quelques minutes de l&rsquo;A709.<\/p>\n","protected":false},"excerpt":{"rendered":"Cr\u00e9dit : DR\/ Photo d&rsquo;illustration Les recrutements, c\u2019est pour bient\u00f4t ! \u00a0 Les sessions de recrutement commencent dans&hellip;\n","protected":false},"author":2,"featured_media":162081,"comment_status":"","ping_status":"","sticky":false,"template":"","format":"standard","meta":{"footnotes":""},"categories":[9599],"tags":[29459,1111,11,29457,341,29462,1777,674,29461,1011,27,530,1943,15498,2681,18358,985,2208,12,2680,29454,1103,17697,7099,25,29458,29460,29455,29456],"class_list":{"0":"post-162080","1":"post","2":"type-post","3":"status-publish","4":"format-standard","5":"has-post-thumbnail","7":"category-montpellier","8":"tag-accessibilite-regionale","9":"tag-actu","10":"tag-actualites","11":"tag-cdi","12":"tag-emploi","13":"tag-entretien-individuel","14":"tag-eu","15":"tag-europe","16":"tag-exercice-collectif","17":"tag-fr","18":"tag-france","19":"tag-france-travail","20":"tag-handicap","21":"tag-inclusion","22":"tag-languedoc-roussillon","23":"tag-magasin","24":"tag-mode","25":"tag-montpellier","26":"tag-news","27":"tag-occitanie","28":"tag-odysseum","29":"tag-pret-a-porter","30":"tag-primark","31":"tag-recrutement","32":"tag-republique-francaise","33":"tag-sessions-de-recrutement","34":"tag-shopping-a-petits-prix","35":"tag-vendeurs-polyvalents","36":"tag-visual-merchandisers"},"share_on_mastodon":{"url":"https:\/\/pubeurope.com\/@fr\/114650594915496744","error":""},"_links":{"self":[{"href":"https:\/\/www.europesays.com\/fr\/wp-json\/wp\/v2\/posts\/162080","targetHints":{"allow":["GET"]}}],"collection":[{"href":"https:\/\/www.europesays.com\/fr\/wp-json\/wp\/v2\/posts"}],"about":[{"href":"https:\/\/www.europesays.com\/fr\/wp-json\/wp\/v2\/types\/post"}],"author":[{"embeddable":true,"href":"https:\/\/www.europesays.com\/fr\/wp-json\/wp\/v2\/users\/2"}],"replies":[{"embeddable":true,"href":"https:\/\/www.europesays.com\/fr\/wp-json\/wp\/v2\/comments?post=162080"}],"version-history":[{"count":0,"href":"https:\/\/www.europesays.com\/fr\/wp-json\/wp\/v2\/posts\/162080\/revisions"}],"wp:featuredmedia":[{"embeddable":true,"href":"https:\/\/www.europesays.com\/fr\/wp-json\/wp\/v2\/media\/162081"}],"wp:attachment":[{"href":"https:\/\/www.europesays.com\/fr\/wp-json\/wp\/v2\/media?parent=162080"}],"wp:term":[{"taxonomy":"category","embeddable":true,"href":"https:\/\/www.europesays.com\/fr\/wp-json\/wp\/v2\/categories?post=162080"},{"taxonomy":"post_tag","embeddable":true,"href":"https:\/\/www.europesays.com\/fr\/wp-json\/wp\/v2\/tags?post=162080"}],"curies":[{"name":"wp","href":"https:\/\/api.w.org\/{rel}","templated":true}]}}