{"id":162085,"date":"2025-06-09T00:41:09","date_gmt":"2025-06-09T00:41:09","guid":{"rendered":"https:\/\/www.europesays.com\/fr\/162085\/"},"modified":"2025-06-09T00:41:09","modified_gmt":"2025-06-09T00:41:09","slug":"lelsau-portugais-dix-ans-apres","status":"publish","type":"post","link":"https:\/\/www.europesays.com\/fr\/162085\/","title":{"rendered":"l\u2019Elsau Portugais, dix ans apr\u00e8s"},"content":{"rendered":"<p>le d\u00e9but de match est pourtant en faveur des Strasbourgeois de la Menora qui concr\u00e9tisent leur domination par un but sur coup franc. Apr\u00e8s un joli d\u00e9boul\u00e9 d\u2019Occolier au bout duquel il r\u00e9colte une faute \u00e0 l\u2019entr\u00e9e de la surface sur la gauche, c\u2019est El Houchni qui s\u2019en charge et qui brosse parfaitement son ballon, le logeant sous la barre transversale (1-0, 14e ).<\/p>\n<p>Sans se rel\u00e2cher, les joueurs de la Menora vont aggraver le score en faisant mal \u00e0 leurs adversaires sur des phases de jeu rapides.<\/p>\n<p>Apr\u00e8s une&#8230;<\/p>\n","protected":false},"excerpt":{"rendered":"le d\u00e9but de match est pourtant en faveur des Strasbourgeois de la Menora qui concr\u00e9tisent leur domination par&hellip;\n","protected":false},"author":2,"featured_media":162086,"comment_status":"","ping_status":"","sticky":false,"template":"","format":"standard","meta":{"footnotes":""},"categories":[2820],"tags":[1111,11,2389,2649,2880,4373,1777,674,107,63,1011,27,775,12,25,517,640,3089],"class_list":{"0":"post-162085","1":"post","2":"type-post","3":"status-publish","4":"format-standard","5":"has-post-thumbnail","7":"category-strasbourg","8":"tag-actu","9":"tag-actualites","10":"tag-alsace","11":"tag-bas-rhin","12":"tag-edition-strasbourg","13":"tag-eschau","14":"tag-eu","15":"tag-europe","16":"tag-fil-info","17":"tag-football","18":"tag-fr","19":"tag-france","20":"tag-grand-est","21":"tag-news","22":"tag-republique-francaise","23":"tag-sport","24":"tag-strasbourg","25":"tag-strasbourg-sud"},"share_on_mastodon":{"url":"https:\/\/pubeurope.com\/@fr\/114650630286246125","error":""},"_links":{"self":[{"href":"https:\/\/www.europesays.com\/fr\/wp-json\/wp\/v2\/posts\/162085","targetHints":{"allow":["GET"]}}],"collection":[{"href":"https:\/\/www.europesays.com\/fr\/wp-json\/wp\/v2\/posts"}],"about":[{"href":"https:\/\/www.europesays.com\/fr\/wp-json\/wp\/v2\/types\/post"}],"author":[{"embeddable":true,"href":"https:\/\/www.europesays.com\/fr\/wp-json\/wp\/v2\/users\/2"}],"replies":[{"embeddable":true,"href":"https:\/\/www.europesays.com\/fr\/wp-json\/wp\/v2\/comments?post=162085"}],"version-history":[{"count":0,"href":"https:\/\/www.europesays.com\/fr\/wp-json\/wp\/v2\/posts\/162085\/revisions"}],"wp:featuredmedia":[{"embeddable":true,"href":"https:\/\/www.europesays.com\/fr\/wp-json\/wp\/v2\/media\/162086"}],"wp:attachment":[{"href":"https:\/\/www.europesays.com\/fr\/wp-json\/wp\/v2\/media?parent=162085"}],"wp:term":[{"taxonomy":"category","embeddable":true,"href":"https:\/\/www.europesays.com\/fr\/wp-json\/wp\/v2\/categories?post=162085"},{"taxonomy":"post_tag","embeddable":true,"href":"https:\/\/www.europesays.com\/fr\/wp-json\/wp\/v2\/tags?post=162085"}],"curies":[{"name":"wp","href":"https:\/\/api.w.org\/{rel}","templated":true}]}}