{"id":162089,"date":"2025-06-09T00:43:10","date_gmt":"2025-06-09T00:43:10","guid":{"rendered":"https:\/\/www.europesays.com\/fr\/162089\/"},"modified":"2025-06-09T00:43:10","modified_gmt":"2025-06-09T00:43:10","slug":"financements-protection-marine-exploitation-miniere-ce-quil-faut-attendre-du-sommet-sur-locean-a-nice","status":"publish","type":"post","link":"https:\/\/www.europesays.com\/fr\/162089\/","title":{"rendered":"Financements, protection marine, exploitation mini\u00e8re\u2026 Ce qu\u2019il faut attendre du sommet sur l\u2019oc\u00e9an \u00e0 Nice"},"content":{"rendered":"<p>Les dirigeants de la plan\u00e8te <a target=\"_self\" href=\"https:\/\/www.lanouvellerepublique.fr\/a-la-une\/a-nice-emmanuel-macron-et-de-nombreux-chefs-d-etats-attendus-pour-un-sommet-de-mobilisation-sur-l-ocean-1749368089\" rel=\"nofollow noopener\">se retrouvent \u00e0 Nice<\/a>, \u00e0 partir de dimanche, pour discuter de l\u2019urgence mondiale qui menace les oc\u00e9ans. Que faut-il attendre de significatif de cette conf\u00e9rence onusienne, qui d\u00e9bute lundi, alors que les ONG et les petits \u00c9tats insulaires esp\u00e8rent que ce sommet sur la C\u00f4te d&rsquo;Azur, ira au-del\u00e0 des simples discours sur une s\u00e9rie d\u2019enjeux \u00e0 l\u2019actualit\u00e9 br\u00fblante.<\/p>\n<p><strong>Les aires marines prot\u00e9g\u00e9es.<\/strong> La cr\u00e9ation de nouvelles aires marines prot\u00e9g\u00e9es (AMP) devrait \u00eatre annonc\u00e9e \u00e0 Nice par plusieurs gouvernements, ce qui pourrait permettre d\u2019atteindre 10\u00a0% de protection au niveau mondial, contre 8,36\u00a0% aujourd\u2019hui, selon le cabinet de la ministre de la Transition \u00e9cologique, Agn\u00e8s Pannier-Runacher. La communaut\u00e9 internationale s\u2019est fix\u00e9 un objectif de 30\u00a0% de protection en 2030 mais au rythme actuel, cet objectif ne sera pas atteint avant 2107, selon Greenpeace.<\/p>\n<p>\u00ab\u00a0Ce qui nous manque encore, c\u2019est l\u2019ambition\u00a0\u00bb<\/p>\n<p>Au-del\u00e0 de la quantit\u00e9, la protection doit \u00e9galement \u00eatre de meilleure qualit\u00e9, estiment les ONG, car de nombreux pays n\u2019imposent pratiquement aucune r\u00e8gle au sein de leurs parcs marins, autorisant par exemple le chalutage de fond, une pratique de p\u00eache jug\u00e9e destructrice. Au niveau mondial, seulement 2,7\u00a0% de l\u2019oc\u00e9an b\u00e9n\u00e9ficie des plus hauts niveaux de protection, un chiffre qui tombe \u00e0 0,1\u00a0% pour les eaux de France m\u00e9tropolitaine.<\/p>\n<p><strong>La haute mer.<\/strong> Un des points cl\u00e9s pour atteindre les objectifs en mati\u00e8re d\u2019aires marines prot\u00e9g\u00e9es est la ratification du trait\u00e9 sur la Haute Mer. Sign\u00e9 par 110 \u00c9tats en 2023, celui-ci doit permettre de mieux prot\u00e9ger la vie marine dans les eaux internationales, soit au-del\u00e0 de 370\u00a0km des c\u00f4tes.<\/p>\n<p>\u00c0 ce jour, 32 pays ainsi que l\u2019Union europ\u00e9enne l\u2019ont ratifi\u00e9 et d\u2019autres pourraient le faire la semaine prochaine, alors que la France esp\u00e9rait r\u00e9unir 60 ratifications \u00e0 Nice pour permettre une entr\u00e9e en vigueur du trait\u00e9 d\u00e8s 2026. Paris entend d\u00e9sormais atteindre ce chiffre avant la fin de l\u2019ann\u00e9e 2025.<\/p>\n<p><strong>L\u2019exploitation des abysses.<\/strong> La France devrait profiter du sommet pour tenter de convaincre plus de pays de rejoindre la coalition en faveur d\u2019un moratoire sur l\u2019exploitation des grands fonds marins. En l\u2019\u00e9tat, elle ne rassemble que 33 pays. Un \u00e9largissement de cette alliance enverrait un signal au pr\u00e9sident am\u00e9ricain, Donald Trump, qui a d\u00e9cid\u00e9 unilat\u00e9ralement d\u2019autoriser cette pratique dans les eaux internationales du Pacifique. Les \u00c9tats-Unis, qui disposent du premier domaine maritime au monde, n\u2019ont, de surcro\u00eet, pas pr\u00e9vu d\u2019envoyer de d\u00e9l\u00e9gation \u00e0 Nice.<\/p>\n<p>Toute annonce sera \u00e9galement surveill\u00e9e de pr\u00e8s \u00e0 l\u2019approche de la prochaine r\u00e9union, en juillet, de l\u2019Autorit\u00e9 internationale des fonds marins, qui travaille depuis des ann\u00e9es sur l\u2019\u00e9laboration d\u2019un code minier. Ce texte doit \u00e9tablir les r\u00e8gles d\u2019extraction commerciale de min\u00e9raux convoit\u00e9s pour la transition \u00e9nerg\u00e9tique tout en pr\u00e9servant les fonds marins, class\u00e9s \u00ab\u00a0biens commun de l\u2019humanit\u00e9\u00a0\u00bb.<\/p>\n<p><strong>Une d\u00e9claration \u00ab\u00a0ambitieuse\u00a0\u00bb mais critiqu\u00e9e.<\/strong> \u00c0 la cl\u00f4ture du sommet, les nations adopteront la d\u00e9claration de Nice, un texte de huit pages n\u00e9goci\u00e9 depuis des mois, qui appelle \u00e0 une \u00ab\u00a0action urgente\u00a0\u00bb pour l\u2019oc\u00e9an, mais qui n\u2019est pas juridiquement contraignant. \u00ab\u00a0Belles paroles\u00a0\u00bb, \u00ab\u00a0coquille vide\u00a0\u00bb, a critiqu\u00e9 Greenpeace, tandis que l\u2019ambassadeur fran\u00e7ais pour les oc\u00e9ans, Olivier Poivre d&rsquo;Arvor, a vant\u00e9 une d\u00e9claration \u00ab\u00a0beaucoup plus ambitieuse\u00a0\u00bb que lors de la derni\u00e8re conf\u00e9rence sur les oc\u00e9ans de Lisbonne, en 2022.<\/p>\n<p>\u00ab\u00a0La d\u00e9claration finale n\u2019est pas vraiment le seul r\u00e9sultat. Il est beaucoup plus important, en fait, que les gouvernements s\u2019engagent et qu\u2019ils viennent ici pour dire ce qu\u2019ils pensent individuellement\u00a0\u00bb, temp\u00e8re Peter Haugan, directeur politique de l\u2019Institut de recherche marine en Norv\u00e8ge.<\/p>\n<p><strong>Les financements<\/strong>. La protection de l\u2019oc\u00e9an est le \u00ab\u00a0moins bien financ\u00e9\u00a0\u00bb des 17 objectifs de d\u00e9veloppement durable de l\u2019Organisation des Nations unies (Onu), selon le projet de d\u00e9claration de Nice. Pour combler ce retard, les \u00c9tats devront mettre de l\u2019argent sur la table, estime Pauli Merriman, de l\u2019ONG de protection de la nature WWF\u00a0: \u00ab\u00a0Ce qui nous manque encore, c\u2019est l\u2019ambition, le financement et la mise en \u0153uvre n\u00e9cessaires pour combler le foss\u00e9\u2026 Il ne suffit pas que les gouvernements se pr\u00e9sentent \u00e0 Nice avec de bonnes intentions\u00a0\u00bb, a-t-elle d\u00e9clar\u00e9 aux journalistes.<\/p>\n<p>Quelque 175\u00a0milliards de dollars par an, soit 153\u00a0milliards d\u2019euros, sont n\u00e9cessaires pour atteindre l\u2019objectif de d\u00e9veloppement durable de l\u2019oc\u00e9an d\u2019ici 2030, selon un rapport du Forum \u00e9conomique mondial de 2022. Celui-ci pr\u00e9cisait que seulement un peu moins de 10\u00a0milliards de dollars au total avaient \u00e9t\u00e9 investis entre\u00a02015 et\u00a02019.<\/p>\n<p>Qui participe\u00a0?<\/p>\n<p>Bien que les \u00c9tats-Unis n\u2019aient pas envoy\u00e9 de d\u00e9l\u00e9gation, plusieurs participants d\u2019importance, qu\u2019ils soient chefs d\u2019\u00c9tat ou membres d\u2019organisations internationales, seront pr\u00e9sents lors de ce sommet. Voici quelques-uns des plus en vue\u00a0:<\/p>\n<p>&gt; <strong>Emmanuel Macron<\/strong>, le pr\u00e9sident de la France<\/p>\n<p>&gt; <strong>Javier Milei<\/strong>, le pr\u00e9sident de l\u2019Argentine<\/p>\n<p>&gt; <strong>Luiz In\u00e1cio Lula da\u00a0Silva<\/strong>, le pr\u00e9sident du Br\u00e9sil<\/p>\n<p>&gt; <strong>Pedro S\u00e1nchez<\/strong>, le premier ministre de l\u2019Espagne<\/p>\n<p>&gt; <strong>Han Zheng<\/strong>, vice-pr\u00e9sident de la Chine<\/p>\n<p>&gt; <strong>Ursula von\u00a0der\u00a0Leyen<\/strong>, la pr\u00e9sidente de la Commission europ\u00e9enne<\/p>\n<p>&gt; <strong>Ant\u00f3nio Costa<\/strong>, le pr\u00e9sident du Conseil europ\u00e9en<\/p>\n<p>&gt; <strong>Antonio Guterres<\/strong>, le Secr\u00e9taire g\u00e9n\u00e9ral des Nations unies<\/p>\n<p>&gt; <strong>Audrey Azoulay<\/strong>, la directrice g\u00e9n\u00e9rale de l\u2019Unesco<\/p>\n<p>&gt; <strong>Christine Lagarde<\/strong>, la pr\u00e9sidente de la Banque centrale europ\u00e9enne<\/p>\n<p>&gt; <strong>Kristalina Georgieva<\/strong>, la directrice g\u00e9n\u00e9rale du FMI<\/p>\n","protected":false},"excerpt":{"rendered":"Les dirigeants de la plan\u00e8te se retrouvent \u00e0 Nice, \u00e0 partir de dimanche, pour discuter de l\u2019urgence mondiale&hellip;\n","protected":false},"author":2,"featured_media":162090,"comment_status":"","ping_status":"","sticky":false,"template":"","format":"standard","meta":{"footnotes":""},"categories":[2819],"tags":[328,1111,11,1073,436,1777,674,1011,27,329,12,2401,882,25],"class_list":{"0":"post-162089","1":"post","2":"type-post","3":"status-publish","4":"format-standard","5":"has-post-thumbnail","7":"category-nice","8":"tag-a-la-une","9":"tag-actu","10":"tag-actualites","11":"tag-emmanuel-macron","12":"tag-environnement","13":"tag-eu","14":"tag-europe","15":"tag-fr","16":"tag-france","17":"tag-france-monde","18":"tag-news","19":"tag-nice","20":"tag-provence-alpes-cote-dazur","21":"tag-republique-francaise"},"share_on_mastodon":{"url":"https:\/\/pubeurope.com\/@fr\/114650638109083217","error":""},"_links":{"self":[{"href":"https:\/\/www.europesays.com\/fr\/wp-json\/wp\/v2\/posts\/162089","targetHints":{"allow":["GET"]}}],"collection":[{"href":"https:\/\/www.europesays.com\/fr\/wp-json\/wp\/v2\/posts"}],"about":[{"href":"https:\/\/www.europesays.com\/fr\/wp-json\/wp\/v2\/types\/post"}],"author":[{"embeddable":true,"href":"https:\/\/www.europesays.com\/fr\/wp-json\/wp\/v2\/users\/2"}],"replies":[{"embeddable":true,"href":"https:\/\/www.europesays.com\/fr\/wp-json\/wp\/v2\/comments?post=162089"}],"version-history":[{"count":0,"href":"https:\/\/www.europesays.com\/fr\/wp-json\/wp\/v2\/posts\/162089\/revisions"}],"wp:featuredmedia":[{"embeddable":true,"href":"https:\/\/www.europesays.com\/fr\/wp-json\/wp\/v2\/media\/162090"}],"wp:attachment":[{"href":"https:\/\/www.europesays.com\/fr\/wp-json\/wp\/v2\/media?parent=162089"}],"wp:term":[{"taxonomy":"category","embeddable":true,"href":"https:\/\/www.europesays.com\/fr\/wp-json\/wp\/v2\/categories?post=162089"},{"taxonomy":"post_tag","embeddable":true,"href":"https:\/\/www.europesays.com\/fr\/wp-json\/wp\/v2\/tags?post=162089"}],"curies":[{"name":"wp","href":"https:\/\/api.w.org\/{rel}","templated":true}]}}