{"id":162101,"date":"2025-06-09T00:52:10","date_gmt":"2025-06-09T00:52:10","guid":{"rendered":"https:\/\/www.europesays.com\/fr\/162101\/"},"modified":"2025-06-09T00:52:10","modified_gmt":"2025-06-09T00:52:10","slug":"marseille-confidentiels","status":"publish","type":"post","link":"https:\/\/www.europesays.com\/fr\/162101\/","title":{"rendered":"Marseille confidentiels."},"content":{"rendered":"<p>La satisfaction de la droite marseillaise du<a href=\"https:\/\/www.laprovence.com\/article\/politique\/3736259529568214\/la-reforme-des-municipales-a-marseille-dans-lorniere\" target=\"_blank\" rel=\"noopener\"> rejet par le S\u00e9nat de la r\u00e9forme de la loi PLM, mardi 3 juin<\/a>, aura \u00e9t\u00e9 de courte dur\u00e9e. Apr\u00e8s l&rsquo;annonce d&rsquo;une convocation d&rsquo;une commission mixte paritaire (CMP) par le gouvernement pour le 17\u00a0juin, les \u00e9tats-majors ont repris leurs calculettes. Et la tendance serait plut\u00f4t au pessimisme, le passage \u00e0 un vote \u00e0 l&rsquo;\u00e9chelle de la ville \u00e9tant jug\u00e9e a priori plut\u00f4t d\u00e9favorable \u00e0 une alliance de Renaissance \u00e0 LR. \u00ab\u00a0On est sur du 60\/40, estime un strat\u00e8ge de l&rsquo;union de la droite. Il y a un sujet entre <a href=\"https:\/\/www.laprovence.com\/article\/politique\/4512439495629314\/la-motion-de-censure-contre-francois-bayrou-largement-rejetee-par-lassemblee-nationale\" target=\"_blank\" rel=\"noopener\">Bayrou<\/a> et Larcher, qui vont s&rsquo;expliquer. Et si la CMP n&rsquo;est pas conclusive, c&rsquo;est l&rsquo;Assembl\u00e9e qui aura le dernier mot.\u00a0\u00bb Car m\u00eame si le S\u00e9nat est souvent qualifi\u00e9 de chambre des territoires, c&rsquo;est bien le palais Bourbon qui a le dernier mot en mati\u00e8re l\u00e9gislative.<\/p>\n","protected":false},"excerpt":{"rendered":"La satisfaction de la droite marseillaise du rejet par le S\u00e9nat de la r\u00e9forme de la loi PLM,&hellip;\n","protected":false},"author":2,"featured_media":162102,"comment_status":"","ping_status":"","sticky":false,"template":"","format":"standard","meta":{"footnotes":""},"categories":[2814],"tags":[17,1111,11,154,6592,1777,674,1011,27,884,3554,12,29463,316,882,4190,25,96],"class_list":{"0":"post-162101","1":"post","2":"type-post","3":"status-publish","4":"format-standard","5":"has-post-thumbnail","7":"category-marseille","8":"tag-17","9":"tag-actu","10":"tag-actualites","11":"tag-des","12":"tag-droite","13":"tag-eu","14":"tag-europe","15":"tag-fr","16":"tag-france","17":"tag-marseille","18":"tag-municipales","19":"tag-news","20":"tag-pessimiste","21":"tag-politique","22":"tag-provence-alpes-cote-dazur","23":"tag-reforme","24":"tag-republique-francaise","25":"tag-une"},"share_on_mastodon":{"url":"https:\/\/pubeurope.com\/@fr\/114650673519621631","error":""},"_links":{"self":[{"href":"https:\/\/www.europesays.com\/fr\/wp-json\/wp\/v2\/posts\/162101","targetHints":{"allow":["GET"]}}],"collection":[{"href":"https:\/\/www.europesays.com\/fr\/wp-json\/wp\/v2\/posts"}],"about":[{"href":"https:\/\/www.europesays.com\/fr\/wp-json\/wp\/v2\/types\/post"}],"author":[{"embeddable":true,"href":"https:\/\/www.europesays.com\/fr\/wp-json\/wp\/v2\/users\/2"}],"replies":[{"embeddable":true,"href":"https:\/\/www.europesays.com\/fr\/wp-json\/wp\/v2\/comments?post=162101"}],"version-history":[{"count":0,"href":"https:\/\/www.europesays.com\/fr\/wp-json\/wp\/v2\/posts\/162101\/revisions"}],"wp:featuredmedia":[{"embeddable":true,"href":"https:\/\/www.europesays.com\/fr\/wp-json\/wp\/v2\/media\/162102"}],"wp:attachment":[{"href":"https:\/\/www.europesays.com\/fr\/wp-json\/wp\/v2\/media?parent=162101"}],"wp:term":[{"taxonomy":"category","embeddable":true,"href":"https:\/\/www.europesays.com\/fr\/wp-json\/wp\/v2\/categories?post=162101"},{"taxonomy":"post_tag","embeddable":true,"href":"https:\/\/www.europesays.com\/fr\/wp-json\/wp\/v2\/tags?post=162101"}],"curies":[{"name":"wp","href":"https:\/\/api.w.org\/{rel}","templated":true}]}}