{"id":162107,"date":"2025-06-09T00:55:16","date_gmt":"2025-06-09T00:55:16","guid":{"rendered":"https:\/\/www.europesays.com\/fr\/162107\/"},"modified":"2025-06-09T00:55:16","modified_gmt":"2025-06-09T00:55:16","slug":"lyon-va-organiser-une-grande-baignade-derivante-sur-le-rhone-ouverte-aux-lyonnais","status":"publish","type":"post","link":"https:\/\/www.europesays.com\/fr\/162107\/","title":{"rendered":"Lyon va organiser une grande \u00ab\u00a0baignade d\u00e9rivante sur le Rh\u00f4ne\u00a0\u00bb ouverte aux Lyonnais"},"content":{"rendered":"<p>            Par<br \/>\n        <strong><br \/>\n            <a href=\"https:\/\/actu.fr\/auteur\/theo-zuili\" title=\"Consulter tous les articles de Th\u00e9o Zuili\" rel=\"nofollow noopener\" target=\"_blank\">Th\u00e9o Zuili<\/a><br \/>\n        <\/strong><\/p>\n<p>        Publi\u00e9 le<\/p>\n<p>            8 juin 2025 \u00e0 11h08        <\/p>\n<p>Cap ou pas cap ? Le <strong>dimanche 29 juin 2025<\/strong> est \u00e0 marquer dans les calendriers des plus t\u00e9m\u00e9raires : la Ville de <a href=\"https:\/\/actu.fr\/auvergne-rhone-alpes\/lyon_69123\/\" rel=\"nofollow noopener\" target=\"_blank\">Lyon<\/a> organise une grande \u00ab\u00a0baignade d\u00e9rivante sur le Rh\u00f4ne\u00a0\u00bb. Un \u00e9v\u00e8nement tr\u00e8s attendu, promis apr\u00e8s de multiples tentatives avort\u00e9es.<\/p>\n<p class=\" wall-content\">On vous dit tout ce qu\u2019il faut savoir sur ce rendez-vous pr\u00e9vu dans le cadre du <a href=\"https:\/\/actu.fr\/auvergne-rhone-alpes\/lyon_69123\/lyon-ce-festival-gratuit-au-bord-du-rhone-et-de-la-saone-revient-bien-en-2025-ce-qui-change_62722131.html\" rel=\"nofollow noopener\" target=\"_blank\">festival Entre Rh\u00f4ne et Sa\u00f4ne<\/a>.<\/p>\n<p>Voici les consignes et le programme<\/p>\n<p class=\" wall-content\">De 14h \u00e0 18h dimanche, des groupes de vingt personnes partiront toutes les 15 minutes <strong>pour 400 m\u00e8tres de nage<\/strong> (soit huit piscines olympiques) en plein centre de Lyon. Tout le monde peut participer, \u00e0 condition d\u2019avoir 10 ans ou plus (voire huit ans sous certaines conditions)\u2026 et de savoir nager. Des bou\u00e9es sont distribu\u00e9es \u00e0 tous les participants.<\/p>\n<p>    <a href=\"https:\/\/www.google.com\/maps\/embed?pb=!1m18!1m12!1m3!1d5569.597392717517!2d4.8209006268304!3d45.735130575047954!2m3!1f0!2f0!3f0!3m2!1i1024!2i768!4f13.1!3m3!1m2!1s0x47f4ebd2917eb7db%3A0x46cc75052c0088f3!2sParc%20des%20Berges%20du%20Rh%C3%B4ne!5e0!3m2!1sfr!2sfr!4v1749043821855!5m2!1sfr!2sfr\" title=\"Ouvrie le lien\" rel=\"nofollow noopener\" target=\"_blank\">Cliquez ici pour visualiser le contenu<\/a><\/p>\n<p class=\" wall-content\">Pour participer, il est <strong>imp\u00e9ratif de s\u2019inscrire<\/strong> en amont via la page web d\u00e9di\u00e9e, <a href=\"https:\/\/entre-rhone-et-saone.fr\/evenement\/2025\/baignade-derivante-sur-le-rhone\" rel=\"nofollow noopener\" target=\"_blank\">ici<\/a>. Le rendez-vous est pr\u00e9cis\u00e9ment donn\u00e9 au nord du parc des Berges, o\u00f9 un ponton permettra aux baigneurs d\u2019entrer (progressivement) dans le grand bain.<\/p>\n<p>Vid\u00e9os : en ce moment sur ActuSe baigner dans le Rh\u00f4ne : une tradition litt\u00e9ralement mill\u00e9naire<\/p>\n<p class=\" wall-content\">Ce n\u2019est pas un peu absurde de se baigner dans le Rh\u00f4ne au 21\u1d49 si\u00e8cle ? Selon la tradition, un vrai lyonnais doit <strong>savoir nager avant de savoir lire<\/strong>. Pendant la quasi-totalit\u00e9 de l\u2019histoire de Lyon, ses habitants se baignaient r\u00e9guli\u00e8rement dans le Rh\u00f4ne et la Sa\u00f4ne. Ce n\u2019est que depuis peu qu\u2019il est interdit d\u2019y mettre les pieds.<\/p>\n<p>    <img   decoding=\"async\" loading=\"lazy\" src=\"https:\/\/www.europesays.com\/fr\/wp-content\/uploads\/2025\/06\/lyon-plage-se-baigner-960x640.png\" alt=\"Apr\u00e8s les am\u00e9nagements des quais qui ont supprim\u00e9 la plupart des plages \u00e0 Lyon, il en reste tout de m\u00eame un certain nombre le long du Rh\u00f4ne.\" width=\"960\" height=\"640\"\/><br \/>\n    Certains Lyonnais n\u2019ont pas attendu le retour d\u2019une autorisation pour se baigner en ville. (\u00a9Th\u00e9o Zuili \/ actu Lyon)<\/p>\n<p class=\" wall-content\">Un \u00ab\u00a0petit\u00a0\u00bb nombre de Lyonnais <a href=\"https:\/\/actu.fr\/auvergne-rhone-alpes\/lyon_69123\/lyon-ils-se-baignent-dans-le-rhone-malgre-l-interdiction-c-est-un-regal_59954710.html\" rel=\"nofollow noopener\" target=\"_blank\">brave pourtant l\u2019interdiction depuis des ann\u00e9es<\/a>, faisant trempette <strong>depuis des plages isol\u00e9es<\/strong>, cach\u00e9es des immeubles par de grands arbres. Cette fois, c\u2019est en toute l\u00e9galit\u00e9 qu\u2019il sera possible de redonner une place au fleuve dans sa vie.<\/p>\n<p>Et la pollution dans tout \u00e7a ?\u00a0<\/p>\n<p class=\" wall-content\">Mais qu\u2019en est-il des tonnes incalculables <a href=\"https:\/\/actu.fr\/auvergne-rhone-alpes\/lyon_69123\/video-lyon-4-etages-de-dechets-dans-le-rhone-voici-les-images-d-une-pollution-cachee_52702342.html\" rel=\"nofollow noopener\" target=\"_blank\">de d\u00e9chets qui jonchent d\u00e9sormais le fond du Rh\u00f4ne<\/a>, des tourbillons et effets siphon, ou encore du taux de pollution dans l\u2019eau ? \u00c0 premi\u00e8re vue, il peut y avoir de quoi craindre d\u2019y laisser sa peau.<\/p>\n<p class=\" wall-content\">La Ville de Lyon promet une \u00ab\u00a0baignade <strong>surveill\u00e9e<\/strong> ouverte \u00e0 tous \u00e0 partir de 10 ans\u00a0\u00bb, qui, \u00e0 condition de suivre les consignes de s\u00e9curit\u00e9, ne pose aucun risque et est de surcro\u00eet \u00ab\u00a0encadr\u00e9e par des professionnels\u00a0\u00bb.<\/p>\n<p class=\" wall-content\">C\u00f4t\u00e9 pollution, la municipalit\u00e9 multiplie les tests de qualit\u00e9 de l\u2019eau depuis plusieurs ann\u00e9es et le r\u00e9sultat est clair : <strong>il n\u2019y a pas de danger<\/strong>. Comme peuvent en t\u00e9moigner les sapeurs-pompiers ou les gendarmes, qui s\u2019entra\u00eenent tr\u00e8s r\u00e9guli\u00e8rement dans les deux cours d\u2019eau. Ou encore les participants <a href=\"https:\/\/actu.fr\/auvergne-rhone-alpes\/lyon_69123\/lyon-des-centaines-d-habitants-vont-nager-dans-le-rhone-ce-week-end-voici-pourquoi_61530482.html\" rel=\"nofollow noopener\" target=\"_blank\">des pr\u00e8s de 50 \u00e9ditions de \u00ab\u00a0la travers\u00e9e de Lyon \u00e0 la nage avec palmes\u00a0\u00bb<\/a>.<\/p>\n<p>Une rare occasion pour une exp\u00e9rience unique<\/p>\n<p class=\" wall-content\">L\u2019occasion risque de ne pas se repr\u00e9senter avant un moment. L\u2019an dernier, la Ville avait tent\u00e9 de proposer une exp\u00e9rience similaire en ouvrant un lieu de baignade sur les berges du Rh\u00f4ne, mais<strong> l\u2019id\u00e9e \u00e9tait tomb\u00e9e \u00e0 l\u2019eau la veille<\/strong> pour le lendemain en raison d\u2019orages.<\/p>\n<p class=\" wall-content\">En proposant plut\u00f4t une \u00ab\u00a0baignade d\u00e9rivante\u00a0\u00bb (comme chez nos voisins Suisses, en amont du Rh\u00f4ne), la Ville compte bien \u00e9liminer cette ann\u00e9e le risque d\u2019annulation.<\/p>\n<p class=\" wall-content\">L\u2019\u00e9v\u00e8nement est voulu comme pr\u00e9figuratif d\u2019une prochaine offre de baignade \u00e0 Lyon (statique, cette fois), promise par Gr\u00e9gory Doucet et <a href=\"https:\/\/actu.fr\/auvergne-rhone-alpes\/lyon_69123\/lyon-se-baigner-dans-la-saone-c-est-pour-bientot-tout-savoir-sur-les-annonces_62601967.html\" rel=\"nofollow noopener\" target=\"_blank\">pr\u00e9vue en 2027 dans la darse de Confluence<\/a>.<\/p>\n<p class=\" wall-content\">Car <a href=\"https:\/\/actu.fr\/auvergne-rhone-alpes\/lyon_69123\/file-d-attente-monstre-colere-tensions-la-seule-piscine-de-lyon-prise-d-assaut_51659360.html\" rel=\"nofollow noopener\" target=\"_blank\">les longues files d\u2019attente<\/a> et <a href=\"https:\/\/actu.fr\/auvergne-rhone-alpes\/lyon_69123\/lyon-la-mairie-va-augmenter-les-tarifs-des-piscines-municipales-les-nouveaux-prix_62623047.html\" rel=\"nofollow noopener\" target=\"_blank\">les prix rebutent chaque ann\u00e9e<\/a> les Lyonnais. La <strong>p\u00e9nurie de piscines<\/strong> est identifi\u00e9e comme un r\u00e9el probl\u00e8me sur le territoire, et les habitants ont profit\u00e9 du <a href=\"https:\/\/actu.fr\/auvergne-rhone-alpes\/lyon_69123\/lyon-gregory-doucet-relance-son-budget-participatif-apres-bellecour-voici-les-projets_62594871.html#:~:text=La%20Ville%20de%20Lyon%20ouvre,leur%20quartier%20d&#039;ici%202027.\" rel=\"nofollow noopener\" target=\"_blank\">budget participatif<\/a> de la Ville de Lyon. L\u2019id\u00e9e de se baigner \u00e0 nouveau dans le Rh\u00f4ne ou la Sa\u00f4ne s\u2019est ainsi r\u00e9invit\u00e9e \u00e0 l\u2019h\u00f4tel de ville, et semble cette fois <strong>en bonne voie<\/strong> pour se r\u00e9aliser.<\/p>\n<p class=\" wall-content\">Suivez toute l\u2019actualit\u00e9 de vos villes et m\u00e9dias favoris en vous inscrivant \u00e0 <a href=\"https:\/\/moncompte.actu.fr\" title=\"D\u00e9couvez Mon Actu\" rel=\"nofollow noopener\" data-trk=\"{&quot;cta&quot;:{&quot;action&quot;:&quot;https:\\\/\\\/moncompte.actu.fr&quot;,&quot;category&quot;:&quot;mon compte&quot;,&quot;from&quot;:&quot;article footer&quot;,&quot;name&quot;:&quot;Mon actu&quot;,&quot;type&quot;:&quot;cta&quot;}}\" target=\"_blank\">Mon Actu<\/a>.<\/p>\n","protected":false},"excerpt":{"rendered":"Par Th\u00e9o Zuili Publi\u00e9 le 8 juin 2025 \u00e0 11h08 Cap ou pas cap ? Le dimanche 29&hellip;\n","protected":false},"author":2,"featured_media":162108,"comment_status":"","ping_status":"","sticky":false,"template":"","format":"standard","meta":{"footnotes":""},"categories":[1889],"tags":[1111,11,2430,1777,674,1011,27,1757,2428,12,25,104],"class_list":{"0":"post-162107","1":"post","2":"type-post","3":"status-publish","4":"format-standard","5":"has-post-thumbnail","7":"category-lyon","8":"tag-actu","9":"tag-actualites","10":"tag-auvergne-rhone-alpes","11":"tag-eu","12":"tag-europe","13":"tag-fr","14":"tag-france","15":"tag-insolite","16":"tag-lyon","17":"tag-news","18":"tag-republique-francaise","19":"tag-societe"},"share_on_mastodon":{"url":"https:\/\/pubeurope.com\/@fr\/114650685509899823","error":""},"_links":{"self":[{"href":"https:\/\/www.europesays.com\/fr\/wp-json\/wp\/v2\/posts\/162107","targetHints":{"allow":["GET"]}}],"collection":[{"href":"https:\/\/www.europesays.com\/fr\/wp-json\/wp\/v2\/posts"}],"about":[{"href":"https:\/\/www.europesays.com\/fr\/wp-json\/wp\/v2\/types\/post"}],"author":[{"embeddable":true,"href":"https:\/\/www.europesays.com\/fr\/wp-json\/wp\/v2\/users\/2"}],"replies":[{"embeddable":true,"href":"https:\/\/www.europesays.com\/fr\/wp-json\/wp\/v2\/comments?post=162107"}],"version-history":[{"count":0,"href":"https:\/\/www.europesays.com\/fr\/wp-json\/wp\/v2\/posts\/162107\/revisions"}],"wp:featuredmedia":[{"embeddable":true,"href":"https:\/\/www.europesays.com\/fr\/wp-json\/wp\/v2\/media\/162108"}],"wp:attachment":[{"href":"https:\/\/www.europesays.com\/fr\/wp-json\/wp\/v2\/media?parent=162107"}],"wp:term":[{"taxonomy":"category","embeddable":true,"href":"https:\/\/www.europesays.com\/fr\/wp-json\/wp\/v2\/categories?post=162107"},{"taxonomy":"post_tag","embeddable":true,"href":"https:\/\/www.europesays.com\/fr\/wp-json\/wp\/v2\/tags?post=162107"}],"curies":[{"name":"wp","href":"https:\/\/api.w.org\/{rel}","templated":true}]}}