{"id":162111,"date":"2025-06-09T00:59:17","date_gmt":"2025-06-09T00:59:17","guid":{"rendered":"https:\/\/www.europesays.com\/fr\/162111\/"},"modified":"2025-06-09T00:59:17","modified_gmt":"2025-06-09T00:59:17","slug":"carlos-alcaraz-renverse-jannik-sinner-et-conserve-son-titre-a-paris-apres-une-finale-epique","status":"publish","type":"post","link":"https:\/\/www.europesays.com\/fr\/162111\/","title":{"rendered":"Carlos Alcaraz renverse Jannik Sinner et conserve son titre \u00e0 Paris apr\u00e8s une finale \u00e9pique"},"content":{"rendered":"<p class=\"article-p mdl\">Quelle finale exceptionnelle ! Au bord du pr\u00e9cipice \u00e0 plusieurs reprises, <strong>Carlos Alcaraz a r\u00e9ussi \u00e0 renverser le sc\u00e9nario<\/strong> du match face \u00e0\u00a0Jannik Sinner et s&rsquo;est finalement impos\u00e9 en cinq sets (4-6, 6-7 [3-7],\u00a06-4, 7-6 [7-3], 7-6 [10-2]), ce dimanche 8 juin.<\/p>\n<p class=\"article-p mdl\">Au terme de la finale la plus longue de l&rsquo;histoire de Roland-Garros (5h29), le num\u00e9ro 2 mondial a surclass\u00e9 son rival et <strong>s&rsquo;offre un doubl\u00e9 apr\u00e8s son titre \u00e0 Paris acquis l&rsquo;ann\u00e9e derni\u00e8re<\/strong>. Il s&rsquo;agit de son cinqui\u00e8me Grand Chelem.<\/p>\n<p class=\"article-p mdl\">D\u00e8s le premier jeu, <strong>le ton \u00e9tait donn\u00e9<\/strong> : 12 minutes, 3 balles de break pour l\u2019Espagnol, plus f\u00e9roce que jamais, toutes sauv\u00e9es par la d\u00e9fense intraitable de l\u2019Italien.\u00a0<a class=\"link\" href=\"https:\/\/www.rtl.fr\/sport\/autres-sports\/roland-garros-carlos-alcaraz-remporte-le-titre-au-terme-d-une-finale-etouffante-face-a-alexander-zverev-7900392995\" title=\"Roland-Garros : Carlos Alcaraz remporte le titre au terme d&#039;une finale \u00e9touffante face \u00e0 Alexander Zverev\" target=\"_blank\" rel=\"noopener\">Alcaraz<\/a>\u00a0a finalement fait craquer son adversaire sur sa septi\u00e8me balle de break, pour mener 3-2 dans un premier set d\u00e9j\u00e0 haletant&#8230; avant de perdre aussit\u00f4t son service.<\/p>\n<p class=\"article-p mdl\">\u00c0 r\u00e9action,\u00a0<a class=\"link\" href=\"https:\/\/www.rtl.fr\/sport\/autres-sports\/roland-garros-jannik-sinner-trop-fort-pour-novak-djokovic-rejoint-carlos-alcaraz-en-finale-7900513205\" title=\"Roland-Garros : Jannik Sinner, trop fort pour Novak Djokovic, rejoint Carlos Alcaraz en finale\" target=\"_blank\" rel=\"noopener\">Jannik Sinner<\/a>\u00a0a finalement remport\u00e9 le premier set<strong>, avant de d\u00e9rouler dans la deuxi\u00e8me manche<\/strong>, en menant 5-3. Port\u00e9 par un court Philippe-Chatrier acquis \u00e0 sa cause, l\u2019Espagnol est revenu \u00e0 hauteur, avant de s\u2019\u00e9crouler de nouveau dans le tie-break.<\/p>\n<p>            Une remontada historique<\/p>\n<p class=\"article-p mdl\">C\u2019est la premi\u00e8re fois que les deux hommes s\u2019affrontaient \u00e0 ce niveau en Grand Chelem. Quelques semaines apr\u00e8s la victoire s\u00e8che du Murcien au Masters 1.000 de Rome, ce dernier ne s\u2019\u00e9tait <strong>jamais retrouv\u00e9 men\u00e9 deux sets \u00e0 z\u00e9ro dans une finale de Grand Chelem<\/strong>.\u00a0<\/p>\n<p class=\"article-p mdl\">Il a donc hauss\u00e9 son niveau de jeu dans la troisi\u00e8me manche, en \u00e9tant le <strong>premier \u00e0 voler un set \u00e0 Jannik Sinner <\/strong>dans cette \u00e9dition de Roland-Garros. Alternant le chaud et le froid ce dimanche, Carlos Alcaraz a d\u00fb sauver trois balles de match et r\u00e9aliser un tie-break parfait pour revenir \u00e0 \u00e9galit\u00e9 et offrir un public parisien une cinqui\u00e8me manche que tout le monde attendait&#8230; sauf peut-\u00eatre l&rsquo;Italien.<\/p>\n<p class=\"article-p mdl\">Revenu de nulle part,\u00a0<strong>l&rsquo;Espagnol\u00a0s&rsquo;est envol\u00e9 vers un doubl\u00e9 m\u00e9morable <\/strong>gr\u00e2ce \u00e0 un super tie-break aussi historique que parfait.\u00a0Il est inscrit sur les gradins du\u00a0court Philippe-Chatrier\u00a0que \u00ab\u00a0la victoire appartient au plus opini\u00e2tre\u00a0\u00bb et cette finale le prouve plus que jamais. Si\u00a0<a class=\"link\" href=\"https:\/\/www.rtl.fr\/sport\/autres-sports\/federer-djokovic-et-murray-presents-discours-en-francais-standing-ovation-comment-roland-garros-a-dit-adieu-a-rafael-nadal-7900508917\" title=\"Federer, Djokovic et Murray pr\u00e9sents, discours en fran\u00e7ais, standing ovation : comment Roland-Garros a dit adieu \u00e0 Rafael Nadal\" target=\"_blank\" rel=\"noopener\">Paris se sentait orphelin de Rafael Nadal<\/a>, la capitale a vite adopt\u00e9 Carlos Alcaraz. Et \u00e7a semble r\u00e9ciproque.<\/p>\n<p>    La r\u00e9daction vous recommande<\/p>\n<p class=\"s-newsletter__title\">\n                L\u2019actualit\u00e9 par la r\u00e9daction de RTL dans votre bo\u00eete mail.\n            <\/p>\n<p class=\"s-newsletter__subtitle\">\n                Gr\u00e2ce \u00e0 votre compte RTL abonnez-vous \u00e0 la newsletter RTL info pour suivre toute l&rsquo;actualit\u00e9 au quotidien\n            <\/p>\n<p>\n                                    Lire la suite\n                                <\/p>\n","protected":false},"excerpt":{"rendered":"Quelle finale exceptionnelle ! Au bord du pr\u00e9cipice \u00e0 plusieurs reprises, Carlos Alcaraz a r\u00e9ussi \u00e0 renverser le&hellip;\n","protected":false},"author":2,"featured_media":162112,"comment_status":"","ping_status":"","sticky":false,"template":"","format":"standard","meta":{"footnotes":""},"categories":[1888],"tags":[1111,1928,11,1927,3062,1777,674,107,2619,1011,27,12,1926,626,1925,25,4171,517,1467],"class_list":{"0":"post-162111","1":"post","2":"type-post","3":"status-publish","4":"format-standard","5":"has-post-thumbnail","7":"category-paris","8":"tag-actu","9":"tag-actu-paris","10":"tag-actualites","11":"tag-actualites-paris","12":"tag-autres-sports","13":"tag-eu","14":"tag-europe","15":"tag-fil-info","16":"tag-fil-sport","17":"tag-fr","18":"tag-france","19":"tag-news","20":"tag-news-paris","21":"tag-paris","22":"tag-paris-news","23":"tag-republique-francaise","24":"tag-roland-garros","25":"tag-sport","26":"tag-tennis"},"share_on_mastodon":{"url":"https:\/\/pubeurope.com\/@fr\/114650701066313161","error":""},"_links":{"self":[{"href":"https:\/\/www.europesays.com\/fr\/wp-json\/wp\/v2\/posts\/162111","targetHints":{"allow":["GET"]}}],"collection":[{"href":"https:\/\/www.europesays.com\/fr\/wp-json\/wp\/v2\/posts"}],"about":[{"href":"https:\/\/www.europesays.com\/fr\/wp-json\/wp\/v2\/types\/post"}],"author":[{"embeddable":true,"href":"https:\/\/www.europesays.com\/fr\/wp-json\/wp\/v2\/users\/2"}],"replies":[{"embeddable":true,"href":"https:\/\/www.europesays.com\/fr\/wp-json\/wp\/v2\/comments?post=162111"}],"version-history":[{"count":0,"href":"https:\/\/www.europesays.com\/fr\/wp-json\/wp\/v2\/posts\/162111\/revisions"}],"wp:featuredmedia":[{"embeddable":true,"href":"https:\/\/www.europesays.com\/fr\/wp-json\/wp\/v2\/media\/162112"}],"wp:attachment":[{"href":"https:\/\/www.europesays.com\/fr\/wp-json\/wp\/v2\/media?parent=162111"}],"wp:term":[{"taxonomy":"category","embeddable":true,"href":"https:\/\/www.europesays.com\/fr\/wp-json\/wp\/v2\/categories?post=162111"},{"taxonomy":"post_tag","embeddable":true,"href":"https:\/\/www.europesays.com\/fr\/wp-json\/wp\/v2\/tags?post=162111"}],"curies":[{"name":"wp","href":"https:\/\/api.w.org\/{rel}","templated":true}]}}