{"id":162148,"date":"2025-06-09T01:21:21","date_gmt":"2025-06-09T01:21:21","guid":{"rendered":"https:\/\/www.europesays.com\/fr\/162148\/"},"modified":"2025-06-09T01:21:21","modified_gmt":"2025-06-09T01:21:21","slug":"apres-son-interpellation-sur-une-plage-camille-cerf-sexplique-sur-ce-quil-sest-passe-video","status":"publish","type":"post","link":"https:\/\/www.europesays.com\/fr\/162148\/","title":{"rendered":"Apr\u00e8s son interpellation sur une plage, Camille Cerf s\u2019explique sur ce qu\u2019il s\u2019est pass\u00e9 (VIDEO)"},"content":{"rendered":"<p>Ce samedi 7 juin, Camille Cerf \u00e9tait invit\u00e9e dans Quelle \u00e9poque ! Elle en a profit\u00e9 pour revenir sur son interpellation par la police sur la plage en Guadeloupe.<\/p>\n<p>Finies les vacances pour Camille Cerf. Apr\u00e8s quelques jours en Guadeloupe en mai, Miss France 2015 s\u2019appr\u00eate \u00e0 passer un \u00e9t\u00e9 studieux. Elle est l\u2019une des coanimatrices d\u2019<a href=\"https:\/\/www.programme-tv.net\/news\/tv\/379559-intervilles-2025-date-de-diffusion-nouveautes-animateurs-toutes-les-infos-sur-la-nouvelle-version-du-jeu\/\" data-api-deeplink=\"teleloisirs:\/\/news\/379559\" target=\"_blank\" rel=\"noopener\">Intervilles<\/a>, qui revient d\u00e8s le 3 juillet sur France 2 dans une nouvelle formule. Ce samedi 7 juin, elle \u00e9tait invit\u00e9e avec le reste de l\u2019\u00e9quipe du jeu pour clore la saison de<a href=\"https:\/\/www.programme-tv.net\/news\/tv\/380646-lea-salame-tres-emue-pour-la-derniere-de-quelle-epoque-reviendra-t-elle-sur-france-2-a-la-rentree-video\/\" data-api-deeplink=\"teleloisirs:\/\/news\/380646\" target=\"_blank\" rel=\"noopener\"> Quelle \u00e9poque !<\/a> L\u00e9a Salam\u00e9 l\u2019a alors interrog\u00e9e sur un \u00e9v\u00e9nement qui a marqu\u00e9 ses vacances aux Antilles. Le 1er mai, Camille Cerf s\u2019\u00e9tait fait <a href=\"https:\/\/www.programme-tv.net\/news\/people\/378093-camille-cerf-interpellee-pour-atteinte-a-la-pudeur-son-gros-coup-de-gueule-cest-un-truc-de-fou\/\" data-api-deeplink=\"teleloisirs:\/\/news\/378093\" target=\"_blank\" rel=\"noopener\">interpeller par l\u2019ASVP<\/a> sur la plage du bourg de Sainte-Anne alors qu\u2019elle \u00e9tait en train de \u00ab\u00a0rassembler [ses] affaires\u00a0\u00bb et qu&rsquo;elle portait un maillot de bain et une chemise. L\u2019animatrice t\u00e9l\u00e9 avait \u00e9t\u00e9 choqu\u00e9e de son \u00e9change avec l\u2019agent de police, qui trouvait sa tenue ind\u00e9cente et lui demandait de \u00ab\u00a0mettre un par\u00e9o\u00a0\u00bb, et en avait fait une vid\u00e9o TikTok. Vid\u00e9o que L\u00e9a Salam\u00e9 a vue et sur laquelle elle voulait revenir.<\/p>\n<p>L\u2019agent de l\u2019ASVP a menac\u00e9 Camille Cerf de l\u2019emmener au poste de police<\/p>\n<p>\u00ab\u00a0Qu\u2019est-ce que vous avez fait\u00a0?\u00a0\u00bb, a demand\u00e9 la journaliste \u00e0 Camille Cerf. \u00ab\u00a0Moi je me suis ex\u00e9cut\u00e9e, j\u2019ai remis mon short. Et pendant que j\u2019\u00e9tais en train de me rhabiller, un groupe d\u2019hommes est pass\u00e9 en maillot de bain, torse nu, et je lui ai dit : &lsquo;Pourquoi vous leur dites rien \u00e0 eux ?&rsquo; Elle m\u2019a dit : &lsquo;\u00c7a n\u2019a rien \u00e0 voir.&rsquo; Et quand j\u2019ai dit : &lsquo;Tiens, \u00e7a m\u2019int\u00e9resse, en quoi \u00e7a n\u2019a rien \u00e0 voir ?&rsquo;, elle m\u2019a dit : &lsquo;Si vous voulez que je vous explique, vous venez avec moi'\u00a0\u00bb, a racont\u00e9 l\u2019ancienne reine de beaut\u00e9. \u00ab\u00a0Vous avez fini au poste ?\u00a0\u00bb, a demand\u00e9 L\u00e9a Salam\u00e9. \u00ab\u00a0Non, je suis rentr\u00e9e avec mon fils, j\u2019ai remis mon short et j\u2019ai rien dit. Et j\u2019ai fait une vid\u00e9o sur TikTok\u2026\u00a0\u00bb<\/p>\n<p>                        Camille Cerf choqu\u00e9e du sexisme dont elle a \u00e9t\u00e9 victime<\/p>\n<p>La vid\u00e9o de Camille Cerf a fait plus de 2,2 millions de vues sur TikTok. \u00ab\u00a0Elle a aussi \u00e9t\u00e9 reprise pour des mauvaises raisons\u00a0\u00bb, a lanc\u00e9 l\u2019animatrice \u00e0 L\u00e9a Salam\u00e9. Dans les commentaires, un grand nombre d\u2019internautes en avaient profit\u00e9 pour faire des sous-entendus racistes. \u00ab\u00a0En r\u00e9alit\u00e9, c\u2019est le sexisme dont j\u2019ai \u00e9t\u00e9 victime qui m\u2019a un peu choqu\u00e9e\u00a0\u00bb, a tenu \u00e0 clarifier Camille Cerf sur France 2 ce samedi soir.<\/p>\n<p>Article \u00e9crit en collaboration avec 6M\u00e9dias<\/p>\n","protected":false},"excerpt":{"rendered":"Ce samedi 7 juin, Camille Cerf \u00e9tait invit\u00e9e dans Quelle \u00e9poque ! Elle en a profit\u00e9 pour revenir&hellip;\n","protected":false},"author":2,"featured_media":162149,"comment_status":"","ping_status":"","sticky":false,"template":"","format":"standard","meta":{"footnotes":""},"categories":[1359],"tags":[17055,244,58,59,1011,27,594,3775,973,3778,1630],"class_list":{"0":"post-162148","1":"post","2":"type-post","3":"status-publish","4":"format-standard","5":"has-post-thumbnail","7":"category-people","8":"tag-camille-cerf","9":"tag-commentaire","10":"tag-divertissement","11":"tag-entertainment","12":"tag-fr","13":"tag-france","14":"tag-france-2","15":"tag-lu00e9a-salamu00e9","16":"tag-people","17":"tag-quelle-u00e9poque","18":"tag-zapping"},"share_on_mastodon":{"url":"https:\/\/pubeurope.com\/@fr\/114650787549192732","error":""},"_links":{"self":[{"href":"https:\/\/www.europesays.com\/fr\/wp-json\/wp\/v2\/posts\/162148","targetHints":{"allow":["GET"]}}],"collection":[{"href":"https:\/\/www.europesays.com\/fr\/wp-json\/wp\/v2\/posts"}],"about":[{"href":"https:\/\/www.europesays.com\/fr\/wp-json\/wp\/v2\/types\/post"}],"author":[{"embeddable":true,"href":"https:\/\/www.europesays.com\/fr\/wp-json\/wp\/v2\/users\/2"}],"replies":[{"embeddable":true,"href":"https:\/\/www.europesays.com\/fr\/wp-json\/wp\/v2\/comments?post=162148"}],"version-history":[{"count":0,"href":"https:\/\/www.europesays.com\/fr\/wp-json\/wp\/v2\/posts\/162148\/revisions"}],"wp:featuredmedia":[{"embeddable":true,"href":"https:\/\/www.europesays.com\/fr\/wp-json\/wp\/v2\/media\/162149"}],"wp:attachment":[{"href":"https:\/\/www.europesays.com\/fr\/wp-json\/wp\/v2\/media?parent=162148"}],"wp:term":[{"taxonomy":"category","embeddable":true,"href":"https:\/\/www.europesays.com\/fr\/wp-json\/wp\/v2\/categories?post=162148"},{"taxonomy":"post_tag","embeddable":true,"href":"https:\/\/www.europesays.com\/fr\/wp-json\/wp\/v2\/tags?post=162148"}],"curies":[{"name":"wp","href":"https:\/\/api.w.org\/{rel}","templated":true}]}}