{"id":162150,"date":"2025-06-09T01:22:20","date_gmt":"2025-06-09T01:22:20","guid":{"rendered":"https:\/\/www.europesays.com\/fr\/162150\/"},"modified":"2025-06-09T01:22:20","modified_gmt":"2025-06-09T01:22:20","slug":"a-pont-labbe-le-club-photo-de-la-mpt-sexpose-au-lilou-bart","status":"publish","type":"post","link":"https:\/\/www.europesays.com\/fr\/162150\/","title":{"rendered":"\u00c0 Pont-l\u2019Abb\u00e9, le club photo de la MPT s\u2019expose au Lilou B\u2019art"},"content":{"rendered":"<p>Depuis le 2 juin, le club photo de la Maison pour tous centre social a investi les murs du Lilou B\u2019art, quartier Vallou, pour une belle exposition sur le th\u00e8me de la rivi\u00e8re de Pont-l\u2019Abb\u00e9. La douzaine de photographes amateurs et passionn\u00e9s, qui se retrouvent deux fois par mois au centre social, s\u2019en est donn\u00e9 \u00e0 c\u0153ur joie en capturant sous tous les points de vue, \u00e0 diff\u00e9rentes heures et saisons, ce site hautement photog\u00e9nique. L\u2019exposition compte une vingtaine de clich\u00e9s, couleur et noir et blanc, soigneusement encadr\u00e9s par les membres du club et pr\u00e9sent\u00e9s dans les deux espaces du lieu.<\/p>\n<p>Une premi\u00e8re exposition hors les murs<\/p>\n<p>\u00ab\u00a0C\u2019est la premi\u00e8re fois qu\u2019on expose dans un lieu public, hors de la MPT et de certains Ehpad, souligne Jean-Pierre Goal\u00e8s, l\u2019un des r\u00e9f\u00e9rents de la section photo, avec Damien Lacoste. C\u2019est un endroit qu\u2019on aime bien ici, et \u00e7a permet de montrer notre travail \u00e0 un plus grand monde.\u00a0\u00bb Quatre nouveaux photographes ont rejoint le groupe cette ann\u00e9e et se sont rapidement int\u00e9gr\u00e9s. \u00ab\u00a0Il y a une tr\u00e8s bonne ambiance, \u00e7a permet de progresser en s\u2019\u00e9changeant des conseils et en se confrontant aux avis des autres, mais aussi de se motiver en organisant des sorties ensemble\u00a0\u00bb, t\u00e9moigne Serge Rogel, l\u2019un des nouveaux venus. \u00ab\u00a0Le club photo existe depuis une quinzaine d\u2019ann\u00e9es et se montre tr\u00e8s dynamique cette ann\u00e9e, confirme Christelle Frouin, directrice du centre social. Il y a une belle \u00e9quipe mixte et interg\u00e9n\u00e9rationnelle, et je crois que tous prennent du plaisir \u00e0 se retrouver autour de leur passion commune.\u00a0\u00bb<\/p>\n<p><b>Pratique<\/b><\/p>\n<p class=\"note\">Exposition jusqu\u2019au 1er septembre 2025, Lilou B\u2019art, 9 quartier Vallou, Pont-l\u2019Abb\u00e9. Entr\u00e9e libre, du lundi au samedi de 8\u00a0h\u00a030 \u00e0 19\u00a0h, dimanche de 10\u00a0h \u00e0 15\u00a0h. MPT, rue du Petit Train, Pont-l\u2019Abb\u00e9. m\u00e9l. mpt.centresocial@gmail.com, site www.mptcentresocial.com.<\/p>\n","protected":false},"excerpt":{"rendered":"Depuis le 2 juin, le club photo de la Maison pour tous centre social a investi les murs&hellip;\n","protected":false},"author":2,"featured_media":162151,"comment_status":"","ping_status":"","sticky":false,"template":"","format":"standard","meta":{"footnotes":""},"categories":[1358],"tags":[1348,1384,1385,1386,58,59,1011,27,3323],"class_list":{"0":"post-162150","1":"post","2":"type-post","3":"status-publish","4":"format-standard","5":"has-post-thumbnail","7":"category-arts-et-design","8":"tag-arts","9":"tag-arts-and-design","10":"tag-arts-et-design","11":"tag-design","12":"tag-divertissement","13":"tag-entertainment","14":"tag-fr","15":"tag-france","16":"tag-pont-labbe"},"share_on_mastodon":{"url":"https:\/\/pubeurope.com\/@fr\/114650791543586681","error":""},"_links":{"self":[{"href":"https:\/\/www.europesays.com\/fr\/wp-json\/wp\/v2\/posts\/162150","targetHints":{"allow":["GET"]}}],"collection":[{"href":"https:\/\/www.europesays.com\/fr\/wp-json\/wp\/v2\/posts"}],"about":[{"href":"https:\/\/www.europesays.com\/fr\/wp-json\/wp\/v2\/types\/post"}],"author":[{"embeddable":true,"href":"https:\/\/www.europesays.com\/fr\/wp-json\/wp\/v2\/users\/2"}],"replies":[{"embeddable":true,"href":"https:\/\/www.europesays.com\/fr\/wp-json\/wp\/v2\/comments?post=162150"}],"version-history":[{"count":0,"href":"https:\/\/www.europesays.com\/fr\/wp-json\/wp\/v2\/posts\/162150\/revisions"}],"wp:featuredmedia":[{"embeddable":true,"href":"https:\/\/www.europesays.com\/fr\/wp-json\/wp\/v2\/media\/162151"}],"wp:attachment":[{"href":"https:\/\/www.europesays.com\/fr\/wp-json\/wp\/v2\/media?parent=162150"}],"wp:term":[{"taxonomy":"category","embeddable":true,"href":"https:\/\/www.europesays.com\/fr\/wp-json\/wp\/v2\/categories?post=162150"},{"taxonomy":"post_tag","embeddable":true,"href":"https:\/\/www.europesays.com\/fr\/wp-json\/wp\/v2\/tags?post=162150"}],"curies":[{"name":"wp","href":"https:\/\/api.w.org\/{rel}","templated":true}]}}