{"id":162154,"date":"2025-06-09T01:24:18","date_gmt":"2025-06-09T01:24:18","guid":{"rendered":"https:\/\/www.europesays.com\/fr\/162154\/"},"modified":"2025-06-09T01:24:18","modified_gmt":"2025-06-09T01:24:18","slug":"quel-candidat-a-ete-elimine-aux-portes-de-la-finale-dans-le-prochain-episode-deja-disponible","status":"publish","type":"post","link":"https:\/\/www.europesays.com\/fr\/162154\/","title":{"rendered":"Quel candidat a \u00e9t\u00e9 \u00e9limin\u00e9 aux portes de la finale dans le prochain \u00e9pisode d\u00e9j\u00e0 disponible ?"},"content":{"rendered":"<p>Derni\u00e8re c\u00e9r\u00e9monie d&rsquo;\u00e9limination avant la grande finale de The Power ! Alors qui de Cindy ou de M\u00e9lanie est \u00e9limin\u00e9e dans l&rsquo;\u00e9pisode diffus\u00e9 ce lundi 9 juin mais d\u00e9j\u00e0 disponible sur M6+ ? On a la r\u00e9ponse, gare aux spoilers !<\/p>\n<p>Les choses s&rsquo;acc\u00e9l\u00e8rent dans la saison 2 de <a href=\"https:\/\/www.programme-tv.net\/news\/tele-realite\/380326-c-etait-de-l-intimidation-robin-the-power-denonce-le-comportement-de-manon-tanti-sur-le-tournage-de-l-emission-de-w9\/\" data-api-deeplink=\"teleloisirs:\/\/news\/380326\" rel=\"nofollow noopener\" target=\"_blank\">The Power <\/a>! Lanc\u00e9 le 7 avril dernier, le <a href=\"https:\/\/www.programme-tv.net\/news\/tele-realite\/379649-the-power-decouvrez-la-date-de-la-diffusion-de-la-finale-de-la-saison-2\/\" data-api-deeplink=\"teleloisirs:\/\/news\/379649\" rel=\"nofollow noopener\" target=\"_blank\">jeu de strat\u00e9gie de W9 se terminera vendredi 13 juin<\/a>, apr\u00e8s dix semaines de comp\u00e9tition. Si, au d\u00e9part,<a href=\"https:\/\/www.programme-tv.net\/news\/tele-realite\/373909-the-power-saison-2-qui-sont-les-candidats-au-casting-photos\/\" data-api-deeplink=\"teleloisirs:\/\/news\/373909\" rel=\"nofollow noopener\" target=\"_blank\"> ils \u00e9taient quatorze \u2014 puis quinze avec l&rsquo;arriv\u00e9e de Ma\u00efssane en cours de route \u2014<\/a>, ils ne sont plus que huit \u00e0 esp\u00e9rer remporter le jeu et succ\u00e9der \u00e0 <a href=\"https:\/\/www.programme-tv.net\/biographie\/369003-lozina-nikola\/\" data-link-people=\"34435fd4-a882-44ac-b5d2-c90418c69911\" rel=\"nofollow noopener\" target=\"_blank\">Nikola Lozina<\/a>. Mais ils seront sept \u00e0 l&rsquo;issue de la derni\u00e8re c\u00e9r\u00e9monie d&rsquo;\u00e9limination, qui a d\u00e9but\u00e9 dans l&rsquo;\u00e9pisode du vendredi 6 juin et se termine dans celui du lundi 9 juin&#8230; \u00c0 voir d\u00e8s \u00e0 pr\u00e9sent en avant-premi\u00e8re sur la plateforme M6+. <b>Attention, la suite de cet article contient des spoilers !<\/b><\/p>\n<p>The Power : les derniers conseils de Manon Tanti \u00e0 M\u00e9lanie <b>Dedigama<\/b> pour masquer son identit\u00e9 de Power Player<\/p>\n<p>Rappelez-vous, en d\u00e9but de semaine derni\u00e8re, <b>c&rsquo;est M\u00e9lanie Dedigama qui a tir\u00e9 la carte de Power Player<\/b> pour la derni\u00e8re fois de la saison. La jeune femme a rapidement \u00e9t\u00e9 d\u00e9masqu\u00e9e par son amie <a href=\"https:\/\/www.programme-tv.net\/biographie\/379389-tanti-manon\/\" data-link-people=\"cf21742a-4c7e-4096-9206-c6e9da8e226e\" rel=\"nofollow noopener\" target=\"_blank\">Manon Tanti<\/a> qui a \u00e9videmment choisi de la prot\u00e9ger. Tr\u00e8s proche de Giovanni, la jeune femme a aussi d\u00e9cid\u00e9 de le mettre dans la confidence. Puis, elle a averti Antoine, dernier membre de leur \u00ab\u00a0alliance des quatre fantastiques\u00a0\u00bb, de son r\u00f4le afin qu&rsquo;il endosse faussement cette identit\u00e9. Une strat\u00e9gie qui avait d\u00e9j\u00e0 port\u00e9 ses fruits en deuxi\u00e8me semaine quand Manon avait \u00e9t\u00e9 Power Player. D&rsquo;ailleurs, cette derni\u00e8re s&rsquo;est servie de son exp\u00e9rience pour prodiguer de nombreux conseils \u00e0 son amie. Ainsi, avant la confrontation avec la cible Cindy, Manon lui a conseill\u00e9 de parler lentement pour perdre du temps, mais aussi d&rsquo;appuyer fortement sur son masque pour qu&rsquo;il laisse des traces sur son visage. Au moment de la c\u00e9r\u00e9monie d&rsquo;\u00e9limination, Manon a \u00e9galement donn\u00e9 de pr\u00e9cieuses recommandations : regarder Cindy dans les yeux, se toucher les mains pour faire oublier qu&rsquo;elle avait de l&rsquo;encre invisible dans la paume et soigner sa tenue sans en faire trop.<\/p>\n<p>                        The Power : qui est le dernier \u00e9limin\u00e9 avant la semaine de la finale ?<\/p>\n<p>Pour rappel, <b>M\u00e9lanie avait d&rsquo;abord mis Cindy comme premi\u00e8re cible<\/b>. Puis, pour \u00e9loigner les soup\u00e7ons qui se rapprochaient de plus en plus d&rsquo;elle, <b>elle a nomm\u00e9 son ami Maxence.<\/b> Pleine de remords, elle a remport\u00e9 le jeu du contre-pouvoir et d\u00e9cid\u00e9 de l&rsquo;immuniser sans nommer d&rsquo;autres joueurs. <b>Tout s&rsquo;est donc jou\u00e9 entre Cindy et M\u00e9lanie<\/b>. Si la premi\u00e8re a rapidement eu des soup\u00e7ons sur M\u00e9lanie, bien aid\u00e9e par <a href=\"https:\/\/www.programme-tv.net\/biographie\/25310-marquay-nathalie\/\" data-link-people=\"1ba63c5e-736b-46b4-8f50-0d731279d1d9\" rel=\"nofollow noopener\" target=\"_blank\">Nathalie Marquay<\/a>-Pernault, ses doutes se sont dissip\u00e9s apr\u00e8s la confrontation. Lors de la c\u00e9r\u00e9monie d&rsquo;\u00e9limination, Cindy a d&rsquo;abord appel\u00e9 Maxence, puis Sarah, Nathalie et Manon. Mais ensuite, Cindy a appel\u00e9 M\u00e9lanie, pour le plus grand soulagement de la power Player. \u00ab\u00a0Je suis d\u00e9go\u00fbt\u00e9e. J&rsquo;ai pr\u00e9f\u00e9r\u00e9 \u00e9couter Maxence plut\u00f4t que Nathalie. Je repense \u00e0 tous les moments o\u00f9 je savais que le rapprochement de Maxence et M\u00e9lanie allait me porter pr\u00e9judice et \u00e7a y est, c&rsquo;est arriv\u00e9\u00a0\u00bb, a d\u00e9plor\u00e9 Cindy. Si M\u00e9lanie a pr\u00e9sent\u00e9 ses excuses \u00e0 Cindy, elle a cependant peur que son ami Maxence ne lui tienne rigueur de son comportement. \u00ab\u00a0<b>C&rsquo;est franchement un monde qui s&rsquo;\u00e9croule pour moi.<\/b> Je perds mon bin\u00f4me, je l&rsquo;ai induit en erreur\u00a0\u00bb, a d&rsquo;ailleurs comment\u00e9<a href=\"https:\/\/www.programme-tv.net\/news\/tele-realite\/373713-elle-est-partie-voir-ailleurs-maxence-secret-story-detaille-les-raisons-de-sa-separation-avec-perrine\/\" data-api-deeplink=\"teleloisirs:\/\/news\/373713\" rel=\"nofollow noopener\" target=\"_blank\"> l&rsquo;ancien candidat de Secret Story<\/a>.<\/p>\n","protected":false},"excerpt":{"rendered":"Derni\u00e8re c\u00e9r\u00e9monie d&rsquo;\u00e9limination avant la grande finale de The Power ! Alors qui de Cindy ou de M\u00e9lanie&hellip;\n","protected":false},"author":2,"featured_media":162155,"comment_status":"","ping_status":"","sticky":false,"template":"","format":"standard","meta":{"footnotes":""},"categories":[1356],"tags":[5635,1111,244,58,59,1011,27,10865,3351,252,17046,5251,1364,9990,2395,9989],"class_list":{"0":"post-162154","1":"post","2":"type-post","3":"status-publish","4":"format-standard","5":"has-post-thumbnail","7":"category-television","8":"tag-6play","9":"tag-actu","10":"tag-commentaire","11":"tag-divertissement","12":"tag-entertainment","13":"tag-fr","14":"tag-france","15":"tag-mu00e9lanie-dedigama","16":"tag-nathalie-marquay","17":"tag-television","18":"tag-the-power-qui-a-le-pouvoir","19":"tag-tu00e9lu00e9-loisirs","20":"tag-tv","21":"tag-u00c9mission-de-tv","22":"tag-w9","23":"tag-wochit"},"share_on_mastodon":{"url":"https:\/\/pubeurope.com\/@fr\/114650799583393621","error":""},"_links":{"self":[{"href":"https:\/\/www.europesays.com\/fr\/wp-json\/wp\/v2\/posts\/162154","targetHints":{"allow":["GET"]}}],"collection":[{"href":"https:\/\/www.europesays.com\/fr\/wp-json\/wp\/v2\/posts"}],"about":[{"href":"https:\/\/www.europesays.com\/fr\/wp-json\/wp\/v2\/types\/post"}],"author":[{"embeddable":true,"href":"https:\/\/www.europesays.com\/fr\/wp-json\/wp\/v2\/users\/2"}],"replies":[{"embeddable":true,"href":"https:\/\/www.europesays.com\/fr\/wp-json\/wp\/v2\/comments?post=162154"}],"version-history":[{"count":0,"href":"https:\/\/www.europesays.com\/fr\/wp-json\/wp\/v2\/posts\/162154\/revisions"}],"wp:featuredmedia":[{"embeddable":true,"href":"https:\/\/www.europesays.com\/fr\/wp-json\/wp\/v2\/media\/162155"}],"wp:attachment":[{"href":"https:\/\/www.europesays.com\/fr\/wp-json\/wp\/v2\/media?parent=162154"}],"wp:term":[{"taxonomy":"category","embeddable":true,"href":"https:\/\/www.europesays.com\/fr\/wp-json\/wp\/v2\/categories?post=162154"},{"taxonomy":"post_tag","embeddable":true,"href":"https:\/\/www.europesays.com\/fr\/wp-json\/wp\/v2\/tags?post=162154"}],"curies":[{"name":"wp","href":"https:\/\/api.w.org\/{rel}","templated":true}]}}