{"id":162160,"date":"2025-06-09T01:28:11","date_gmt":"2025-06-09T01:28:11","guid":{"rendered":"https:\/\/www.europesays.com\/fr\/162160\/"},"modified":"2025-06-09T01:28:11","modified_gmt":"2025-06-09T01:28:11","slug":"cancer-du-poumon-les-non-fumeurs-sont-de-plus-en-plus-touches-en-particulier-les-jeunes-femmes-et-voici-pourquoi","status":"publish","type":"post","link":"https:\/\/www.europesays.com\/fr\/162160\/","title":{"rendered":"Cancer du poumon : les non-fumeurs sont de plus en plus touch\u00e9s, en particulier les jeunes femmes et voici pourquoi"},"content":{"rendered":"<p class=\"post-excerpt\">Les non-fumeurs sont de plus en plus nombreux \u00e0 d\u00e9velopper un cancer du poumon, en particulier les jeunes femmes. Une donn\u00e9e inqui\u00e9tante qui a pourtant une explication toute simple et contre laquelle il est difficile de lutter. On vous dit tout.<\/p>\n<p>Alors que le tabagisme est en net recul depuis plusieurs ann\u00e9es, une tendance paradoxale inqui\u00e8te les experts : <strong>de plus en plus de non-fumeurs d\u00e9veloppent un cancer du poumon.<\/strong> Longtemps consid\u00e9r\u00e9 comme la cons\u00e9quence quasi exclusive de la cigarette, <a href=\"https:\/\/www.aufeminin.com\/sante-femme\/cancer-du-poumon-ce-signe-sur-vos-doigts-que-les-oncologues-vous-supplient-de-surveiller-s4113803.html\" target=\"_blank\" rel=\"noopener\">ce type de cancer<\/a> change de visage. <\/p>\n<p data-start=\"378\" data-end=\"873\">\u00ab\u00a0Lorsque nous voyons des personnes de 30 ou 35 ans atteintes d\u2019un cancer du poumon, il s\u2019agit g\u00e9n\u00e9ralement de personnes qui n\u2019ont jamais fum\u00e9\u00a0\u00bb, alerte Andreas Wicki, oncologue \u00e0 l\u2019h\u00f4pital universitaire de Zurich, dans une interview accord\u00e9e \u00e0 la <a href=\"https:\/\/www.bbc.com\/future\/article\/20250605-the-mystery-rise-of-lung-cancer-in-non-smokers\" target=\"_blank\" rel=\"noopener\">BBC<\/a>. Cette \u00e9volution <a href=\"https:\/\/www.aufeminin.com\/news-societe\/non-fumeur-et-sportif-il-souffre-d-un-cancer-du-poumon-en-phase-terminale-a-45-ans-le-seul-signe-etait-dans-sa-jambe-s4114348.html\" target=\"_blank\" rel=\"noopener\">remet en question les id\u00e9es re\u00e7ues<\/a>. Selon le Centre international de recherche sur le cancer (Circ), entre<strong> 10 et 20 % des cas de cancer du poumon dans le monde concernent d\u00e9sormais des non-fumeurs.<\/strong> Une proportion en hausse !<\/p>\n<p> Les femmes plus sujettes \u00e0 souffrir d\u2019un cancer du poumon <\/p>\n<p data-start=\"875\" data-end=\"1366\">Parmi les nouveaux profils \u00e0 risque :<strong> les femmes, souvent jeunes,<\/strong> et sans ant\u00e9c\u00e9dents de tabagisme. Le type de tumeur le plus fr\u00e9quemment observ\u00e9 chez elles est<strong> l\u2019ad\u00e9nocarcinome<\/strong>, une forme de cancer qui se d\u00e9veloppe dans le mucus pulmonaire. Ce type particulier de tumeur est insidieux. En effet, il progresse lentement et sans sympt\u00f4mes \u00e9vidents, ce qui <a href=\"https:\/\/www.aufeminin.com\/sante-femme\/cancer-du-poumon-attention-a-ce-symptome-meconnu-chez-les-femmes-non-fumeuses-s4113518.html\" target=\"_blank\" rel=\"noopener\">retarde souvent le diagnostic<\/a>. R\u00e9sultat, la maladie est majoritairement d\u00e9tect\u00e9e \u00e0 un stade avanc\u00e9, avec des chances de traitement amoindries.<\/p>\n<p data-start=\"1368\" data-end=\"1919\">Cette hausse des cancers du poumon chez les non-fumeurs s\u2019explique par plusieurs facteurs. Le premier point\u00e9 du doigt est <strong>la pollution de l\u2019air,<\/strong> et plus pr\u00e9cis\u00e9ment les particules fines. Ces microparticules, issues notamment du trafic routier et des combustions industrielles, ont un impact sur les cellules pulmonaires. \u00ab\u00a0Notre \u00e9tude propose que les particules fines ne mutent pas directement l\u2019ADN, mais qu\u2019elles r\u00e9veillent les cellules mutantes dormantes dans les poumons\u00a0\u00bb, explique William Hill, chercheur au Francis Crick Institute de Londres.<\/p>\n<p><img loading=\"lazy\" itemprop=\"thumbnailUrl\" decoding=\"async\" class=\"aligncenter wp-image-2598944 img-responsive  size-large pinit-here\" src=\"https:\/\/www.europesays.com\/fr\/wp-content\/uploads\/2025\/06\/shutterstock_1109642915-1024x684.jpg\" alt=\"&lt;p&gt;Cancer du poumon : les non-fumeurs sont de plus en plus touch\u00e9s, en particulier les femmes et voici pourquoi&lt;\/p&gt;\" width=\"1024\" height=\"684\" data-pin-media=\"https:\/\/sf2.afcdn.com\/wp-content\/uploads\/aufeminin\/2025\/06\/shutterstock_1109642915-736x491.jpg\"\/> \u00a9   Vera Agency\/Shutterstock<\/p>\n<p> La pollution et la g\u00e9n\u00e9tique, deux causes point\u00e9es du doigts <\/p>\n<p data-start=\"1921\" data-end=\"2298\">Autre explication : <strong>la g\u00e9n\u00e9tique.<\/strong> Chez certains patients, les mutations responsables du cancer sont d\u00e9j\u00e0 pr\u00e9sentes dans l\u2019organisme. Le g\u00e8ne EGFR, en particulier, a \u00e9t\u00e9 identifi\u00e9 chez de nombreuses femmes asiatiques non-fumeuses atteintes de cancer du poumon. Cette d\u00e9couverte a permis de mettre au point des traitements cibl\u00e9s, am\u00e9liorant sensiblement la survie des malades.<\/p>\n<p data-start=\"2300\" data-end=\"2763\">Mais malgr\u00e9 ces avanc\u00e9es, le d\u00e9pistage reste largement orient\u00e9 vers les fumeurs. Une focalisation jug\u00e9e trop restrictive par de nombreux sp\u00e9cialistes. Le danger est de passer \u00e0 c\u00f4t\u00e9 de signaux d\u2019alerte chez les non-fumeurs, pourtant de plus en plus concern\u00e9s. Les experts appellent donc \u00e0 une refonte des politiques de sant\u00e9 publique. Il devient urgent d\u2019\u00e9largir les crit\u00e8res de d\u00e9pistage, pour prendre en compte l\u2019\u00e9volution des profils touch\u00e9s par la maladie. Le cancer du poumon ne se r\u00e9sume plus \u00e0 une cons\u00e9quence du tabac. Il est temps d\u2019adapter les r\u00e9ponses m\u00e9dicales et politiques \u00e0 cette nouvelle r\u00e9alit\u00e9.<\/p>\n","protected":false},"excerpt":{"rendered":"Les non-fumeurs sont de plus en plus nombreux \u00e0 d\u00e9velopper un cancer du poumon, en particulier les jeunes&hellip;\n","protected":false},"author":2,"featured_media":162161,"comment_status":"","ping_status":"","sticky":false,"template":"","format":"standard","meta":{"footnotes":""},"categories":[10],"tags":[8203,1011,27,72,71],"class_list":{"0":"post-162160","1":"post","2":"type-post","3":"status-publish","4":"format-standard","5":"has-post-thumbnail","7":"category-sante","8":"tag-cancer-du-poumon","9":"tag-fr","10":"tag-france","11":"tag-health","12":"tag-sante"},"share_on_mastodon":{"url":"https:\/\/pubeurope.com\/@fr\/114650815080360789","error":""},"_links":{"self":[{"href":"https:\/\/www.europesays.com\/fr\/wp-json\/wp\/v2\/posts\/162160","targetHints":{"allow":["GET"]}}],"collection":[{"href":"https:\/\/www.europesays.com\/fr\/wp-json\/wp\/v2\/posts"}],"about":[{"href":"https:\/\/www.europesays.com\/fr\/wp-json\/wp\/v2\/types\/post"}],"author":[{"embeddable":true,"href":"https:\/\/www.europesays.com\/fr\/wp-json\/wp\/v2\/users\/2"}],"replies":[{"embeddable":true,"href":"https:\/\/www.europesays.com\/fr\/wp-json\/wp\/v2\/comments?post=162160"}],"version-history":[{"count":0,"href":"https:\/\/www.europesays.com\/fr\/wp-json\/wp\/v2\/posts\/162160\/revisions"}],"wp:featuredmedia":[{"embeddable":true,"href":"https:\/\/www.europesays.com\/fr\/wp-json\/wp\/v2\/media\/162161"}],"wp:attachment":[{"href":"https:\/\/www.europesays.com\/fr\/wp-json\/wp\/v2\/media?parent=162160"}],"wp:term":[{"taxonomy":"category","embeddable":true,"href":"https:\/\/www.europesays.com\/fr\/wp-json\/wp\/v2\/categories?post=162160"},{"taxonomy":"post_tag","embeddable":true,"href":"https:\/\/www.europesays.com\/fr\/wp-json\/wp\/v2\/tags?post=162160"}],"curies":[{"name":"wp","href":"https:\/\/api.w.org\/{rel}","templated":true}]}}