{"id":162171,"date":"2025-06-09T01:34:14","date_gmt":"2025-06-09T01:34:14","guid":{"rendered":"https:\/\/www.europesays.com\/fr\/162171\/"},"modified":"2025-06-09T01:34:14","modified_gmt":"2025-06-09T01:34:14","slug":"un-motard-perd-le-controle-lors-dun-festival-de-motos-huit-blesses-dont-un-en-urgence-absolue","status":"publish","type":"post","link":"https:\/\/www.europesays.com\/fr\/162171\/","title":{"rendered":"un motard perd le contr\u00f4le lors d\u2019un festival de motos, huit bless\u00e9s dont un en urgence absolue"},"content":{"rendered":"<p>Les faits se sont d\u00e9roul\u00e9s vers 22h30 samedi soir, lors du Sou\u2019Papes Festival dans le Vaucluse. Une trentaine de participants, choqu\u00e9s, ont \u00e9t\u00e9 pris en charge par les secours.<\/p>\n<p class=\"fig-paragraph\">Un homme qui effectuait un spectacle lors d\u2019un festival de\u00a0<a href=\"http:\/\/www.lefigaro.fr\/faits-divers\/vallauris-la-fillette-fauchee-par-une-moto-est-decedee-20240901\" data-fig-type=\"NewsFlash\" data-gtm-custom-categorie=\"navigation\" data-gtm-custom-action=\"crossclick\" data-gtm-custom-label=\"Contextuel\" data-gtm-event=\"customEventSPE\" data-fig-domain=\"LEFIGARO\" target=\"_blank\" rel=\"noopener\">motos\u00a0<\/a>\u00e0\u00a0<a href=\"http:\/\/www.lefigaro.fr\/faits-divers\/avignon-deux-corps-calcines-retrouves-dans-un-campement-de-sdf-20250112\" data-fig-type=\"Article\" data-gtm-custom-categorie=\"navigation\" data-gtm-custom-action=\"crossclick\" data-gtm-custom-label=\"Contextuel\" data-gtm-event=\"customEventSPE\" data-fig-domain=\"LEFIGARO\" target=\"_blank\" rel=\"noopener\">Avignon\u00a0<\/a>(Vaucluse) a perdu le contr\u00f4le de son deux-roues qui a \u00e9t\u00e9 \u00e9ject\u00e9 dans le public, a appris Le Figaro aupr\u00e8s du parquet d\u2019Avignon, confirmant des informations du Dauphin\u00e9 Lib\u00e9r\u00e9. Au total, huit personnes ont \u00e9t\u00e9 bless\u00e9es et l\u2019une d\u2019elles se trouve en urgence absolue. Une trentaine de participants ont \u00e9galement \u00e9t\u00e9 pris en charge par les secours.<\/p>\n<p class=\"fig-paragraph\">L\u2019accident s\u2019est d\u00e9roul\u00e9 vers 22h30 au Sou\u2019Papes Festival, un \u00e9v\u00e8nement qui r\u00e9unit depuis 2023 les passionn\u00e9s de moto. Le festival, initialement pr\u00e9vu sur deux jours, n\u2019a pas ouvert ce dimanche \u00abpar respect pour les bless\u00e9s ainsi que leurs familles\u00bb, ont \u00e9crit les organisateurs sur leur site internet et sur les r\u00e9seaux.<\/p>\n<p class=\"fig-paragraph\">Le parquet d\u2019Avignon a ouvert une enqu\u00eate pour blessures involontaires. D\u2019apr\u00e8s les premiers \u00e9l\u00e9ments, rien ne permet d\u2019attester que le motard a d\u00e9lib\u00e9r\u00e9ment fonc\u00e9 dans la foule, indique le minist\u00e8re public. Des investigations sont en cours notamment \u00abpour comprendre les d\u00e9faillances de la moto\u00bb, pr\u00e9cise le parquet qui ajoute que le conducteur sera prochainement entendu par les enqu\u00eateurs.<\/p>\n<p>R\u00e9activit\u00e9 des secouristes<\/p>\n<p class=\"fig-paragraph\">Situ\u00e9 au Parc des Exposition d\u2019Avignon, le Sou\u2019Papes Festival propose sur place plusieurs animations et des concerts. L\u2019une des activit\u00e9s phare du festival, le \u00abshow stunt\u00bb\u00a0: une discipline qui consiste, pour les motards, \u00e0 r\u00e9aliser des figures et des cascades impliquant des man\u0153uvres acrobatiques du v\u00e9hicule.<\/p>\n<p class=\"fig-paragraph\">Plac\u00e9 en plein c\u0153ur du Parc des Expo, le spectacle avait ameut\u00e9 un bon nombre de personnes ce soir-l\u00e0. Le public, install\u00e9 autour du \u00abstunter\u00bb (le motard qui r\u00e9alise les figures NDLR), \u00e9tait prot\u00e9g\u00e9 par des barri\u00e8res de s\u00e9curit\u00e9 et des ballots de paille, nous explique Bryan, un participant venu assister au festival. Alors que le stunter effectuait une figure, \u00abla moto est partie dans le public\u00bb, d\u00e9taille encore Bryan. \u00abOn a eu tr\u00e8s peur\u00bb, confie-t-il.<\/p>\n<p class=\"fig-paragraph\">Selon ses dires, les victimes ont \u00e9t\u00e9 prises en charge \u00abtr\u00e8s rapidement\u00bb par les secouristes pr\u00e9sents sur place et les organisateurs. \u00abDeux secouristes en polo jaunes \u00e9taient \u00e0 quelques m\u00e8tres et ont saut\u00e9 du banc sur lequel ils \u00e9taient pour porter secours aux bless\u00e9s\u00bb, poursuit le jeune homme. \u00c0 la suite de l\u2019accident, le festival s\u2019est imm\u00e9diatement arr\u00eat\u00e9 mais beaucoup de participants \u00absont rest\u00e9s pour aider comme ils pouvaient\u00bb, assure le festivalier.<\/p>\n","protected":false},"excerpt":{"rendered":"Les faits se sont d\u00e9roul\u00e9s vers 22h30 samedi soir, lors du Sou\u2019Papes Festival dans le Vaucluse. Une trentaine&hellip;\n","protected":false},"author":2,"featured_media":162172,"comment_status":"","ping_status":"","sticky":false,"template":"","format":"standard","meta":{"footnotes":""},"categories":[4],"tags":[119,11,3694,271,2951,3695,3696,118,1011,27,2825,1253,303,12,1072,2694,25,2949],"class_list":{"0":"post-162171","1":"post","2":"type-post","3":"status-publish","4":"format-standard","5":"has-post-thumbnail","7":"category-france","8":"tag-accident","9":"tag-actualites","10":"tag-affaires","11":"tag-crime","12":"tag-criminalite","13":"tag-enquetes","14":"tag-evenements","15":"tag-faits-divers","16":"tag-fr","17":"tag-france","18":"tag-insecurite","19":"tag-islamisme","20":"tag-justice","21":"tag-news","22":"tag-police","23":"tag-proces","24":"tag-republique-francaise","25":"tag-violences"},"share_on_mastodon":{"url":"https:\/\/pubeurope.com\/@fr\/114650838805849349","error":""},"_links":{"self":[{"href":"https:\/\/www.europesays.com\/fr\/wp-json\/wp\/v2\/posts\/162171","targetHints":{"allow":["GET"]}}],"collection":[{"href":"https:\/\/www.europesays.com\/fr\/wp-json\/wp\/v2\/posts"}],"about":[{"href":"https:\/\/www.europesays.com\/fr\/wp-json\/wp\/v2\/types\/post"}],"author":[{"embeddable":true,"href":"https:\/\/www.europesays.com\/fr\/wp-json\/wp\/v2\/users\/2"}],"replies":[{"embeddable":true,"href":"https:\/\/www.europesays.com\/fr\/wp-json\/wp\/v2\/comments?post=162171"}],"version-history":[{"count":0,"href":"https:\/\/www.europesays.com\/fr\/wp-json\/wp\/v2\/posts\/162171\/revisions"}],"wp:featuredmedia":[{"embeddable":true,"href":"https:\/\/www.europesays.com\/fr\/wp-json\/wp\/v2\/media\/162172"}],"wp:attachment":[{"href":"https:\/\/www.europesays.com\/fr\/wp-json\/wp\/v2\/media?parent=162171"}],"wp:term":[{"taxonomy":"category","embeddable":true,"href":"https:\/\/www.europesays.com\/fr\/wp-json\/wp\/v2\/categories?post=162171"},{"taxonomy":"post_tag","embeddable":true,"href":"https:\/\/www.europesays.com\/fr\/wp-json\/wp\/v2\/tags?post=162171"}],"curies":[{"name":"wp","href":"https:\/\/api.w.org\/{rel}","templated":true}]}}